{"id":20826,"date":"2025-05-16T10:10:32","date_gmt":"2025-05-16T13:10:32","guid":{"rendered":"https:\/\/mussicom.com\/brasil-vira-cao-de-guarda-da-china-na-nova-ordem-global\/"},"modified":"2025-05-16T10:10:32","modified_gmt":"2025-05-16T13:10:32","slug":"brasil-vira-cao-de-guarda-da-china-na-nova-ordem-global","status":"publish","type":"post","link":"https:\/\/mussicom.com\/noticias\/brasil-vira-cao-de-guarda-da-china-na-nova-ordem-global\/","title":{"rendered":"Brasil vira c\u00e3o de guarda da China na nova ordem global"},"content":{"rendered":"<p> <br \/>\n<\/p>\n<div>\n<p class=\"postParagraph_post-paragraph-innerHtml__Q5vwc\">C\u00e9rbero, a criatura mitol\u00f3gica representada por um c\u00e3o de tr\u00eas cabe\u00e7as, \u00e9 o guardi\u00e3o dos port\u00f5es do inferno. Na nova ordem mundial, C\u00e9rbero tem muito mais de tr\u00eas cabe\u00e7as e um adestrador. O nome dele \u00e9 Xi Jinping. O uso da alegoria n\u00e3o \u00e9 para ofender ningu\u00e9m.<\/p>\n<p class=\"postParagraph_post-paragraph-innerHtml__Q5vwc\">A figura de C\u00e9rbero \u00e9 a melhor forma de mostrar como o l\u00edder chin\u00eas tem comandado l\u00edderes do tal Sul Global para atuar sob o seu comando contra um inimigo comum: a democracia.<\/p>\n<p class=\"postParagraph_post-paragraph-innerHtml__Q5vwc\">Cada um dos ditadores ou presidentes que se alinhou ao projeto geopol\u00edtico da China \u00e9, de certa forma, uma das cabe\u00e7as da criatura. Nicol\u00e1s Maduro (Venezuela), Miguel D\u00edaz-Canel (Cuba), Vladimir Putin (R\u00fassia), Ali Khamenei (Ir\u00e3) e, mais recentemente, Luiz In\u00e1cio Lula da Silva.<\/p>\n<p class=\"postParagraph_post-paragraph__juWZN\">Al\u00e9m da avers\u00e3o \u00e0 democracia, o que h\u00e1 em comum entre os membros desse eixo autocr\u00e1tico \u00e9 o antiamericanismo visceral. Essa, na realidade, \u00e9 a isca que atrai v\u00e1rios outros para a esfera da China.<\/p>\n<p class=\"postParagraph_post-paragraph__juWZN\">O caso do Brasil ilustra isso com perfei\u00e7\u00e3o. Sob Lula, o pa\u00eds passou de ator hesitante a participante ativo de uma frente informal, mas decididamente antag\u00f4nica \u00e0 ordem liderada pelos Estados Unidos e sustentada por valores ocidentais.<\/p>\n<p class=\"postParagraph_post-paragraph-innerHtml__Q5vwc\">A visita de Estado de Lula \u00e0 China nesta semana n\u00e3o foi apenas mais uma miss\u00e3o diplom\u00e1tica. Foi a consagra\u00e7\u00e3o de uma alian\u00e7a pol\u00edtica. Foram mais de 20 acordos assinados, a promessa de 27 bilh\u00f5es em investimentos e uma s\u00e9rie de declara\u00e7\u00f5es conjuntas que escancararam a sintonia ideol\u00f3gica entre os dois pa\u00edses. Lula declarou que a rela\u00e7\u00e3o com a China. Lula chegou a assumir que importar\u00e1 know-how chin\u00eas para o controle das redes sociais no Brasil.<\/p>\n<p class=\"postParagraph_post-paragraph__juWZN\">N\u00e3o se trata mais apenas de soja, min\u00e9rio de ferro ou swap cambial. J\u00e1 \u00e9 um alistamento. A ret\u00f3rica contra \u201ca supremacia de uma s\u00f3 moeda\u201d, no caso o d\u00f3lar, e contra a \u201chegemonia de um \u00fanico pa\u00eds\u201d, no caso os Estados Unidos.<\/p>\n<p class=\"postParagraph_post-paragraph__juWZN\">Se no passado o Brasil oscilava entre um discurso de n\u00e3o alinhamento e a pr\u00e1tica de buscar equil\u00edbrio entre Washington e Pequim, agora h\u00e1 clareza sobre sua inclina\u00e7\u00e3o.<\/p>\n<blockquote class=\"postQuote_post-quote-container__KXTpH\">\n<div class=\"postQuote_post-quote-content__wp4c4\">\n<p>A ret\u00f3rica de Lula, acompanhada da postura diplom\u00e1tica e dos acordos firmados, o colocou ao lado do bloco autorit\u00e1rio comandado por Xi<\/p>\n<\/div>\n<\/blockquote>\n<p class=\"postParagraph_post-paragraph-innerHtml__Q5vwc\">Lula escolheu caminhar de m\u00e3os dadas com figuras que personificam a nova onda autocr\u00e1tica global. Vladimir Putin, isolado no Ocidente, encontrou em Pequim e Bras\u00edlia respaldo diplom\u00e1tico e, mais importante, moral.\u00a0<\/p>\n<p class=\"postParagraph_post-paragraph__juWZN\">Nicol\u00e1s Maduro, cuja ditadura j\u00e1 destruiu a democracia venezuelana, \u00e9 tratado por Lula com defer\u00eancia fraternal. D\u00edaz-Canel, boneco de ventr\u00edloquo dos Castros, \u00e9 recebido como parceiro confi\u00e1vel. A teocracia do Ir\u00e3 \u00e9 anulada e legitimada no clube dos vil\u00f5es em que se transformou os Brics.<\/p>\n<p class=\"postParagraph_post-paragraph-innerHtml__Q5vwc\">Nanicos como Gustavo Petro, Daniel Ortega se juntam como parte dessa suposta frente progressista que n\u00e3o passa de uma alian\u00e7a que converge em dire\u00e7\u00e3o aos interesses chineses a um ambiente de opacidade democr\u00e1tica e legal.\u00a0<\/p>\n<p class=\"postParagraph_post-paragraph__juWZN\">Essa converg\u00eancia n\u00e3o \u00e9 casual. Todos esses l\u00edderes compartilham, ainda que com diferen\u00e7as de estilo e discurso, uma vis\u00e3o cr\u00edtica \u2014 quando n\u00e3o hostil \u2014 \u00e0 ordem liberal internacional, \u00e0s democracias representativas e \u00e0 economia de mercado baseada em regras. Xi Jinping, estrategista silencioso e paciente, atua como maestro desse novo concerto de pot\u00eancias liberais.<\/p>\n<p class=\"postParagraph_post-paragraph__juWZN\">Lula insiste que sua pol\u00edtica externa \u00e9 \u201cmultilateral\u201d e \u201cn\u00e3o alinhada\u201d. Mas os fatos desmentem a narrativa. A Declara\u00e7\u00e3o Conjunta entre Brasil e China sobre a guerra na Ucr\u00e2nia, por exemplo, adotou o vocabul\u00e1rio russo: \u201cpreocupa\u00e7\u00f5es leg\u00edtimas de seguran\u00e7a\u201d e \u201cdi\u00e1logo\u201d foram as palavras-chave, em detrimento da condena\u00e7\u00e3o \u00e0 invas\u00e3o de um pa\u00eds soberano.<\/p>\n<p class=\"postParagraph_post-paragraph-innerHtml__Q5vwc\">A proposta Brasil-China para um cessar-fogo \u2014 rapidamente rejeitada por Zelensky \u2014 soou, para muitos analistas internacionais, como uma tentativa de congelar o conflito nas condi\u00e7\u00f5es favor\u00e1veis a Putin.\u00a0<\/p>\n<p class=\"postParagraph_post-paragraph__juWZN\">A ret\u00f3rica de Lula sobre \u201cconvencer Putin a negociar\u201d caiu no vazio: seu governo jamais aplicou san\u00e7\u00f5es, jamais criticou diretamente a agress\u00e3o russa e, na pr\u00e1tica, vem trabalhando para legitimar Moscou como ator diplom\u00e1tico no Sul Global.<\/p>\n<p class=\"postParagraph_post-paragraph__juWZN\">O mesmo se aplica ao Ir\u00e3. O sil\u00eancio do governo brasileiro diante da brutal repress\u00e3o \u00e0s mulheres iranianas, das execu\u00e7\u00f5es p\u00fablicas e das a\u00e7\u00f5es desestabilizadoras em toda a regi\u00e3o do Oriente M\u00e9dio \u00e9 ensurdecedor. O Ir\u00e3, parceiro privilegiado da China, \u00e9 agora tamb\u00e9m tratado com defer\u00eancia pelo Itamaraty.<\/p>\n<p class=\"postParagraph_post-paragraph__juWZN\">Lula n\u00e3o precisa romper com Washington para se alinhar com Pequim. Sua estrat\u00e9gia \u00e9 mais sutil: ele simula neutralidade enquanto atua, de fato, como parte do eixo formado por China, R\u00fassia e seus sat\u00e9lites. Essa ambiguidade \u00e9 \u00fatil para manter as pontes comerciais com o Ocidente enquanto contribui para corroer suas bases normativas.<\/p>\n<p class=\"postParagraph_post-paragraph__juWZN\">\u00c9 uma l\u00f3gica similar \u00e0 da \u201cn\u00e3o ades\u00e3o\u201d formal \u00e0 Nova Rota da Seda, mas com total participa\u00e7\u00e3o em seus desdobramentos. O Brasil se tornou receptor preferencial de investimentos chineses em infraestrutura cr\u00edtica, de coopera\u00e7\u00e3o tecnol\u00f3gica em setores estrat\u00e9gicos e at\u00e9 de parcerias educacionais e midi\u00e1ticas \u2014 tudo sob a promessa de uma \u201cnova ordem multipolar\u201d.<\/p>\n<p class=\"postParagraph_post-paragraph__juWZN\">Multipolar, sim. Mas a servi\u00e7o de que valores? O multilateralismo de Lula parece mais preocupado em questionar a lideran\u00e7a americana do que em defender democracia, liberdade de imprensa ou direitos humanos.<\/p>\n<blockquote class=\"postQuote_post-quote-container__KXTpH\">\n<div class=\"postQuote_post-quote-content__wp4c4\">\n<p>Embora Lula use um discurso de suposta independ\u00eancia e altivez, ele se voluntariou a estar preso \u00e0 coleira do novo c\u00e3o de guarda da ordem global autorit\u00e1ria<\/p>\n<\/div>\n<\/blockquote>\n<p class=\"postParagraph_post-paragraph__juWZN\">Xi Jinping n\u00e3o precisa enviar tanques nem impor tratados \u2014 sua influ\u00eancia se materializa em investimentos, diplomacia paciente e uma narrativa sedutora de \u201crespeito ao Sul Global\u201d.<\/p>\n<p class=\"postParagraph_post-paragraph__juWZN\">Lula adora se apresentar como uma esp\u00e9cie de mediador universal, mas ele tem lado. O pior lado. O Brasil, outrora farol democr\u00e1tico da Am\u00e9rica Latina, agora caminha sob as sombras do drag\u00e3o chin\u00eas, do urso russo e dos fantasmas do autoritarismo. Pelas m\u00e3os de Lula, viramos guardi\u00f5es dos port\u00f5es do inferno.<\/p>\n<div class=\"postViewMore_post-view-more-container___5wai\" data-mrf-recirculation=\"Post - Veja tamb\u00e9m\">\n<p class=\"gp-styles-module-size-small-afeYRa gp-styles-module-font-family2-afeYRa gp-styles-module-color-secondary-afeYRa gp-styles-module-weight-bold-afeYRa\">VEJA TAMB\u00c9M:<\/p>\n<ul class=\"postViewMore_post-view-more-list__CU_CE\">\n<li class=\"postViewMore_post-view-more-item__2MzRb\"><span class=\"postViewMore_post-view-more-link-icon___stPC\"><svg xmlns=\"http:\/\/www.w3.org\/2000\/svg\" width=\"16\" height=\"16\" viewbox=\"0 0 16 16\"><rect width=\"16\" height=\"16\" fill=\"none\"\/><g transform=\"translate(3 3)\"><path d=\"M22.5,15l3.4,3.4-3.4,3.4\" transform=\"translate(-15.896 -11.793)\" fill=\"none\" stroke=\"#717171\" stroke-linecap=\"round\" stroke-width=\"1.4\"\/><path d=\"M6,6v4.2a2.452,2.452,0,0,0,2.5,2.4H16\" transform=\"translate(-6 -6)\" fill=\"none\" stroke=\"#717171\" stroke-linecap=\"round\" stroke-width=\"1.4\"\/><\/g><\/svg><\/span><span class=\"postViewMore_post-view-more-link-text__hO_kM\">A revolu\u00e7\u00e3o comunista do Lula<\/span><\/li>\n<li class=\"postViewMore_post-view-more-item__2MzRb\"><span class=\"postViewMore_post-view-more-link-icon___stPC\"><svg xmlns=\"http:\/\/www.w3.org\/2000\/svg\" width=\"16\" height=\"16\" viewbox=\"0 0 16 16\"><rect width=\"16\" height=\"16\" fill=\"none\"\/><g transform=\"translate(3 3)\"><path d=\"M22.5,15l3.4,3.4-3.4,3.4\" transform=\"translate(-15.896 -11.793)\" fill=\"none\" stroke=\"#717171\" stroke-linecap=\"round\" stroke-width=\"1.4\"\/><path d=\"M6,6v4.2a2.452,2.452,0,0,0,2.5,2.4H16\" transform=\"translate(-6 -6)\" fill=\"none\" stroke=\"#717171\" stroke-linecap=\"round\" stroke-width=\"1.4\"\/><\/g><\/svg><\/span><span class=\"postViewMore_post-view-more-link-text__hO_kM\">Rotas da submiss\u00e3o: o caminho para os interesses da China na Am\u00e9rica do Sul<\/span><\/li>\n<\/ul>\n<\/div>\n<\/div>\n<p><br \/>\n<br \/>Fonte: <a href=\"https:\/\/www.gazetadopovo.com.br\/vozes\/leonardo-coutinho\/brasil-vira-cao-de-guarda-da-china-na-nova-ordem-global\/\">Revista Oeste<\/a><\/p>\n","protected":false},"excerpt":{"rendered":"<p>C\u00e9rbero, a criatura mitol\u00f3gica representada por um c\u00e3o de tr\u00eas cabe\u00e7as, \u00e9 o guardi\u00e3o dos port\u00f5es do inferno. Na nova ordem mundial, C\u00e9rbero tem muito mais de tr\u00eas cabe\u00e7as e um adestrador. O nome dele \u00e9 Xi Jinping. O uso da alegoria n\u00e3o \u00e9 para ofender ningu\u00e9m. A figura de C\u00e9rbero \u00e9 a melhor forma [&hellip;]<\/p>\n","protected":false},"author":5,"featured_media":20827,"comment_status":"open","ping_status":"open","sticky":false,"template":"","format":"standard","meta":{"_seopress_robots_primary_cat":"","_seopress_titles_title":"","_seopress_titles_desc":"","_seopress_robots_index":"","footnotes":""},"categories":[1],"tags":[],"class_list":["post-20826","post","type-post","status-publish","format-standard","has-post-thumbnail","hentry","category-ultimas-noticias"],"_links":{"self":[{"href":"https:\/\/mussicom.com\/noticias\/wp-json\/wp\/v2\/posts\/20826","targetHints":{"allow":["GET"]}}],"collection":[{"href":"https:\/\/mussicom.com\/noticias\/wp-json\/wp\/v2\/posts"}],"about":[{"href":"https:\/\/mussicom.com\/noticias\/wp-json\/wp\/v2\/types\/post"}],"author":[{"embeddable":true,"href":"https:\/\/mussicom.com\/noticias\/wp-json\/wp\/v2\/users\/5"}],"replies":[{"embeddable":true,"href":"https:\/\/mussicom.com\/noticias\/wp-json\/wp\/v2\/comments?post=20826"}],"version-history":[{"count":0,"href":"https:\/\/mussicom.com\/noticias\/wp-json\/wp\/v2\/posts\/20826\/revisions"}],"wp:featuredmedia":[{"embeddable":true,"href":"https:\/\/mussicom.com\/noticias\/wp-json\/wp\/v2\/media\/20827"}],"wp:attachment":[{"href":"https:\/\/mussicom.com\/noticias\/wp-json\/wp\/v2\/media?parent=20826"}],"wp:term":[{"taxonomy":"category","embeddable":true,"href":"https:\/\/mussicom.com\/noticias\/wp-json\/wp\/v2\/categories?post=20826"},{"taxonomy":"post_tag","embeddable":true,"href":"https:\/\/mussicom.com\/noticias\/wp-json\/wp\/v2\/tags?post=20826"}],"curies":[{"name":"wp","href":"https:\/\/api.w.org\/{rel}","templated":true}]}}