{"id":20711,"date":"2025-05-15T21:49:48","date_gmt":"2025-05-16T00:49:48","guid":{"rendered":"https:\/\/mussicom.com\/tcu-nega-falta-de-monitoramento-em-fraude-do-inss\/"},"modified":"2025-05-15T21:49:48","modified_gmt":"2025-05-16T00:49:48","slug":"tcu-nega-falta-de-monitoramento-em-fraude-do-inss","status":"publish","type":"post","link":"https:\/\/mussicom.com\/noticias\/tcu-nega-falta-de-monitoramento-em-fraude-do-inss\/","title":{"rendered":"TCU nega falta de monitoramento em fraude do INSS"},"content":{"rendered":"<p> <br \/>\n<\/p>\n<div id=\"hd80s9wa1h892edh8192\">\n<p>O ministro Aroldo Cedraz, do <strong>Tribunal de Contas da Uni\u00e3o<\/strong> (TCU), disse que agiu com \u201cdilig\u00eancia\u201d ao analisar recursos de associa\u00e7\u00f5es que tentam suspender parte de um ac\u00f3rd\u00e3o de junho de 2024. Esse ac\u00f3rd\u00e3o previa medidas para coibir fraudes em descontos nos benef\u00edcios de aposentados e pensionistas do <strong>Instituto Nacional do Seguro Social (INSS)<\/strong>.<\/p>\n<p><strong>+ Leia mais not\u00edcias de Pol\u00edtica em Oeste<\/strong><\/p>\n<p>O tema provocou uma discuss\u00e3o intensa no plen\u00e1rio do TCU, na quarta-feira 7, entre os ministros Walton Alencar Rodrigues, decano da Corte de Contas, e Aroldo Cedraz, relator da mat\u00e9ria.<\/p>\n<figure class=\"wp-block-embed aligncenter is-type-video is-provider-youtube wp-block-embed-youtube wp-embed-aspect-16-9 wp-has-aspect-ratio\">\n<div class=\"wp-block-embed__wrapper\">\n<div class=\"perfmatters-lazy-youtube\" data-src=\"https:\/\/www.youtube.com\/embed\/fr8dkV0YTkE\" data-id=\"fr8dkV0YTkE\" data-query=\"feature=oembed\" onclick=\"perfmattersLazyLoadYouTube(this);\">\n<div><img fetchpriority=\"high\" decoding=\"async\" src=\"https:\/\/i.ytimg.com\/vi\/fr8dkV0YTkE\/hqdefault.jpg\" alt=\"YouTube video\" width=\"480\" height=\"360\" data-pin-nopin=\"true\" nopin=\"nopin\"\/><\/div>\n<\/div>\n<p><noscript><iframe title=\"TCU aponta irregularidades em contrato firmado pelo governo Lula para realiza\u00e7\u00e3o da COP30\" width=\"800\" height=\"450\" src=\"https:\/\/www.youtube.com\/embed\/fr8dkV0YTkE?feature=oembed\" frameborder=\"0\" allow=\"accelerometer; autoplay; clipboard-write; encrypted-media; gyroscope; picture-in-picture; web-share\" referrerpolicy=\"strict-origin-when-cross-origin\" allowfullscreen><\/iframe><\/noscript>\n<\/div>\n<\/figure>\n<p>Em junho de 2024, o TCU determinou que os novos descontos de associa\u00e7\u00f5es s\u00f3 poderiam ser feitos com assinatura eletr\u00f4nica avan\u00e7ada e biometria, ou se houvesse confirma\u00e7\u00e3o dos documentos exigidos pela norma vigente.<\/p>\n<p>Segundo Cedraz, o monitoramento segue em an\u00e1lise na Unidade de Auditoria Especializada em Previd\u00eancia, Assist\u00eancia e Trabalho (AudBenef\u00edcios). Ele ainda afirmou que espera levar atualiza\u00e7\u00f5es em breve para aprecia\u00e7\u00e3o do plen\u00e1rio.<\/p>\n<figure class=\"wp-block-image aligncenter size-full\"><img decoding=\"async\" width=\"1170\" height=\"700\" alt=\"Os ministros do TCU s\u00e3o equiparados aos ministros do Superior Tribunal de Justi\u00e7a (STJ) | Foto: TCU\/Reprodu\u00e7\u00e3o\" class=\"wp-image-1643520 perfmatters-lazy\" src=\"https:\/\/medias.revistaoeste.com\/wp-content\/uploads\/2024\/09\/tcu-agencia-brasil.webp\" srcset=\"https:\/\/medias.revistaoeste.com\/wp-content\/uploads\/2024\/09\/tcu-agencia-brasil.webp 1170w, https:\/\/medias.revistaoeste.com\/wp-content\/uploads\/2024\/09\/tcu-agencia-brasil-300x179.webp 300w, https:\/\/medias.revistaoeste.com\/wp-content\/uploads\/2024\/09\/tcu-agencia-brasil-150x90.webp 150w\" data-sizes=\"(max-width: 1170px) 100vw, 1170px\"\/><img decoding=\"async\" width=\"1170\" height=\"700\" src=\"https:\/\/medias.revistaoeste.com\/wp-content\/uploads\/2024\/09\/tcu-agencia-brasil.webp\" alt=\"Os ministros do TCU s\u00e3o equiparados aos ministros do Superior Tribunal de Justi\u00e7a (STJ) | Foto: TCU\/Reprodu\u00e7\u00e3o\" class=\"wp-image-1643520\" srcset=\"https:\/\/medias.revistaoeste.com\/wp-content\/uploads\/2024\/09\/tcu-agencia-brasil.webp 1170w, https:\/\/medias.revistaoeste.com\/wp-content\/uploads\/2024\/09\/tcu-agencia-brasil-300x179.webp 300w, https:\/\/medias.revistaoeste.com\/wp-content\/uploads\/2024\/09\/tcu-agencia-brasil-150x90.webp 150w\" sizes=\"(max-width: 1170px) 100vw, 1170px\"\/><figcaption class=\"wp-element-caption\">Os ministros do TCU s\u00e3o equiparados aos ministros do Superior Tribunal de Justi\u00e7a (STJ) | Foto: TCU\/Reprodu\u00e7\u00e3o<\/figcaption><\/figure>\n<p>\u201cO monitoramento segue em an\u00e1lise na AudBenef\u00edcios, em est\u00e1gio deveras avan\u00e7ado\u201d, disse Cedraz. \u201cQuanto ao m\u00e9rito, o plen\u00e1rio vem, em muito breve, trazer este monitoramento \u00e0 aprecia\u00e7\u00e3o.\u201d<\/p>\n<p><strong>Leia tamb\u00e9m: \u201cMorte cl\u00ednica em Bras\u00edlia\u201d, artigo de J. R. Guzzo publicado na Edi\u00e7\u00e3o 268 da Revista Oeste<\/strong><\/p>\n<\/p><\/div>\n<p><br \/>\n<br \/>Fonte: <a href=\"https:\/\/revistaoeste.com\/politica\/ministro-do-tribunal-de-contas-da-uniao-nega-falta-de-monitoramento-em-fraude-do-inss\/\">Ag\u00eancia Brasil<\/a><\/p>\n","protected":false},"excerpt":{"rendered":"<p>O ministro Aroldo Cedraz, do Tribunal de Contas da Uni\u00e3o (TCU), disse que agiu com \u201cdilig\u00eancia\u201d ao analisar recursos de associa\u00e7\u00f5es que tentam suspender parte de um ac\u00f3rd\u00e3o de junho de 2024. Esse ac\u00f3rd\u00e3o previa medidas para coibir fraudes em descontos nos benef\u00edcios de aposentados e pensionistas do Instituto Nacional do Seguro Social (INSS). + [&hellip;]<\/p>\n","protected":false},"author":5,"featured_media":20712,"comment_status":"open","ping_status":"open","sticky":false,"template":"","format":"standard","meta":{"_seopress_robots_primary_cat":"","_seopress_titles_title":"","_seopress_titles_desc":"","_seopress_robots_index":"","footnotes":""},"categories":[47,1],"tags":[],"class_list":["post-20711","post","type-post","status-publish","format-standard","has-post-thumbnail","hentry","category-politica","category-ultimas-noticias"],"_links":{"self":[{"href":"https:\/\/mussicom.com\/noticias\/wp-json\/wp\/v2\/posts\/20711","targetHints":{"allow":["GET"]}}],"collection":[{"href":"https:\/\/mussicom.com\/noticias\/wp-json\/wp\/v2\/posts"}],"about":[{"href":"https:\/\/mussicom.com\/noticias\/wp-json\/wp\/v2\/types\/post"}],"author":[{"embeddable":true,"href":"https:\/\/mussicom.com\/noticias\/wp-json\/wp\/v2\/users\/5"}],"replies":[{"embeddable":true,"href":"https:\/\/mussicom.com\/noticias\/wp-json\/wp\/v2\/comments?post=20711"}],"version-history":[{"count":0,"href":"https:\/\/mussicom.com\/noticias\/wp-json\/wp\/v2\/posts\/20711\/revisions"}],"wp:featuredmedia":[{"embeddable":true,"href":"https:\/\/mussicom.com\/noticias\/wp-json\/wp\/v2\/media\/20712"}],"wp:attachment":[{"href":"https:\/\/mussicom.com\/noticias\/wp-json\/wp\/v2\/media?parent=20711"}],"wp:term":[{"taxonomy":"category","embeddable":true,"href":"https:\/\/mussicom.com\/noticias\/wp-json\/wp\/v2\/categories?post=20711"},{"taxonomy":"post_tag","embeddable":true,"href":"https:\/\/mussicom.com\/noticias\/wp-json\/wp\/v2\/tags?post=20711"}],"curies":[{"name":"wp","href":"https:\/\/api.w.org\/{rel}","templated":true}]}}