{"id":20687,"date":"2025-05-15T20:12:40","date_gmt":"2025-05-15T23:12:40","guid":{"rendered":"https:\/\/mussicom.com\/cubatao-vai-a-brasilia-em-busca-da-modernizacao-dos-servicos-publicos\/"},"modified":"2025-05-15T20:12:40","modified_gmt":"2025-05-15T23:12:40","slug":"cubatao-vai-a-brasilia-em-busca-da-modernizacao-dos-servicos-publicos","status":"publish","type":"post","link":"https:\/\/mussicom.com\/noticias\/cubatao-vai-a-brasilia-em-busca-da-modernizacao-dos-servicos-publicos\/","title":{"rendered":"Cubat\u00e3o vai a Bras\u00edlia em busca da moderniza\u00e7\u00e3o dos servi\u00e7os p\u00fablicos"},"content":{"rendered":"<p> <br \/>\n<\/p>\n<div>\n<p><strong>Prefeito e vice est\u00e3o em Bras\u00edlia tratando de inova\u00e7\u00e3o e tecnologia na gest\u00e3o<\/strong><\/p>\n<p>\u201cA inova\u00e7\u00e3o no servi\u00e7o p\u00fablico hoje n\u00e3o \u00e9 uma op\u00e7\u00e3o. \u00c9 uma necessidade\u201d. A frase \u00e9 do prefeito C\u00e9sar Nascimento, que iniciou uma s\u00e9rie de reuni\u00f5es em Bras\u00edlia, capital Federal, para buscar avan\u00e7os e parcerias para a Cidade. A primeira agenda ocorreu nesta quarta-feira (14), no Minist\u00e9rio da Gest\u00e3o e da Inova\u00e7\u00e3o em Servi\u00e7os P\u00fablicos. Acompanhado pela vice-prefeita Andrea Castro, o chefe do Executivo cubatense se reuniu com Francisco Gaetani, Secret\u00e1rio Extraordin\u00e1rio para a Transforma\u00e7\u00e3o do Estado, e refer\u00eancia internacional em Administra\u00e7\u00e3o P\u00fablica.<\/p>\n<p>O objetivo foi firmar parcerias entre Munic\u00edpio e o Governo Federal em programas de inova\u00e7\u00e3o na gest\u00e3o da m\u00e1quina p\u00fablica, entre eles a ades\u00e3o ao Sistema Eletr\u00f4nico de Informa\u00e7\u00e3o, que atua na gest\u00e3o de documentos e processos administrativos eletr\u00f4nicos. \u201cPara podermos prestar o melhor servi\u00e7o para a popula\u00e7\u00e3o \u00e9 fundamental que a Prefeitura esteja conectada com a atualidade e as novas tecnologias. O mundo do papel, da burocracia, j\u00e1 ficou para tr\u00e1s. Nosso objetivo \u00e9 transformar Cubat\u00e3o em refer\u00eancia nacional em inova\u00e7\u00e3o. O cidad\u00e3o n\u00e3o vai mais enfrentar filas\u201d, explica C\u00e9sar Nascimento.<\/p>\n<p>Francisco Gaetani, por sua vez, ressaltou que o objetivo do Governo Federal \u00e9 auxiliar os Estados e Munic\u00edpios na desburocratiza\u00e7\u00e3o do acesso aos processos de compras, conv\u00eanios e parcerias entre os entes federativos. Gaetani ressaltou a import\u00e2ncia do treinamento e capacita\u00e7\u00e3o do funcionalismo p\u00fablico para esta nova era tecnol\u00f3gica.<\/p>\n<p>Ideia que \u00e9 apoiada pela vice Andr\u00e9a Castro, que vai conduzir o processo de coopera\u00e7\u00e3o nesta \u00e1rea junto ao Minist\u00e9rio da Gest\u00e3o e da Inova\u00e7\u00e3o em Servi\u00e7os P\u00fablicos. \u201cOs nossos servidores s\u00e3o a alma da administra\u00e7\u00e3o p\u00fablica e \u00e9 preciso que a nossa gest\u00e3o forne\u00e7a ferramentas e qualifica\u00e7\u00e3o para que todos continuem desempenhando o trabalho important\u00edssimo que fazem da melhor forma poss\u00edvel\u201d, concluiu Andrea.<\/p>\n<p>Tamb\u00e9m participaram do encontro Ellen Benedetti, gerente de projetos da Secretaria Extraordin\u00e1ria, e Marcos Quarterolli, secret\u00e1rio municipal de Obras.<\/p>\n<p>A agenda da comitiva cubatense continuou nesta quinta (15), com reuni\u00f5es nos Minist\u00e9rios dos Transportes e da Sa\u00fade, al\u00e9m da Ag\u00eancia Nacional de Transportes Terrestres (ANTT).<\/p>\n<\/div>\n<p><br \/>\n<br \/>Fonte: <a href=\"https:\/\/jornaldaorla.com.br\/noticias\/cubatao-vai-a-brasilia-em-busca-da-modernizacao-dos-servicos-publicos\/\">Jornal Da Orla<\/a><\/p>\n","protected":false},"excerpt":{"rendered":"<p>Prefeito e vice est\u00e3o em Bras\u00edlia tratando de inova\u00e7\u00e3o e tecnologia na gest\u00e3o \u201cA inova\u00e7\u00e3o no servi\u00e7o p\u00fablico hoje n\u00e3o \u00e9 uma op\u00e7\u00e3o. \u00c9 uma necessidade\u201d. A frase \u00e9 do prefeito C\u00e9sar Nascimento, que iniciou uma s\u00e9rie de reuni\u00f5es em Bras\u00edlia, capital Federal, para buscar avan\u00e7os e parcerias para a Cidade. A primeira agenda ocorreu [&hellip;]<\/p>\n","protected":false},"author":5,"featured_media":20688,"comment_status":"open","ping_status":"open","sticky":false,"template":"","format":"standard","meta":{"_seopress_robots_primary_cat":"","_seopress_titles_title":"","_seopress_titles_desc":"","_seopress_robots_index":"","footnotes":""},"categories":[52],"tags":[],"class_list":["post-20687","post","type-post","status-publish","format-standard","has-post-thumbnail","hentry","category-santoseregiao"],"_links":{"self":[{"href":"https:\/\/mussicom.com\/noticias\/wp-json\/wp\/v2\/posts\/20687","targetHints":{"allow":["GET"]}}],"collection":[{"href":"https:\/\/mussicom.com\/noticias\/wp-json\/wp\/v2\/posts"}],"about":[{"href":"https:\/\/mussicom.com\/noticias\/wp-json\/wp\/v2\/types\/post"}],"author":[{"embeddable":true,"href":"https:\/\/mussicom.com\/noticias\/wp-json\/wp\/v2\/users\/5"}],"replies":[{"embeddable":true,"href":"https:\/\/mussicom.com\/noticias\/wp-json\/wp\/v2\/comments?post=20687"}],"version-history":[{"count":0,"href":"https:\/\/mussicom.com\/noticias\/wp-json\/wp\/v2\/posts\/20687\/revisions"}],"wp:featuredmedia":[{"embeddable":true,"href":"https:\/\/mussicom.com\/noticias\/wp-json\/wp\/v2\/media\/20688"}],"wp:attachment":[{"href":"https:\/\/mussicom.com\/noticias\/wp-json\/wp\/v2\/media?parent=20687"}],"wp:term":[{"taxonomy":"category","embeddable":true,"href":"https:\/\/mussicom.com\/noticias\/wp-json\/wp\/v2\/categories?post=20687"},{"taxonomy":"post_tag","embeddable":true,"href":"https:\/\/mussicom.com\/noticias\/wp-json\/wp\/v2\/tags?post=20687"}],"curies":[{"name":"wp","href":"https:\/\/api.w.org\/{rel}","templated":true}]}}