{"id":20610,"date":"2025-05-15T13:09:48","date_gmt":"2025-05-15T16:09:48","guid":{"rendered":"https:\/\/mussicom.com\/andy-bell-sera-o-baixista-do-oasis-em-turne-de-reuniao\/"},"modified":"2025-05-15T13:09:48","modified_gmt":"2025-05-15T16:09:48","slug":"andy-bell-sera-o-baixista-do-oasis-em-turne-de-reuniao","status":"publish","type":"post","link":"https:\/\/mussicom.com\/noticias\/andy-bell-sera-o-baixista-do-oasis-em-turne-de-reuniao\/","title":{"rendered":"Andy Bell ser\u00e1 o baixista do Oasis em turn\u00ea de reuni\u00e3o"},"content":{"rendered":"<p> <br \/>\n<\/p>\n<div>\n<p>Agora sabemos ao menos um integrante da forma\u00e7\u00e3o que acompanhar\u00e1 <strong>Liam<\/strong>\u00a0e\u00a0<strong>Noel Gallagher<\/strong>\u00a0na reuni\u00e3o do\u00a0<strong>Oasis<\/strong>. O baixista\u00a0<strong>Andy Bell<\/strong> afirmou em entrevista que estar\u00e1 com os irm\u00e3os na pr\u00f3xima turn\u00ea.<\/p>\n<p>Presente no grupo de 1999 at\u00e9 a dissolu\u00e7\u00e3o em 2009,\u00a0Bell tamb\u00e9m trabalhou com Liam no <strong>Beady Eye<\/strong>. A novidade foi revelada ao jornal austr\u00edaco Oe24\u00a0(via\u00a0NME).<\/p>\n<p>Como esperado, n\u00e3o h\u00e1 outras informa\u00e7\u00f5es sobre os demais m\u00fasicos. Ele afirmou:<\/p>\n<blockquote class=\"citacao\"><p><em>\u201cEstou dentro e realmente ansioso por isso. Nos veremos na turn\u00ea. Ou melhor, voc\u00eas me ver\u00e3o \u2013 mal conseguirei ver voc\u00eas na plateia.\u201d<\/em><\/p><\/blockquote>\n<p>A confirma\u00e7\u00e3o vai ao encontro de uma apura\u00e7\u00e3o feita pelo <em>NME<\/em> a respeito dos m\u00fasicos envolvidos. De acordo com o ve\u00edculo, al\u00e9m de Bell, estariam presentes:<\/p>\n<ul>\n<li><strong>Paul \u201cBonehead\u201d Arthurs<\/strong>, guitarrista da forma\u00e7\u00e3o original e presente at\u00e9 1999;<\/li>\n<li><strong>Gem Archer<\/strong>, guitarrista que entrou justamente na vaga de Bonehead e ficou de 1999 at\u00e9 o fim;<\/li>\n<li><strong>Joey Waronker<\/strong>, baterista que nunca trabalhou com o Oasis, mas tocou com <strong>Beck<\/strong>,\u00a0<strong>R.E.M.<\/strong>,\u00a0<strong>Elliott Smith<\/strong>,\u00a0<strong>Roger Waters<\/strong>, entre outros.<\/li>\n<\/ul>\n<h3>Volta, mas despedida?<\/h3>\n<p>A reuni\u00e3o do <strong>Oasis<\/strong> ficar\u00e1 restrita \u00e0 turn\u00ea mundial, com shows em diversos pa\u00edses, incluindo o Brasil, e n\u00e3o ter\u00e1 um novo \u00e1lbum de est\u00fadio. Quem garante \u00e9 <strong>Alex McKinlay<\/strong>, empres\u00e1rio da banda.<\/p>\n<p>Em entrevista \u00e0 <em>Music Week<\/em>, o executivo afirmou que o foco s\u00e3o as apresenta\u00e7\u00f5es ao vivo e que os irm\u00e3os <strong>Liam Gallagher<\/strong> e <strong>Noel Gallagher<\/strong> n\u00e3o t\u00eam planos de entrar em est\u00fadio. Ainda afirmou que a turn\u00ea de reuni\u00e3o ser\u00e1 a \u00faltima.<\/p>\n<blockquote class=\"citacao\"><p><em>\u201cEsta \u00e9 a \u00faltima vez (reuni\u00e3o), como Noel deixou claro na imprensa. \u00c9 uma chance para os f\u00e3s que ainda n\u00e3o viram a banda v\u00ea-los, ou pelo menos para alguns deles. Mas n\u00e3o, n\u00e3o h\u00e1 planos para nenhuma m\u00fasica nova.\u201d<\/em><\/p><\/blockquote>\n<figure class=\"image\"><figcaption>Oasis &#8211; Foto: Morena Brengola \/ Getty Images<\/figcaption><\/figure>\n<p>Alex McKinlay conta que o staff da banda ficou impressionado com a recep\u00e7\u00e3o que a turn\u00ea de reuni\u00e3o teve, para al\u00e9m da Inglaterra e da Europa. O grupo tocar\u00e1 na \u00c1sia e nas Am\u00e9ricas do Norte e Sul.<\/p>\n<blockquote class=\"citacao\"><p><em>\u201cProvavelmente a maior e mais agrad\u00e1vel surpresa do an\u00fancio da reuni\u00e3o \u00e9 o qu\u00e3o grande ela foi internacionalmente. Honestamente, sab\u00edamos que seria grande aqui (Europa), e isso n\u00e3o exige muita intui\u00e7\u00e3o. Mas olhando para fora do Reino Unido, sab\u00edamos que eles tinham uma forte base de f\u00e3s, fizemos todas as estat\u00edsticas. Est\u00e1vamos bastante cautelosos sobre o que isso significaria em termos de pessoas realmente comprando ingressos, mas ficamos impressionados com o qu\u00e3o grande foi\u2026 A demanda superou em muito as nossas expectativas.\u201d<\/em><\/p><\/blockquote>\n<h2 class=\"wp-block-heading\">Turn\u00ea de reuni\u00e3o do Oasis<\/h2>\n<p>A turn\u00ea de reuni\u00e3o do Oasis come\u00e7a em 4 de julho na cidade de Cardiff, no Pa\u00eds de Gales. A banda passar\u00e1 depois por pa\u00edses como Inglaterra, Esc\u00f3cia, Irlanda, Canad\u00e1, Estados Unidos, M\u00e9xico, Jap\u00e3o e Austr\u00e1lia, dentre outros.<\/p>\n<p>Em novembro, os irm\u00e3os Gallagher desembarcam na Am\u00e9rica do Sul. No Brasil, eles tocar\u00e3o duas vezes em S\u00e3o Paulo, nos dias 22\/11 e 23\/11, no Morumbis.<\/p>\n<p><strong>+++ LEIA MAIS: A dura opini\u00e3o dos irm\u00e3os Gallagher sobre \u201cWonderwall\u201d, do Oasis<\/strong><br \/><strong>+++ LEIA MAIS: O melhor disco do Pink Floyd segundo Noel Gallagher \u2014 para a f\u00faria de David Gilmour<\/strong><br \/><strong>+++ LEIA MAIS: <\/strong><strong>A nova e surpreendente treta entre Liam Gallagher e baixista do Sex Pistols<\/strong><br \/><strong>+++ Siga a Rolling Stone Brasil @rollingstonebrasil no Instagram<br \/>+++ Siga o jornalista Igor Miranda @igormirandasite no Instagram<br \/><\/strong><\/p>\n<\/div>\n<p><script async src=\"\/\/www.instagram.com\/embed.js\"><\/script><br \/>\n<br \/><br \/>\n<br \/>Fonte: <a href=\"https:\/\/rollingstone.com.br\/musica\/andy-bell-sera-o-baixista-do-oasis-em-turne-de-reuniao\/\">rollingstone.com.br<\/a><\/p>\n","protected":false},"excerpt":{"rendered":"<p>Agora sabemos ao menos um integrante da forma\u00e7\u00e3o que acompanhar\u00e1 Liam\u00a0e\u00a0Noel Gallagher\u00a0na reuni\u00e3o do\u00a0Oasis. O baixista\u00a0Andy Bell afirmou em entrevista que estar\u00e1 com os irm\u00e3os na pr\u00f3xima turn\u00ea. Presente no grupo de 1999 at\u00e9 a dissolu\u00e7\u00e3o em 2009,\u00a0Bell tamb\u00e9m trabalhou com Liam no Beady Eye. A novidade foi revelada ao jornal austr\u00edaco Oe24\u00a0(via\u00a0NME). Como esperado, [&hellip;]<\/p>\n","protected":false},"author":5,"featured_media":20611,"comment_status":"open","ping_status":"open","sticky":false,"template":"","format":"standard","meta":{"_seopress_robots_primary_cat":"","_seopress_titles_title":"","_seopress_titles_desc":"","_seopress_robots_index":"","footnotes":""},"categories":[51],"tags":[],"class_list":["post-20610","post","type-post","status-publish","format-standard","has-post-thumbnail","hentry","category-musica"],"_links":{"self":[{"href":"https:\/\/mussicom.com\/noticias\/wp-json\/wp\/v2\/posts\/20610","targetHints":{"allow":["GET"]}}],"collection":[{"href":"https:\/\/mussicom.com\/noticias\/wp-json\/wp\/v2\/posts"}],"about":[{"href":"https:\/\/mussicom.com\/noticias\/wp-json\/wp\/v2\/types\/post"}],"author":[{"embeddable":true,"href":"https:\/\/mussicom.com\/noticias\/wp-json\/wp\/v2\/users\/5"}],"replies":[{"embeddable":true,"href":"https:\/\/mussicom.com\/noticias\/wp-json\/wp\/v2\/comments?post=20610"}],"version-history":[{"count":0,"href":"https:\/\/mussicom.com\/noticias\/wp-json\/wp\/v2\/posts\/20610\/revisions"}],"wp:featuredmedia":[{"embeddable":true,"href":"https:\/\/mussicom.com\/noticias\/wp-json\/wp\/v2\/media\/20611"}],"wp:attachment":[{"href":"https:\/\/mussicom.com\/noticias\/wp-json\/wp\/v2\/media?parent=20610"}],"wp:term":[{"taxonomy":"category","embeddable":true,"href":"https:\/\/mussicom.com\/noticias\/wp-json\/wp\/v2\/categories?post=20610"},{"taxonomy":"post_tag","embeddable":true,"href":"https:\/\/mussicom.com\/noticias\/wp-json\/wp\/v2\/tags?post=20610"}],"curies":[{"name":"wp","href":"https:\/\/api.w.org\/{rel}","templated":true}]}}