{"id":20599,"date":"2025-05-15T12:19:49","date_gmt":"2025-05-15T15:19:49","guid":{"rendered":"https:\/\/mussicom.com\/santos-abre-vacinacao-contra-a-gripe-para-toda-a-populacao-2\/"},"modified":"2025-05-15T12:19:49","modified_gmt":"2025-05-15T15:19:49","slug":"santos-abre-vacinacao-contra-a-gripe-para-toda-a-populacao-2","status":"publish","type":"post","link":"https:\/\/mussicom.com\/noticias\/santos-abre-vacinacao-contra-a-gripe-para-toda-a-populacao-2\/","title":{"rendered":"Santos abre vacina\u00e7\u00e3o contra a gripe para toda a popula\u00e7\u00e3o"},"content":{"rendered":"<p> <br \/>\n<\/p>\n<div id=\"texto\">\n<p>A partir desta quinta-feira (15), Santos amplia a campanha de vacina\u00e7\u00e3o contra a gripe para pessoas de todas as idades, a partir dos 6 meses de vida. Al\u00e9m de estar dispon\u00edvel em todas as policl\u00ednicas, das 9h \u00e0s 16h, a Cidade ter\u00e1 um posto extra de vacina\u00e7\u00e3o no Sal\u00e3o de M\u00e1rmore do Est\u00e1dio Urbano Caldeira (Rua Princesa Isabel s\/n\u00ba, Vila Belmiro \u2013 entrada pelo Port\u00e3o 9), casa do Santos Futebol Clube, para incentivo neste primeiro dia de abertura aos p\u00fablicos.\u00a0<\/p>\n<p>\u00a0<\/p>\n<p>A Secretaria de Sa\u00fade orienta que as pessoas procurem os postos preferencialmente no per\u00edodo da tarde, quando h\u00e1 uma demanda menor por vacina\u00e7\u00e3o. As unidades Martins Fontes (Rua Luiza Macuco, 40) e Embar\u00e9 (Pra\u00e7a Coronel Fernando Prestes s\/n\u00ba) est\u00e3o com a sala de vacina em manuten\u00e7\u00e3o e, por esse motivo, n\u00e3o v\u00e3o oferecer o servi\u00e7o.<\/p>\n<p>\u00a0<\/p>\n<p>Segundo o secret\u00e1rio de Sa\u00fade de Santos, F\u00e1bio Lopez, o outono trouxe diminui\u00e7\u00e3o na temperatura e menor umidade no ar. O ressecamento das mucosas favorece o aparecimento de infec\u00e7\u00f5es do trato respirat\u00f3rio, dentre elas a gripe.\u00a0 &#8220;J\u00e1 estamos percebendo mais casos de s\u00edndromes respirat\u00f3rias na Cidade e queremos proteger os santistas para o inverno, quando as pessoas tendem a permanecer por mais tempo em ambiente fechado&#8221;.<\/p>\n<p>Santos j\u00e1 aplicou mais de 48 mil doses desde o in\u00edcio da campanha, com m\u00e9dia de 1,8 mil aplica\u00e7\u00f5es por dia. A vacina contra a gripe tamb\u00e9m passar\u00e1 a ser aplicada em todos os p\u00fablicos nas escolas (estudantes, funcion\u00e1rios, e eventualmente aos pais que se interessarem).<\/p>\n<p>Lembrando que quem tomou a vacina da gripe no ano passado deve tomar novamente, pois se trata de uma vacina atualizada de acordo com as muta\u00e7\u00f5es dos v\u00edrus Influenza que mais circulam. A vacina \u00e9 trivalente, ou seja, protege contra tr\u00eas cepas do v\u00edrus Influenza: Influenza A H1N1, Influenza A H3N2 e Influenza B.<\/p>\n<p>\u00a0<\/p>\n<p><strong>DOCUMENTOS<\/strong><\/p>\n<p>Para ser vacinado, \u00e9 necess\u00e1rio apresentar documento com foto e comprovante de resid\u00eancia em Santos.<\/p>\n<p>\u00a0<\/p>\n<p><strong>ONDE IR<\/strong><\/p>\n<p>SOMENTE NESTA QUINTA-FEIRA (15)<\/p>\n<p>Sal\u00e3o de M\u00e1rmore do est\u00e1dio Urbano Caldeira (Rua Princesa Isabel s\/n\u00ba &#8211; Vila Belmiro \u2013 entrada pelo Port\u00e3o 9)<\/p>\n<p>\u00a0<\/p>\n<p>\u00a0<\/p>\n<p>\u00a0<\/p>\n<p>NESTA QUINTA-FEIRA (15) E DEMAIS DIAS<\/p>\n<p>ORLA<\/p>\n<p>Policl\u00ednica Aparecida (Av. Pedro Lessa, 1.728)<\/p>\n<p>Policl\u00ednica Campo Grande (Rua Carvalho de Mendon\u00e7a, 607)<\/p>\n<p>Policl\u00ednica Estu\u00e1rio (Avenida Afonso Pena, 541)<\/p>\n<p>Policl\u00ednica Gonzaga (Rua Assis Correia, 17)<\/p>\n<p>Policl\u00ednica Pomp\u00e9ia\/Jos\u00e9 Menino (Rua Cear\u00e1, 11)<\/p>\n<p>Policl\u00ednica Ponta da Praia (Pra\u00e7a Primeiro de Maio s\/n\u00ba)<\/p>\n<p>ZONA NOROESTE<\/p>\n<p>Policl\u00ednica Alemoa (Rua Afonsina Proost de Souza s\/n\u00ba)<\/p>\n<p>Policl\u00ednica Areia Branca (Rua Francisco Louren\u00e7o Gomes, 118)<\/p>\n<p>Policl\u00ednica Bom Retiro (Rua Jo\u00e3o Fraccaroli s\/n\u00ba)<\/p>\n<p>Policl\u00ednica Caneleira (Rua Adriano de Campos Tourinho, 705)<\/p>\n<p>Policl\u00ednica Castelo (Rua Francisco de Barros Melo, 184)<\/p>\n<p>Policl\u00ednica Piratininga (Pra\u00e7a Jo\u00e3o de Moraes Chaves s\/n\u00ba)<\/p>\n<p>Policl\u00ednica R\u00e1dio Clube (Av. Hugo Maia s\/n\u00ba)<\/p>\n<p>Policl\u00ednica Santa Maria \/ S\u00e3o Jorge (Rua Maestro Ant\u00f4nio Garofalo, 682)<\/p>\n<p>Policl\u00ednica S\u00e3o Manoel (Pra\u00e7a Nicolau Geraigire s\/n\u00ba)<\/p>\n<p>Policl\u00ednica Vila Gilda (Avenida Brigadeiro Faria Lima, 1281)<\/p>\n<p>\u00a0<\/p>\n<p>REGI\u00c3O CENTRAL<\/p>\n<p>Policl\u00ednica Conselheiro N\u00e9bias (Av. Conselheiro N\u00e9bias, 457)<\/p>\n<p>Policl\u00ednica Vila Mathias (Rua Xavier Pinheiro, 284)<\/p>\n<p>Policl\u00ednica Vila Nova (Pra\u00e7a Iguatemi Martins s\/n\u00ba)<\/p>\n<p>\u00a0<\/p>\n<p>MORROS<\/p>\n<p>Policl\u00ednica Jabaquara (Rua Vasco da Gama, 32)<\/p>\n<p>Policl\u00ednica Marap\u00e9 (Rua S\u00e3o Judas Tadeu, 115)<\/p>\n<p>Policl\u00ednica Monte Serrat (Pra\u00e7a Correia de Melo s\/n\u00ba)<\/p>\n<p>Policl\u00ednica Morro Jos\u00e9 Menino (Rua Doutor Carlos Alberto Curado, 77A)<\/p>\n<p>Policl\u00ednica Nova Cintra (Rua Jos\u00e9 Oz\u00e9as Barbosa s\/n\u00ba)<\/p>\n<p>Policl\u00ednica Penha (Rua Tr\u00eas, 150)<\/p>\n<p>Policl\u00ednica Santa Maria (Rua 10 s\/n\u00ba)<\/p>\n<p>Policl\u00ednica S\u00e3o Bento (Rua das Pedras s\/n\u00ba)<\/p>\n<p>Policl\u00ednica Valongo (Rua Prof. Maria Neusa Cunha s\/n\u00ba, Sabo\u00f3)<\/p>\n<p>Policl\u00ednica Vila Progresso (Rua Tr\u00eas, casas 1 e 2)<\/p>\n<p>\u00a0<\/p>\n<p>\u00c1REA CONTINENTAL<\/p>\n<p>Policl\u00ednica Monte Cabr\u00e3o (Av. Principal s\/n\u00ba)<\/p>\n<p>Policl\u00ednica do Caruara (Rua Andrade Soares s\/n\u00ba)<\/p>\n<p>\u00a0<\/p>\n<\/p><\/div>\n<p><script async defer crossorigin=\"anonymous\" src=\"https:\/\/connect.facebook.net\/pt_BR\/sdk.js#xfbml=1&#038;version=v12.0&#038;appId=&#038;autoLogAppEvents=1\" nonce=\"ou0fI1lo\"><\/script><br \/>\n<br \/><br \/>\n<br \/>Fonte: <a href=\"https:\/\/www.bs9.com.br\/litoral\/santos-abre-vacinacao-contra-a-gripe-para-toda-a-populacao\/31724\/\">BS9<\/a><\/p>\n","protected":false},"excerpt":{"rendered":"<p>A partir desta quinta-feira (15), Santos amplia a campanha de vacina\u00e7\u00e3o contra a gripe para pessoas de todas as idades, a partir dos 6 meses de vida. Al\u00e9m de estar dispon\u00edvel em todas as policl\u00ednicas, das 9h \u00e0s 16h, a Cidade ter\u00e1 um posto extra de vacina\u00e7\u00e3o no Sal\u00e3o de M\u00e1rmore do Est\u00e1dio Urbano Caldeira [&hellip;]<\/p>\n","protected":false},"author":5,"featured_media":20600,"comment_status":"open","ping_status":"open","sticky":false,"template":"","format":"standard","meta":{"_seopress_robots_primary_cat":"","_seopress_titles_title":"","_seopress_titles_desc":"","_seopress_robots_index":"","footnotes":""},"categories":[52],"tags":[],"class_list":["post-20599","post","type-post","status-publish","format-standard","has-post-thumbnail","hentry","category-santoseregiao"],"_links":{"self":[{"href":"https:\/\/mussicom.com\/noticias\/wp-json\/wp\/v2\/posts\/20599","targetHints":{"allow":["GET"]}}],"collection":[{"href":"https:\/\/mussicom.com\/noticias\/wp-json\/wp\/v2\/posts"}],"about":[{"href":"https:\/\/mussicom.com\/noticias\/wp-json\/wp\/v2\/types\/post"}],"author":[{"embeddable":true,"href":"https:\/\/mussicom.com\/noticias\/wp-json\/wp\/v2\/users\/5"}],"replies":[{"embeddable":true,"href":"https:\/\/mussicom.com\/noticias\/wp-json\/wp\/v2\/comments?post=20599"}],"version-history":[{"count":0,"href":"https:\/\/mussicom.com\/noticias\/wp-json\/wp\/v2\/posts\/20599\/revisions"}],"wp:featuredmedia":[{"embeddable":true,"href":"https:\/\/mussicom.com\/noticias\/wp-json\/wp\/v2\/media\/20600"}],"wp:attachment":[{"href":"https:\/\/mussicom.com\/noticias\/wp-json\/wp\/v2\/media?parent=20599"}],"wp:term":[{"taxonomy":"category","embeddable":true,"href":"https:\/\/mussicom.com\/noticias\/wp-json\/wp\/v2\/categories?post=20599"},{"taxonomy":"post_tag","embeddable":true,"href":"https:\/\/mussicom.com\/noticias\/wp-json\/wp\/v2\/tags?post=20599"}],"curies":[{"name":"wp","href":"https:\/\/api.w.org\/{rel}","templated":true}]}}