{"id":20578,"date":"2025-05-15T10:39:59","date_gmt":"2025-05-15T13:39:59","guid":{"rendered":"https:\/\/mussicom.com\/servidor-denunciou-desvios-ilegais-a-policia-do-df-em-2020\/"},"modified":"2025-05-15T10:39:59","modified_gmt":"2025-05-15T13:39:59","slug":"servidor-denunciou-desvios-ilegais-a-policia-do-df-em-2020","status":"publish","type":"post","link":"https:\/\/mussicom.com\/noticias\/servidor-denunciou-desvios-ilegais-a-policia-do-df-em-2020\/","title":{"rendered":"servidor denunciou desvios ilegais \u00e0 pol\u00edcia do DF em 2020"},"content":{"rendered":"<p> <br \/>\n<\/p>\n<div id=\"hd80s9wa1h892edh8192\">\n<p>Em 2020, um servidor do Instituto Nacional do Seguro Social (INSS) denunciou \u00e0 pol\u00edcia do Distrito Federal desvios ilegais em benef\u00edcios de aposentados e pensionistas. Ele, que preferiu anonimato por temer repres\u00e1lias, relatou ter recebido amea\u00e7as de morte depois de identificar as irregularidades. A informa\u00e7\u00e3o \u00e9 da TV Globo.<\/p>\n<p><strong>+ Leia mais not\u00edcias de Pol\u00edtica em Oeste<\/strong><\/p>\n<p>O funcion\u00e1rio, que atuava na an\u00e1lise dos descontos, percebeu anomalias e decidiu notificar as autoridades. A den\u00fancia feita em setembro de 2020 levou \u00e0 abertura de uma investiga\u00e7\u00e3o pela Pol\u00edcia Federal, conclu\u00edda em 2024 sem indiciamentos. <\/p>\n<p>\u201cNa \u00e9poca que a Diretoria de Benef\u00edcios estava cortando ali os ACTs [<em>Acordos de Coopera\u00e7\u00e3o T\u00e9cnica<\/em>], eu estava fazendo uma auditoria em cima deles, alguns servidores receberam amea\u00e7as\u201d, afirmou o servidor. \u201cIsso foi falado l\u00e1 dentro.\u201d<\/p>\n<h2 class=\"wp-block-heading\">Investiga\u00e7\u00f5es paralelas e irregularidades no INSS<\/h2>\n<figure class=\"wp-block-image aligncenter size-full\"><picture><source data-srcset=\"https:\/\/medias.revistaoeste.com\/wp-content\/uploads\/2025\/05\/Operacao-Sem-Desconto.jpg.webp 768w, https:\/\/medias.revistaoeste.com\/wp-content\/uploads\/2025\/05\/Operacao-Sem-Desconto-300x200.jpg.webp 300w, https:\/\/medias.revistaoeste.com\/wp-content\/uploads\/2025\/05\/Operacao-Sem-Desconto-150x100.jpg.webp 150w\" data-sizes=\"(max-width: 768px) 100vw, 768px\" type=\"image\/webp\"><img fetchpriority=\"high\" decoding=\"async\" width=\"768\" height=\"513\" src=\"https:\/\/medias.revistaoeste.com\/wp-content\/uploads\/2025\/05\/Operacao-Sem-Desconto.jpg\" alt=\"Opera\u00e7\u00e3o Sem Desconto; INSS\" class=\"wp-image-1981463\" srcset=\"https:\/\/medias.revistaoeste.com\/wp-content\/uploads\/2025\/05\/Operacao-Sem-Desconto.jpg 768w, https:\/\/medias.revistaoeste.com\/wp-content\/uploads\/2025\/05\/Operacao-Sem-Desconto-300x200.jpg 300w, https:\/\/medias.revistaoeste.com\/wp-content\/uploads\/2025\/05\/Operacao-Sem-Desconto-150x100.jpg 150w\" sizes=\"(max-width: 768px) 100vw, 768px\" data-eio=\"p\"\/><\/source><\/picture><figcaption class=\"wp-element-caption\">Opera\u00e7\u00e3o Sem Desconto, deflagrada em abril | Foto: Divulga\u00e7\u00e3o\/PF<\/figcaption><\/figure>\n<p>Simultaneamente, a Pol\u00edcia Civil do Distrito Federal iniciou sua investiga\u00e7\u00e3o, no mesmo ano, depois de receber den\u00fancias de aposentados ao Minist\u00e9rio P\u00fablico. Em fevereiro de 2021, o \u00f3rg\u00e3o convocou o servidor para depor, e ele reiterou suas alega\u00e7\u00f5es sobre os descontos irregulares feitos pela Confedera\u00e7\u00e3o Nacional de Agricultores Familiares e Empreendedores Familiares Rurais (Conafer).<\/p>\n<p>Ele destacou um aumento significativo nos descontos associados \u00e0 Conafer ao longo de 2020. Em janeiro daquele ano, a Conafer tinha cerca de 80 mil filiados com descontos nos benef\u00edcios previdenci\u00e1rios. Esse n\u00famero subiu para mais de 250 mil em outubro de 2020, m\u00eas em que o acordo da Conafer com o INSS estava suspenso em raz\u00e3o de irregularidades.<\/p>\n<figure class=\"wp-block-embed is-type-video is-provider-youtube wp-block-embed-youtube wp-embed-aspect-16-9 wp-has-aspect-ratio\">\n<div class=\"wp-block-embed__wrapper\">\n<div class=\"perfmatters-lazy-youtube\" data-src=\"https:\/\/www.youtube.com\/embed\/pBuUMIYTlDo\" data-id=\"pBuUMIYTlDo\" data-query=\"feature=oembed\" onclick=\"perfmattersLazyLoadYouTube(this);\">\n<div><img decoding=\"async\" alt=\"YouTube video\" width=\"480\" height=\"360\" data-pin-nopin=\"true\" nopin=\"nopin\" class=\"perfmatters-lazy\" src=\"https:\/\/i.ytimg.com\/vi\/pBuUMIYTlDo\/hqdefault.jpg\"\/><img decoding=\"async\" src=\"https:\/\/i.ytimg.com\/vi\/pBuUMIYTlDo\/hqdefault.jpg\" alt=\"YouTube video\" width=\"480\" height=\"360\" data-pin-nopin=\"true\" nopin=\"nopin\"\/><\/div>\n<\/div>\n<p><noscript><iframe title=\"Nikolas posta v\u00eddeo sobre fraudes do INSS e acende sinal amarelo no governo Lula\" width=\"800\" height=\"450\" src=\"https:\/\/www.youtube.com\/embed\/pBuUMIYTlDo?feature=oembed\" frameborder=\"0\" allow=\"accelerometer; autoplay; clipboard-write; encrypted-media; gyroscope; picture-in-picture; web-share\" referrerpolicy=\"strict-origin-when-cross-origin\" allowfullscreen><\/iframe><\/noscript>\n<\/div>\n<\/figure>\n<p>Firmado inicialmente em 2017, o acordo permitia \u00e0 Conafer realizar descontos diretamente nos benef\u00edcios dos filiados. Em setembro de 2020, depois da detec\u00e7\u00e3o dos problemas, houve a suspens\u00e3o da permiss\u00e3o. <\/p>\n<p>Em outubro, a responsabilidade por analisar os documentos passou da Diretoria de Benef\u00edcios para a Diretoria de Atendimento do INSS, o que possibilitou a reabilita\u00e7\u00e3o da Conafer. Na ocasi\u00e3o, a Conafer homenageou Jobson de Paiva Sales, ent\u00e3o diretor de atendimento do INSS, respons\u00e1vel por reverter a suspens\u00e3o.<\/p>\n<p><strong>Leia mais: \u201cEngrenagem da corrup\u00e7\u00e3o\u201d, reportagem de Silvio Navarro publicada na Edi\u00e7\u00e3o 267 da Revista Oeste<\/strong><\/p>\n<p>Um relat\u00f3rio da Controladoria-Geral da Uni\u00e3o (CGU) de 2024 revelou que a Conafer apresentou o maior crescimento no volume de descontos entre 2019 e 2024. Os n\u00fameros saltaram de R$ 400 mil por ano, em 2019, para R$ 57 milh\u00f5es, em 2020, e chegaram a R$ 202 milh\u00f5es, em 2023.<\/p>\n<h2 class=\"wp-block-heading\">Depoimentos e novas descobertas<\/h2>\n<p>Em mar\u00e7o de 2021, Carlos Roberto Ferreira Lopes, presidente da Conafer, prestou depoimento na investiga\u00e7\u00e3o da Pol\u00edcia Civil, mas recusou-se a informar seus rendimentos, em raz\u00e3o de confidencialidade. <\/p>\n<p>Durante sua fala, afirmou que \u201ca Conafer ou seus integrantes n\u00e3o foram respons\u00e1veis pela inser\u00e7\u00e3o de descontos indevidos nos benef\u00edcios de aposentados e pensionistas, mas, sim, se tal fato ocorreu, a responsabilidade seria da Dataprev\u201d, empresa p\u00fablica federal que processa os pagamentos do INSS.<\/p>\n<p><strong>Leia tamb\u00e9m: \u201cOnde os idosos n\u00e3o t\u00eam vez\u201d, artigo de Tiago Pavinatto publicado na Edi\u00e7\u00e3o 267 da Revista Oeste<\/strong><\/p>\n<p>Entretanto, a Pol\u00edcia Civil encontrou ind\u00edcios de que, entre 2019 e 2020, Carlos Roberto e sua mulher, Bruna Braz, negociaram cinco im\u00f3veis de alto valor, incluindo uma fazenda avaliada em R$ 3 milh\u00f5es. Em 2021, a Justi\u00e7a do Distrito Federal decidiu que a compet\u00eancia para conduzir a investiga\u00e7\u00e3o seria da Pol\u00edcia Federal. <\/p>\n<p>A opera\u00e7\u00e3o para desarticular o esquema s\u00f3 ocorreu em abril de 2025. A Opera\u00e7\u00e3o Sem Desconto resultou na queda do ent\u00e3o ministro da Previd\u00eancia do governo Lula, Carlos Lupi, e do ent\u00e3o presidente do INSS, Alessandro Stefanutto.<\/p>\n<\/p><\/div>\n<p><br \/>\n<br \/>Fonte: <a href=\"https:\/\/revistaoeste.com\/politica\/servidor-do-inss-denunciou-desvios-ilegais-a-policia-do-df-em-2020\/\">Ag\u00eancia Brasil<\/a><\/p>\n","protected":false},"excerpt":{"rendered":"<p>Em 2020, um servidor do Instituto Nacional do Seguro Social (INSS) denunciou \u00e0 pol\u00edcia do Distrito Federal desvios ilegais em benef\u00edcios de aposentados e pensionistas. Ele, que preferiu anonimato por temer repres\u00e1lias, relatou ter recebido amea\u00e7as de morte depois de identificar as irregularidades. A informa\u00e7\u00e3o \u00e9 da TV Globo. + Leia mais not\u00edcias de Pol\u00edtica [&hellip;]<\/p>\n","protected":false},"author":5,"featured_media":20579,"comment_status":"open","ping_status":"open","sticky":false,"template":"","format":"standard","meta":{"_seopress_robots_primary_cat":"","_seopress_titles_title":"","_seopress_titles_desc":"","_seopress_robots_index":"","footnotes":""},"categories":[47,1],"tags":[],"class_list":["post-20578","post","type-post","status-publish","format-standard","has-post-thumbnail","hentry","category-politica","category-ultimas-noticias"],"_links":{"self":[{"href":"https:\/\/mussicom.com\/noticias\/wp-json\/wp\/v2\/posts\/20578","targetHints":{"allow":["GET"]}}],"collection":[{"href":"https:\/\/mussicom.com\/noticias\/wp-json\/wp\/v2\/posts"}],"about":[{"href":"https:\/\/mussicom.com\/noticias\/wp-json\/wp\/v2\/types\/post"}],"author":[{"embeddable":true,"href":"https:\/\/mussicom.com\/noticias\/wp-json\/wp\/v2\/users\/5"}],"replies":[{"embeddable":true,"href":"https:\/\/mussicom.com\/noticias\/wp-json\/wp\/v2\/comments?post=20578"}],"version-history":[{"count":0,"href":"https:\/\/mussicom.com\/noticias\/wp-json\/wp\/v2\/posts\/20578\/revisions"}],"wp:featuredmedia":[{"embeddable":true,"href":"https:\/\/mussicom.com\/noticias\/wp-json\/wp\/v2\/media\/20579"}],"wp:attachment":[{"href":"https:\/\/mussicom.com\/noticias\/wp-json\/wp\/v2\/media?parent=20578"}],"wp:term":[{"taxonomy":"category","embeddable":true,"href":"https:\/\/mussicom.com\/noticias\/wp-json\/wp\/v2\/categories?post=20578"},{"taxonomy":"post_tag","embeddable":true,"href":"https:\/\/mussicom.com\/noticias\/wp-json\/wp\/v2\/tags?post=20578"}],"curies":[{"name":"wp","href":"https:\/\/api.w.org\/{rel}","templated":true}]}}