{"id":20489,"date":"2025-05-15T02:09:40","date_gmt":"2025-05-15T05:09:40","guid":{"rendered":"https:\/\/mussicom.com\/setran-orienta-usuarios-de-ciclomotores-em-acoes-do-maio-amarelo-em-praia-grande-sp\/"},"modified":"2025-05-15T02:09:40","modified_gmt":"2025-05-15T05:09:40","slug":"setran-orienta-usuarios-de-ciclomotores-em-acoes-do-maio-amarelo-em-praia-grande-sp","status":"publish","type":"post","link":"https:\/\/mussicom.com\/noticias\/setran-orienta-usuarios-de-ciclomotores-em-acoes-do-maio-amarelo-em-praia-grande-sp\/","title":{"rendered":"Setran orienta usu\u00e1rios de ciclomotores em a\u00e7\u00f5es do Maio Amarelo em Praia Grande\/SP"},"content":{"rendered":"<p> <br \/>\n<\/p>\n<div id=\"texto\">\n<p>A Secretaria de Tr\u00e2nsito (Setran) iniciou nesta segunda-feira (12) \u00a0mais uma a\u00e7\u00e3o educativa dentro da programa\u00e7\u00e3o do Maio Amarelo. A \u00a0atividade, que segue at\u00e9 o dia 18 de maio, tem como foco a orienta\u00e7\u00e3o \u00a0aos usu\u00e1rios de ciclomotores, bicicletas el\u00e9tricas e equipamentos de \u00a0mobilidade individual autopropelidos. O objetivo \u00e9 conscientizar sobre \u00a0o uso correto desses ve\u00edculos, em conformidade com a Resolu\u00e7\u00e3o n\u00ba \u00a0996\/2023 do Conselho Nacional de Tr\u00e2nsito (Contran), que estabelece \u00a0diretrizes para sua circula\u00e7\u00e3o nas vias p\u00fablicas.<\/p>\n<p>\u00a0<\/p>\n<p>A a\u00e7\u00e3o est\u00e1 sendo realizada em pontos estrat\u00e9gicos da Cidade, com \u00a0abordagens educativas pelos agentes de tr\u00e2nsito.<\/p>\n<p>\u00a0<\/p>\n<p>O diretor da divis\u00e3o de Educa\u00e7\u00e3o e seguran\u00e7a do tr\u00e2nsito, Wanderlei \u00a0Vivaldo, ressalta a import\u00e2ncia do trabalho de preven\u00e7\u00e3o. \u201cNossa \u00a0miss\u00e3o \u00e9 educar para evitar acidentes. Muitos usu\u00e1rios ainda \u00a0desconhecem as regras espec\u00edficas para esses ve\u00edculos, o que pode \u00a0colocar em risco a pr\u00f3pria seguran\u00e7a e a dos demais. Com orienta\u00e7\u00e3o e \u00a0di\u00e1logo, promovemos um tr\u00e2nsito mais consciente e seguro. \u201d<\/p>\n<p>\u00a0<\/p>\n<p>O secret\u00e1rio de Tr\u00e2nsito, Marcelino Gomes, tamb\u00e9m refor\u00e7ou o \u00a0compromisso da Prefeitura com a seguran\u00e7a vi\u00e1ria. \u201cA informa\u00e7\u00e3o \u00e9 uma \u00a0aliada fundamental para termos um tr\u00e2nsito mais organizado e seguro. O \u00a0Maio Amarelo \u00e9 um momento especial para fortalecer essa cultura de \u00a0respeito e responsabilidade no tr\u00e2nsito, e essa a\u00e7\u00e3o vem ao encontro \u00a0das metas do plano de governo, promovendo educa\u00e7\u00e3o e cidadania\u201d.<\/p>\n<p>\u00a0<\/p>\n<p>As a\u00e7\u00f5es do Maio Amarelo em Praia Grande seguem at\u00e9 o fim do m\u00eas com \u00a0atividades nas escolas, vias p\u00fablicas e diversas frentes de \u00a0mobiliza\u00e7\u00e3o social, sempre com o compromisso de preservar vidas no \u00a0tr\u00e2nsito.<\/p>\n<\/p><\/div>\n<p><script async defer crossorigin=\"anonymous\" src=\"https:\/\/connect.facebook.net\/pt_BR\/sdk.js#xfbml=1&#038;version=v12.0&#038;appId=&#038;autoLogAppEvents=1\" nonce=\"ou0fI1lo\"><\/script><br \/>\n<br \/><br \/>\n<br \/>Fonte: <a href=\"https:\/\/www.bs9.com.br\/litoral\/setran-orienta-usuarios-de-ciclomotores-em-acoes-do-maio-amarelo-em\/31693\/\">BS9<\/a><\/p>\n","protected":false},"excerpt":{"rendered":"<p>A Secretaria de Tr\u00e2nsito (Setran) iniciou nesta segunda-feira (12) \u00a0mais uma a\u00e7\u00e3o educativa dentro da programa\u00e7\u00e3o do Maio Amarelo. A \u00a0atividade, que segue at\u00e9 o dia 18 de maio, tem como foco a orienta\u00e7\u00e3o \u00a0aos usu\u00e1rios de ciclomotores, bicicletas el\u00e9tricas e equipamentos de \u00a0mobilidade individual autopropelidos. O objetivo \u00e9 conscientizar sobre \u00a0o uso correto desses [&hellip;]<\/p>\n","protected":false},"author":5,"featured_media":20490,"comment_status":"open","ping_status":"open","sticky":false,"template":"","format":"standard","meta":{"_seopress_robots_primary_cat":"","_seopress_titles_title":"","_seopress_titles_desc":"","_seopress_robots_index":"","footnotes":""},"categories":[52],"tags":[],"class_list":["post-20489","post","type-post","status-publish","format-standard","has-post-thumbnail","hentry","category-santoseregiao"],"_links":{"self":[{"href":"https:\/\/mussicom.com\/noticias\/wp-json\/wp\/v2\/posts\/20489","targetHints":{"allow":["GET"]}}],"collection":[{"href":"https:\/\/mussicom.com\/noticias\/wp-json\/wp\/v2\/posts"}],"about":[{"href":"https:\/\/mussicom.com\/noticias\/wp-json\/wp\/v2\/types\/post"}],"author":[{"embeddable":true,"href":"https:\/\/mussicom.com\/noticias\/wp-json\/wp\/v2\/users\/5"}],"replies":[{"embeddable":true,"href":"https:\/\/mussicom.com\/noticias\/wp-json\/wp\/v2\/comments?post=20489"}],"version-history":[{"count":0,"href":"https:\/\/mussicom.com\/noticias\/wp-json\/wp\/v2\/posts\/20489\/revisions"}],"wp:featuredmedia":[{"embeddable":true,"href":"https:\/\/mussicom.com\/noticias\/wp-json\/wp\/v2\/media\/20490"}],"wp:attachment":[{"href":"https:\/\/mussicom.com\/noticias\/wp-json\/wp\/v2\/media?parent=20489"}],"wp:term":[{"taxonomy":"category","embeddable":true,"href":"https:\/\/mussicom.com\/noticias\/wp-json\/wp\/v2\/categories?post=20489"},{"taxonomy":"post_tag","embeddable":true,"href":"https:\/\/mussicom.com\/noticias\/wp-json\/wp\/v2\/tags?post=20489"}],"curies":[{"name":"wp","href":"https:\/\/api.w.org\/{rel}","templated":true}]}}