{"id":20471,"date":"2025-05-15T00:28:37","date_gmt":"2025-05-15T03:28:37","guid":{"rendered":"https:\/\/mussicom.com\/decisao-do-stf-nao-viola-separacao-de-poderes\/"},"modified":"2025-05-15T00:28:37","modified_gmt":"2025-05-15T03:28:37","slug":"decisao-do-stf-nao-viola-separacao-de-poderes","status":"publish","type":"post","link":"https:\/\/mussicom.com\/noticias\/decisao-do-stf-nao-viola-separacao-de-poderes\/","title":{"rendered":"&#8216;Decis\u00e3o do STF n\u00e3o viola separa\u00e7\u00e3o de Poderes&#8217;"},"content":{"rendered":"<p> <br \/>\n<\/p>\n<div id=\"hd80s9wa1h892edh8192\">\n<p>O ministro do Supremo Tribunal Federal (STF) Fl\u00e1vio Dino afirmou, nesta quarta-feira, 14, que a Corte tem autonomia para analisar decis\u00f5es da C\u00e2mara dos Deputados sem que isso represente uma afronta aos outros Poderes da Rep\u00fablica.<\/p>\n<p><strong>Leia mais: \u201cMoraes confronta a C\u00e2mara em voto sobre suspens\u00e3o de a\u00e7\u00e3o do STF que mira Ramagem\u201d<\/strong><\/p>\n<p>O magistrado deu a declara\u00e7\u00e3o depois que a Primeira Turma da Corte decidiu manter parte da a\u00e7\u00e3o penal contra o deputado federal Alexandre Ramagem (PL-RJ). A decis\u00e3o dos ministros contrariou a vota\u00e7\u00e3o na C\u00e2mara que suspendeu o processo contra o parlamentar.<\/p>\n<blockquote class=\"wp-block-quote is-layout-flow wp-block-quote-is-layout-flow\">\n<p>\u201cEsses dias a Primeira Turma, presidida pelo ministro Zanin, em tema relatado pelo eminente ministro Alexandre de Moraes, se defrontou com esta ideia de que a separa\u00e7\u00e3o de Poderes impediria a Primeira Turma de se pronunciar sobre uma decis\u00e3o da C\u00e2mara\u201d, disse Dino. \u201cOra, se assim fosse, ter\u00edamos uma dissolu\u00e7\u00e3o da Rep\u00fablica, porque a\u00ed cada Poder e ente federado faz sua bandeira, faz o seu hino, emite a sua moeda e supostamente se atende \u00e0 separa\u00e7\u00e3o de Poderes.\u201d<\/p>\n<\/blockquote>\n<p>A fala do ministro ocorreu durante julgamento sobre o pre\u00e7o dos servi\u00e7os funer\u00e1rios privatizados na cidade de S\u00e3o Paulo. <\/p>\n<h2 class=\"wp-block-heading\"><strong>C\u00e2mara recorre contra decis\u00e3o da Primeira Turma do STF<\/strong><\/h2>\n<p>Nesta ter\u00e7a-feira, 13, <strong>o presidente da C\u00e2mara, deputado Hugo Motta (Republicanos-PB), entrou com uma a\u00e7\u00e3o no STF<\/strong> para pedir a validade da vota\u00e7\u00e3o que suspendeu a a\u00e7\u00e3o penal contra Ramagem. O recurso pede uma liminar que paralise o andamento do processo.<\/p>\n<p>Ramagem \u00e9 o \u00fanico parlamentar r\u00e9u na a\u00e7\u00e3o que investiga a tentativa de golpe atribu\u00edda \u00e0 c\u00fapula do governo Bolsonaro. Ele comandava a Ag\u00eancia Brasileira de Intelig\u00eancia \u00e0 \u00e9poca.<\/p>\n<figure class=\"wp-block-embed is-type-video is-provider-youtube wp-block-embed-youtube wp-embed-aspect-16-9 wp-has-aspect-ratio\">\n<div class=\"wp-block-embed__wrapper\">\n<div class=\"perfmatters-lazy-youtube\" data-src=\"https:\/\/www.youtube.com\/embed\/mSmn1xBG-VU\" data-id=\"mSmn1xBG-VU\" data-query=\"feature=oembed\" onclick=\"perfmattersLazyLoadYouTube(this);\">\n<div><img fetchpriority=\"high\" decoding=\"async\" src=\"https:\/\/i.ytimg.com\/vi\/mSmn1xBG-VU\/hqdefault.jpg\" alt=\"YouTube video\" width=\"480\" height=\"360\" data-pin-nopin=\"true\" nopin=\"nopin\"\/><\/div>\n<\/div>\n<p><noscript><iframe title=\"Motta questiona decis\u00e3o do STF no &#039;caso Ramagem&#039; e defende respeito aos deputados\" width=\"800\" height=\"450\" src=\"https:\/\/www.youtube.com\/embed\/mSmn1xBG-VU?feature=oembed\" frameborder=\"0\" allow=\"accelerometer; autoplay; clipboard-write; encrypted-media; gyroscope; picture-in-picture; web-share\" referrerpolicy=\"strict-origin-when-cross-origin\" allowfullscreen><\/iframe><\/noscript>\n<\/div>\n<\/figure>\n<p>Em abril, a Primeira Turma do STF enviou um of\u00edcio \u00e0 C\u00e2mara informando que a Casa s\u00f3 poderia suspender os crimes supostamente cometidos depois da diploma\u00e7\u00e3o de Ramagem, em dezembro de 2022. <\/p>\n<p>Com isso, a paralisa\u00e7\u00e3o atinge apenas dois dos cinco delitos imputados a ele, segundo a Corte: dano qualificado e deteriora\u00e7\u00e3o de patrim\u00f4nio tombado. Os outros tr\u00eas crimes \u2014 aboli\u00e7\u00e3o violenta do Estado Democr\u00e1tico de Direito, golpe de Estado e organiza\u00e7\u00e3o criminosa \u2014 seguiriam em an\u00e1lise.<\/p>\n<p><strong>+ Leia mais not\u00edcias de Pol\u00edtica em Oeste<\/strong><\/p>\n<p>Mesmo assim, o plen\u00e1rio da C\u00e2mara decidiu suspender a a\u00e7\u00e3o penal como um todo. Motta alega que a decis\u00e3o un\u00e2nime da Primeira Turma viola os princ\u00edpios da separa\u00e7\u00e3o de Poderes e da imunidade parlamentar.<\/p>\n<p>\u201c\u00c9 necess\u00e1rio reafirmar que n\u00e3o cabe ao Poder Judici\u00e1rio substituir-se ao ju\u00edzo pol\u00edtico conferido ao Parlamento no tocante \u00e0 conveni\u00eancia da susta\u00e7\u00e3o, bem como a sua extens\u00e3o\u201d, diz o documento enviado ao STF. \u201cA interpreta\u00e7\u00e3o sistem\u00e1tica e funcional do texto constitucional imp\u00f5e o reconhecimento do car\u00e1ter institucional da prerrogativa \u2014 exercida dentro dos estritos limites da legalidade e de forma transparente \u2014 como instrumento leg\u00edtimo de conten\u00e7\u00e3o rec\u00edproca entre os Poderes\u201d.<\/p>\n<p><related-posts class=\"border-y border-gray-300 py-5\"><\/p>\n<h2 class=\"!text-2xl text-black font-primary font-semibold leading-none mb-3\">\n    Leia tamb\u00e9m:<br \/>\n  <\/h2>\n<p><\/related-posts><\/p><\/div>\n<p><br \/>\n<br \/>Fonte: <a href=\"https:\/\/revistaoeste.com\/politica\/decisao-do-stf-que-manteve-acao-contra-ramagem-e-legitima-afirma-dino\/\">Ag\u00eancia Brasil<\/a><\/p>\n","protected":false},"excerpt":{"rendered":"<p>O ministro do Supremo Tribunal Federal (STF) Fl\u00e1vio Dino afirmou, nesta quarta-feira, 14, que a Corte tem autonomia para analisar decis\u00f5es da C\u00e2mara dos Deputados sem que isso represente uma afronta aos outros Poderes da Rep\u00fablica. Leia mais: \u201cMoraes confronta a C\u00e2mara em voto sobre suspens\u00e3o de a\u00e7\u00e3o do STF que mira Ramagem\u201d O magistrado [&hellip;]<\/p>\n","protected":false},"author":5,"featured_media":17439,"comment_status":"open","ping_status":"open","sticky":false,"template":"","format":"standard","meta":{"_seopress_robots_primary_cat":"","_seopress_titles_title":"","_seopress_titles_desc":"","_seopress_robots_index":"","footnotes":""},"categories":[47,1],"tags":[],"class_list":["post-20471","post","type-post","status-publish","format-standard","has-post-thumbnail","hentry","category-politica","category-ultimas-noticias"],"_links":{"self":[{"href":"https:\/\/mussicom.com\/noticias\/wp-json\/wp\/v2\/posts\/20471","targetHints":{"allow":["GET"]}}],"collection":[{"href":"https:\/\/mussicom.com\/noticias\/wp-json\/wp\/v2\/posts"}],"about":[{"href":"https:\/\/mussicom.com\/noticias\/wp-json\/wp\/v2\/types\/post"}],"author":[{"embeddable":true,"href":"https:\/\/mussicom.com\/noticias\/wp-json\/wp\/v2\/users\/5"}],"replies":[{"embeddable":true,"href":"https:\/\/mussicom.com\/noticias\/wp-json\/wp\/v2\/comments?post=20471"}],"version-history":[{"count":0,"href":"https:\/\/mussicom.com\/noticias\/wp-json\/wp\/v2\/posts\/20471\/revisions"}],"wp:featuredmedia":[{"embeddable":true,"href":"https:\/\/mussicom.com\/noticias\/wp-json\/wp\/v2\/media\/17439"}],"wp:attachment":[{"href":"https:\/\/mussicom.com\/noticias\/wp-json\/wp\/v2\/media?parent=20471"}],"wp:term":[{"taxonomy":"category","embeddable":true,"href":"https:\/\/mussicom.com\/noticias\/wp-json\/wp\/v2\/categories?post=20471"},{"taxonomy":"post_tag","embeddable":true,"href":"https:\/\/mussicom.com\/noticias\/wp-json\/wp\/v2\/tags?post=20471"}],"curies":[{"name":"wp","href":"https:\/\/api.w.org\/{rel}","templated":true}]}}