{"id":20440,"date":"2025-05-14T22:22:32","date_gmt":"2025-05-15T01:22:32","guid":{"rendered":"https:\/\/mussicom.com\/corpo-de-santa-teresa-davila-e-exposto-na-espanha\/"},"modified":"2025-05-14T22:22:32","modified_gmt":"2025-05-15T01:22:32","slug":"corpo-de-santa-teresa-davila-e-exposto-na-espanha","status":"publish","type":"post","link":"https:\/\/mussicom.com\/noticias\/corpo-de-santa-teresa-davila-e-exposto-na-espanha\/","title":{"rendered":"Corpo de Santa Teresa d\u2019\u00c1vila \u00e9 exposto na Espanha"},"content":{"rendered":"<p> <br \/>\n<\/p>\n<div id=\"hd80s9wa1h892edh8192\">\n<p>O corpo da Santa Teresa d\u2019\u00c1vila (1515 \u2013 1582) foi exposto para os fi\u00e9is que compareceram \u00e0 Bas\u00edlica da Anuncia\u00e7\u00e3o de Nossa Senhora do Carmo, na cidade de Alba de Tornes, na Espanha, a cerca de 200 km de Madri. A exibi\u00e7\u00e3o acontece at\u00e9 o dia 25, quando os restos da santa dever\u00e3o retornar para a cripta.<\/p>\n<p><strong>+ Leia mais: \u201cLe\u00e3o XIV: veja as caracter\u00edsticas do nome escolhido pelo novo papa\u201d<\/strong><\/p>\n<p>O corpo da Santa Teresa d\u2019\u00c1vila, uma freira carmelita, encontra-se em \u00f3timo estado de conserva\u00e7\u00e3o. O clima seco e \u00e1rido da Pen\u00ednsula Ib\u00e9rica ajudou a manter o corpo preservado, 442 anos depois da sua morte.<\/p>\n<p>Essa \u00e9 a primeira vez que os restos da santa ficam expostos para o p\u00fablico em 111 anos. As outras duas vezes foram em 1760 e 1914. Uma terceira exposi\u00e7\u00e3o aconteceu logo depois do falecimento da freira.<\/p>\n<figure class=\"wp-block-embed aligncenter is-type-video is-provider-youtube wp-block-embed-youtube wp-embed-aspect-16-9 wp-has-aspect-ratio\">\n<div class=\"wp-block-embed__wrapper\">\n<div class=\"perfmatters-lazy-youtube\" data-src=\"https:\/\/www.youtube.com\/embed\/GwL7Tbbze2o\" data-id=\"GwL7Tbbze2o\" data-query=\"feature=oembed\" onclick=\"perfmattersLazyLoadYouTube(this);\">\n<div><img fetchpriority=\"high\" decoding=\"async\" src=\"https:\/\/i.ytimg.com\/vi\/GwL7Tbbze2o\/hqdefault.jpg\" alt=\"YouTube video\" width=\"480\" height=\"360\" data-pin-nopin=\"true\" nopin=\"nopin\"\/><\/div>\n<\/div>\n<p><noscript><iframe title=\"Le\u00e3o XIV: veja momento em que Robert Prevost \u00e9 anunciado novo papa da Igreja Cat\u00f3lica\" width=\"800\" height=\"450\" src=\"https:\/\/www.youtube.com\/embed\/GwL7Tbbze2o?feature=oembed\" frameborder=\"0\" allow=\"accelerometer; autoplay; clipboard-write; encrypted-media; gyroscope; picture-in-picture; web-share\" referrerpolicy=\"strict-origin-when-cross-origin\" allowfullscreen><\/iframe><\/noscript>\n<\/div>\n<\/figure>\n<p>O corpo de Teresa d\u2019\u00c1vila \u00e9 guardado por dez chaves em um t\u00famulo da Espanha. Tr\u00eas est\u00e3o com as Carmelitas Descal\u00e7as, tr\u00eas com o padre geral das Carmelitas em Roma, tr\u00eas com o Duque de Alba e uma com o rei. O esquema de seguran\u00e7a existe desde o s\u00e9culo 17.<\/p>\n<p><strong>+ Leia mais not\u00edcias de Mundo em Oeste<\/strong><\/p>\n<p>Cada conjunto de chaves abre uma parte do t\u00famulo composto da grade, do cofre de m\u00e1rmore e do cofre de prata. O processo de abertura ocorreu no fim de agosto e precisou de uma autoriza\u00e7\u00e3o do papa Francisco.<\/p>\n<h2 class=\"wp-block-heading\">A hist\u00f3ria da santa<\/h2>\n<p>Santa Teresa de Jesus nasceu em \u00c1vila, na Espanha, em 1515. Durante a adolesc\u00eancia, foi enviada para um internato, onde decidiu seguir a vida religiosa.<\/p>\n<p>Aos 20 anos, decidiu ir para o Convento da Encarna\u00e7\u00e3o. A decis\u00e3o, por\u00e9m, n\u00e3o foi bem aceita pelo pai dela. Ent\u00e3o, para realizar seu desejo, precisou fugir de casa.<\/p>\n<p><related-posts class=\"border-y border-gray-300 py-5\"><\/p>\n<h2 class=\"!text-2xl text-black font-primary font-semibold leading-none mb-3\">\n    Leia mais<br \/>\n  <\/h2>\n<p><\/related-posts><\/p>\n<p>Ainda jovem, a santa sofreu de uma grave doen\u00e7a. Ela chegou a ser levada para uma curandeira muito conhecida na \u00e9poca, mas o tratamento piorou sua condi\u00e7\u00e3o de sa\u00fade.<\/p>\n<p>Teresa d\u2019\u00c1vila chegou a ser dada como morta, mas, segundo relatos da santa, conseguiu se recuperar por intercess\u00e3o de S\u00e3o Jos\u00e9.<\/p>\n<blockquote class=\"twitter-tweet\">\n<p lang=\"en\" dir=\"ltr\">\ud83d\udd4a\ufe0f\u2728 A spiritual and scientific journey to discover the remains of Saint Teresa of \u00c1vila! \ud83d\ude4f\ud83d\udd2c<\/p>\n<p>Discover the exciting canonical investigation that has allowed a deeper understanding of the mystery of her life and her body.<\/p>\n<p>Come and venerate Saint Teresa at the Sanctuary of Alba\u2026 <a href=\"https:\/\/t.co\/CO9CAfuwrl\">pic.twitter.com\/CO9CAfuwrl<\/a><\/p>\n<p>\u2014 Silere non possum (@silerenonpossum) <a href=\"https:\/\/twitter.com\/silerenonpossum\/status\/1921848749535477911?ref_src=twsrc%5Etfw\">May 12, 2025<\/a><\/p><\/blockquote>\n<p>Em sua carreira religiosa, Teresa d\u2019\u00c1vila fez uma s\u00e9rie de reformas e fundou conventos na Espanha. O trabalho dela foi essencial em uma \u00e9poca de mudan\u00e7as dentro da Igreja Cat\u00f3lica, o que contribuiu para a revitaliza\u00e7\u00e3o da ordem carmelita e influenciou nas reformas institucionais do per\u00edodo.<\/p>\n<p>Ela tamb\u00e9m foi autora de obras liter\u00e1rias, como o <em>\u201cLivro da Vida\u201d<\/em>. O trabalho e a espiritualidade a fizeram ser canonizada pelo papa Greg\u00f3rio XV, em 1622. Na d\u00e9cada de 1970, ela foi nomeada a primeira mulher doutora da Igreja pelo papa Paulo VI.<\/p>\n<p><strong>Leia tamb\u00e9m: \u201cMorte cl\u00ednica em Bras\u00edlia\u201d, artigo de J. R. Guzzo publicado na Edi\u00e7\u00e3o 268 da Revista Oeste<\/strong><\/p>\n<\/p><\/div>\n<p><script async src=\"\/\/platform.twitter.com\/widgets.js\" charset=\"utf-8\"><\/script><br \/>\n<br \/><br \/>\n<br \/>Fonte: <a href=\"https:\/\/revistaoeste.com\/mundo\/corpo-de-santa-teresa-davila-e-exposto-na-espanha\/\">Revista Oeste<\/a><\/p>\n","protected":false},"excerpt":{"rendered":"<p>O corpo da Santa Teresa d\u2019\u00c1vila (1515 \u2013 1582) foi exposto para os fi\u00e9is que compareceram \u00e0 Bas\u00edlica da Anuncia\u00e7\u00e3o de Nossa Senhora do Carmo, na cidade de Alba de Tornes, na Espanha, a cerca de 200 km de Madri. A exibi\u00e7\u00e3o acontece at\u00e9 o dia 25, quando os restos da santa dever\u00e3o retornar para [&hellip;]<\/p>\n","protected":false},"author":5,"featured_media":20441,"comment_status":"open","ping_status":"open","sticky":false,"template":"","format":"standard","meta":{"_seopress_robots_primary_cat":"","_seopress_titles_title":"","_seopress_titles_desc":"","_seopress_robots_index":"","footnotes":""},"categories":[48],"tags":[],"class_list":["post-20440","post","type-post","status-publish","format-standard","has-post-thumbnail","hentry","category-internacional"],"_links":{"self":[{"href":"https:\/\/mussicom.com\/noticias\/wp-json\/wp\/v2\/posts\/20440","targetHints":{"allow":["GET"]}}],"collection":[{"href":"https:\/\/mussicom.com\/noticias\/wp-json\/wp\/v2\/posts"}],"about":[{"href":"https:\/\/mussicom.com\/noticias\/wp-json\/wp\/v2\/types\/post"}],"author":[{"embeddable":true,"href":"https:\/\/mussicom.com\/noticias\/wp-json\/wp\/v2\/users\/5"}],"replies":[{"embeddable":true,"href":"https:\/\/mussicom.com\/noticias\/wp-json\/wp\/v2\/comments?post=20440"}],"version-history":[{"count":0,"href":"https:\/\/mussicom.com\/noticias\/wp-json\/wp\/v2\/posts\/20440\/revisions"}],"wp:featuredmedia":[{"embeddable":true,"href":"https:\/\/mussicom.com\/noticias\/wp-json\/wp\/v2\/media\/20441"}],"wp:attachment":[{"href":"https:\/\/mussicom.com\/noticias\/wp-json\/wp\/v2\/media?parent=20440"}],"wp:term":[{"taxonomy":"category","embeddable":true,"href":"https:\/\/mussicom.com\/noticias\/wp-json\/wp\/v2\/categories?post=20440"},{"taxonomy":"post_tag","embeddable":true,"href":"https:\/\/mussicom.com\/noticias\/wp-json\/wp\/v2\/tags?post=20440"}],"curies":[{"name":"wp","href":"https:\/\/api.w.org\/{rel}","templated":true}]}}