{"id":20430,"date":"2025-05-14T21:49:02","date_gmt":"2025-05-15T00:49:02","guid":{"rendered":"https:\/\/mussicom.com\/santos-abre-vacinacao-contra-a-gripe-para-toda-a-populacao\/"},"modified":"2025-05-14T21:49:02","modified_gmt":"2025-05-15T00:49:02","slug":"santos-abre-vacinacao-contra-a-gripe-para-toda-a-populacao","status":"publish","type":"post","link":"https:\/\/mussicom.com\/noticias\/santos-abre-vacinacao-contra-a-gripe-para-toda-a-populacao\/","title":{"rendered":"Santos abre vacina\u00e7\u00e3o contra a gripe para toda a popula\u00e7\u00e3o"},"content":{"rendered":"<p> <br \/>\n<\/p>\n<div>\n<p><strong>Al\u00e9m de estar dispon\u00edvel em todas as policl\u00ednicas, das 9h \u00e0s 16h, a Cidade ter\u00e1 um posto extra de vacina\u00e7\u00e3o no Sal\u00e3o de M\u00e1rmore do Est\u00e1dio Urbano Caldeira<\/strong><\/p>\n<p>A partir desta quinta-feira (15), Santos amplia a campanha de vacina\u00e7\u00e3o contra a gripe para pessoas de todas as idades, a partir dos 6 meses de vida. Al\u00e9m de estar dispon\u00edvel em todas as policl\u00ednicas, das 9h \u00e0s 16h, a Cidade ter\u00e1 um posto extra de vacina\u00e7\u00e3o no Sal\u00e3o de M\u00e1rmore do Est\u00e1dio Urbano Caldeira (Rua Princesa Isabel s\/n\u00ba, Vila Belmiro \u2013 entrada pelo Port\u00e3o 9), casa do Santos Futebol Clube, para incentivo neste primeiro dia de abertura aos p\u00fablicos.<\/p>\n<p>A Secretaria de Sa\u00fade orienta que as pessoas procurem os postos preferencialmente no per\u00edodo da tarde, quando h\u00e1 uma demanda menor por vacina\u00e7\u00e3o. As unidades Martins Fontes (Rua Luiza Macuco, 40) e Embar\u00e9 (Pra\u00e7a Coronel Fernando Prestes s\/n\u00ba) est\u00e3o com a sala de vacina em manuten\u00e7\u00e3o e, por esse motivo, n\u00e3o v\u00e3o oferecer o servi\u00e7o.<\/p>\n<p>Segundo o secret\u00e1rio de Sa\u00fade de Santos, F\u00e1bio Lopez, o outono trouxe diminui\u00e7\u00e3o na temperatura e menor umidade no ar. O ressecamento das mucosas favorece o aparecimento de infec\u00e7\u00f5es do trato respirat\u00f3rio, dentre elas a gripe. \u201cJ\u00e1 estamos percebendo mais casos de s\u00edndromes respirat\u00f3rias na Cidade e queremos proteger os santistas para o inverno, quando as pessoas tendem a permanecer por mais tempo em ambiente fechado\u201d.<\/p>\n<p>Santos j\u00e1 aplicou mais de 48 mil doses desde o in\u00edcio da campanha, com m\u00e9dia de 1,8 mil aplica\u00e7\u00f5es por dia. A vacina contra a gripe tamb\u00e9m passar\u00e1 a ser aplicada em todos os p\u00fablicos nas escolas (estudantes, funcion\u00e1rios, e eventualmente aos pais que se interessarem).<\/p>\n<p>Lembrando que quem tomou a vacina da gripe no ano passado deve tomar novamente, pois se trata de uma vacina atualizada de acordo com as muta\u00e7\u00f5es dos v\u00edrus Influenza que mais circulam. A vacina \u00e9 trivalente, ou seja, protege contra tr\u00eas cepas do v\u00edrus Influenza: Influenza A H1N1, Influenza A H3N2 e Influenza B.<\/p>\n<p>Para ser vacinado, \u00e9 necess\u00e1rio apresentar documento com foto e comprovante de resid\u00eancia em Santos.<\/p>\n<p>\u00a0<\/p>\n<p>\u00a0<\/p>\n<\/div>\n<p><br \/>\n<br \/>Fonte: <a href=\"https:\/\/jornaldaorla.com.br\/noticias\/santos-abre-vacinacao-contra-a-gripe-para-toda-a-populacao\/\">Jornal Da Orla<\/a><\/p>\n","protected":false},"excerpt":{"rendered":"<p>Al\u00e9m de estar dispon\u00edvel em todas as policl\u00ednicas, das 9h \u00e0s 16h, a Cidade ter\u00e1 um posto extra de vacina\u00e7\u00e3o no Sal\u00e3o de M\u00e1rmore do Est\u00e1dio Urbano Caldeira A partir desta quinta-feira (15), Santos amplia a campanha de vacina\u00e7\u00e3o contra a gripe para pessoas de todas as idades, a partir dos 6 meses de vida. [&hellip;]<\/p>\n","protected":false},"author":5,"featured_media":20431,"comment_status":"open","ping_status":"open","sticky":false,"template":"","format":"standard","meta":{"_seopress_robots_primary_cat":"","_seopress_titles_title":"","_seopress_titles_desc":"","_seopress_robots_index":"","footnotes":""},"categories":[52],"tags":[],"class_list":["post-20430","post","type-post","status-publish","format-standard","has-post-thumbnail","hentry","category-santoseregiao"],"_links":{"self":[{"href":"https:\/\/mussicom.com\/noticias\/wp-json\/wp\/v2\/posts\/20430","targetHints":{"allow":["GET"]}}],"collection":[{"href":"https:\/\/mussicom.com\/noticias\/wp-json\/wp\/v2\/posts"}],"about":[{"href":"https:\/\/mussicom.com\/noticias\/wp-json\/wp\/v2\/types\/post"}],"author":[{"embeddable":true,"href":"https:\/\/mussicom.com\/noticias\/wp-json\/wp\/v2\/users\/5"}],"replies":[{"embeddable":true,"href":"https:\/\/mussicom.com\/noticias\/wp-json\/wp\/v2\/comments?post=20430"}],"version-history":[{"count":0,"href":"https:\/\/mussicom.com\/noticias\/wp-json\/wp\/v2\/posts\/20430\/revisions"}],"wp:featuredmedia":[{"embeddable":true,"href":"https:\/\/mussicom.com\/noticias\/wp-json\/wp\/v2\/media\/20431"}],"wp:attachment":[{"href":"https:\/\/mussicom.com\/noticias\/wp-json\/wp\/v2\/media?parent=20430"}],"wp:term":[{"taxonomy":"category","embeddable":true,"href":"https:\/\/mussicom.com\/noticias\/wp-json\/wp\/v2\/categories?post=20430"},{"taxonomy":"post_tag","embeddable":true,"href":"https:\/\/mussicom.com\/noticias\/wp-json\/wp\/v2\/tags?post=20430"}],"curies":[{"name":"wp","href":"https:\/\/api.w.org\/{rel}","templated":true}]}}