{"id":20377,"date":"2025-05-14T18:22:34","date_gmt":"2025-05-14T21:22:34","guid":{"rendered":"https:\/\/mussicom.com\/lei-anti-oruam-e-aprovada-na-ccj-e-avanca-na-camara-de-sp\/"},"modified":"2025-05-14T18:22:34","modified_gmt":"2025-05-14T21:22:34","slug":"lei-anti-oruam-e-aprovada-na-ccj-e-avanca-na-camara-de-sp","status":"publish","type":"post","link":"https:\/\/mussicom.com\/noticias\/lei-anti-oruam-e-aprovada-na-ccj-e-avanca-na-camara-de-sp\/","title":{"rendered":"&#8216;Lei Anti-Oruam&#8217; \u00e9 aprovada na CCJ e avan\u00e7a na C\u00e2mara de SP"},"content":{"rendered":"<p> <br \/>\n<\/p>\n<div id=\"hd80s9wa1h892edh8192\">\n<p>A Comiss\u00e3o de Constitui\u00e7\u00e3o e Justi\u00e7a (CCJ) da C\u00e2mara Municipal de S\u00e3o Paulo aprovou, nesta ter\u00e7a-feira, 14, o parecer favor\u00e1vel \u00e0 legalidade do Projeto de Lei Anti-Oruam, de autoria da vereadora Amanda Vettorazzo (Uni\u00e3o).<\/p>\n<p><strong>+ Leia mais not\u00edcias de\u00a0Pol\u00edtica\u00a0em Oeste<\/strong><\/p>\n<p>A proposta recebeu seis votos favor\u00e1veis, dos vereadores Thammy Miranda (PSD), Milton Ferreira (Podemos), Janaina Paschoal (PP), Lucas Pavanato (PL) e Sans\u00e3o Pereira (Republicanos), e tr\u00eas votos contr\u00e1rios, dos vereadores Silvia da Bancada Feminista (Psol), Silv\u00e3o Leite (Uni\u00e3o) e Alessandro Guedes (PT).<\/p>\n<p>Com a aprova\u00e7\u00e3o na <strong>CCJ<\/strong>, o projeto segue agora para an\u00e1lise das demais comiss\u00f5es permanentes antes de ser levado \u00e0 vota\u00e7\u00e3o em plen\u00e1rio. H\u00e1 tamb\u00e9m a possibilidade de que seja apreciado no Congresso de Comiss\u00f5es, o que pode acelerar sua tramita\u00e7\u00e3o.<\/p>\n<p><related-posts class=\"border-y border-gray-300 py-5\"><\/p>\n<h2 class=\"!text-2xl text-black font-primary font-semibold leading-none mb-3\">\n    Leia mais:<br \/>\n  <\/h2>\n<p><\/related-posts><\/p>\n<h2 class=\"wp-block-heading\">Lei Anti-Oruam \u2018\u00e9 fundamental para proteger nossas crian\u00e7as\u2019, diz Amanda<\/h2>\n<p>Para Amanda, a aprova\u00e7\u00e3o na CCJ marca um avan\u00e7o importante no combate \u00e0 criminalidade. \u201cA aprova\u00e7\u00e3o da Lei Anti-Oruam \u00e9, acima de tudo, uma resposta ao dom\u00ednio do crime organizado\u201d, diz a vereadora, que \u00e9 coordenadora nacional do Movimento Brasil Livre (MBL).<\/p>\n<p>\u201cMais do que urgente, essa medida \u00e9 fundamental para proteger nossas crian\u00e7as e combater a influ\u00eancia do crime na sociedade\u201d, destaca <strong>Amanda<\/strong>. \u201cO projeto j\u00e1 foi aprovado em mais de 40 cidades pelo Brasil e sancionado em mais de dez. \u00c9 essencial que S\u00e3o Paulo tamb\u00e9m fa\u00e7a a sua parte e aprove essa iniciativa.\u201d<\/p>\n<figure class=\"wp-block-image aligncenter size-full\"><picture><source data-srcset=\"https:\/\/medias.revistaoeste.com\/wp-content\/uploads\/2025\/02\/Cantor-Oruam-e-filho-do-traficante-Marcinho-VP.jpg.webp 800w, https:\/\/medias.revistaoeste.com\/wp-content\/uploads\/2025\/02\/Cantor-Oruam-e-filho-do-traficante-Marcinho-VP-300x200.jpg.webp 300w, https:\/\/medias.revistaoeste.com\/wp-content\/uploads\/2025\/02\/Cantor-Oruam-e-filho-do-traficante-Marcinho-VP-150x100.jpg.webp 150w\" data-sizes=\"(max-width: 800px) 100vw, 800px\" type=\"image\/webp\"><img fetchpriority=\"high\" decoding=\"async\" width=\"800\" height=\"533\" src=\"https:\/\/medias.revistaoeste.com\/wp-content\/uploads\/2025\/02\/Cantor-Oruam-e-filho-do-traficante-Marcinho-VP.jpg\" alt=\"Cantor Oruam \u00e9 filho do traficante Marcinho VP\" class=\"wp-image-1897611\" srcset=\"https:\/\/medias.revistaoeste.com\/wp-content\/uploads\/2025\/02\/Cantor-Oruam-e-filho-do-traficante-Marcinho-VP.jpg 800w, https:\/\/medias.revistaoeste.com\/wp-content\/uploads\/2025\/02\/Cantor-Oruam-e-filho-do-traficante-Marcinho-VP-300x200.jpg 300w, https:\/\/medias.revistaoeste.com\/wp-content\/uploads\/2025\/02\/Cantor-Oruam-e-filho-do-traficante-Marcinho-VP-150x100.jpg 150w\" sizes=\"(max-width: 800px) 100vw, 800px\" data-eio=\"p\"\/><\/source><\/picture><figcaption class=\"wp-element-caption\">Cantor Oruam \u00e9 filho do traficante Marcinho VP | Foto: Reprodu\u00e7\u00e3o\/Redes Sociais<\/figcaption><\/figure>\n<p>O projeto visa a proibir o uso de recursos p\u00fablicos para a contrata\u00e7\u00e3o de artistas que promovam ou fa\u00e7am apologia ao crime organizado, o que refor\u00e7a a responsabilidade social na destina\u00e7\u00e3o de verbas p\u00fablicas e a valoriza\u00e7\u00e3o de conte\u00fados que contribuam positivamente para a forma\u00e7\u00e3o cultural da sociedade.<\/p>\n<p><strong>Leia tamb\u00e9m:\u00a0\u201cA novil\u00edngua do crime\u201d, artigo de Roberto Motta publicado na Edi\u00e7\u00e3o 250 da Revista Oeste<\/strong><\/p>\n<\/p><\/div>\n<p><br \/>\n<br \/>Fonte: <a href=\"https:\/\/revistaoeste.com\/politica\/lei-anti-oruam-e-aprovada-na-ccj-e-avanca-na-camara-de-sao-paulo\/\">Ag\u00eancia Brasil<\/a><\/p>\n","protected":false},"excerpt":{"rendered":"<p>A Comiss\u00e3o de Constitui\u00e7\u00e3o e Justi\u00e7a (CCJ) da C\u00e2mara Municipal de S\u00e3o Paulo aprovou, nesta ter\u00e7a-feira, 14, o parecer favor\u00e1vel \u00e0 legalidade do Projeto de Lei Anti-Oruam, de autoria da vereadora Amanda Vettorazzo (Uni\u00e3o). + Leia mais not\u00edcias de\u00a0Pol\u00edtica\u00a0em Oeste A proposta recebeu seis votos favor\u00e1veis, dos vereadores Thammy Miranda (PSD), Milton Ferreira (Podemos), Janaina [&hellip;]<\/p>\n","protected":false},"author":5,"featured_media":20378,"comment_status":"open","ping_status":"open","sticky":false,"template":"","format":"standard","meta":{"_seopress_robots_primary_cat":"","_seopress_titles_title":"","_seopress_titles_desc":"","_seopress_robots_index":"","footnotes":""},"categories":[47,1],"tags":[],"class_list":["post-20377","post","type-post","status-publish","format-standard","has-post-thumbnail","hentry","category-politica","category-ultimas-noticias"],"_links":{"self":[{"href":"https:\/\/mussicom.com\/noticias\/wp-json\/wp\/v2\/posts\/20377","targetHints":{"allow":["GET"]}}],"collection":[{"href":"https:\/\/mussicom.com\/noticias\/wp-json\/wp\/v2\/posts"}],"about":[{"href":"https:\/\/mussicom.com\/noticias\/wp-json\/wp\/v2\/types\/post"}],"author":[{"embeddable":true,"href":"https:\/\/mussicom.com\/noticias\/wp-json\/wp\/v2\/users\/5"}],"replies":[{"embeddable":true,"href":"https:\/\/mussicom.com\/noticias\/wp-json\/wp\/v2\/comments?post=20377"}],"version-history":[{"count":0,"href":"https:\/\/mussicom.com\/noticias\/wp-json\/wp\/v2\/posts\/20377\/revisions"}],"wp:featuredmedia":[{"embeddable":true,"href":"https:\/\/mussicom.com\/noticias\/wp-json\/wp\/v2\/media\/20378"}],"wp:attachment":[{"href":"https:\/\/mussicom.com\/noticias\/wp-json\/wp\/v2\/media?parent=20377"}],"wp:term":[{"taxonomy":"category","embeddable":true,"href":"https:\/\/mussicom.com\/noticias\/wp-json\/wp\/v2\/categories?post=20377"},{"taxonomy":"post_tag","embeddable":true,"href":"https:\/\/mussicom.com\/noticias\/wp-json\/wp\/v2\/tags?post=20377"}],"curies":[{"name":"wp","href":"https:\/\/api.w.org\/{rel}","templated":true}]}}