{"id":20309,"date":"2025-05-14T13:56:37","date_gmt":"2025-05-14T16:56:37","guid":{"rendered":"https:\/\/mussicom.com\/praia-grande-sp-concorre-ao-premio-brasil-mais-com-uso-da-tecnologia-na-contencao-de-invasoes\/"},"modified":"2025-05-14T13:56:37","modified_gmt":"2025-05-14T16:56:37","slug":"praia-grande-sp-concorre-ao-premio-brasil-mais-com-uso-da-tecnologia-na-contencao-de-invasoes","status":"publish","type":"post","link":"https:\/\/mussicom.com\/noticias\/praia-grande-sp-concorre-ao-premio-brasil-mais-com-uso-da-tecnologia-na-contencao-de-invasoes\/","title":{"rendered":"Praia Grande\/SP concorre ao pr\u00eamio Brasil MAIS com uso da tecnologia na conten\u00e7\u00e3o de invas\u00f5es"},"content":{"rendered":"<p> <br \/>\n<\/p>\n<div id=\"texto\">\n<p>O uso da tecnologia na conten\u00e7\u00e3o de invas\u00f5es em \u00e1reas de Praia Grande \u00a0est\u00e1 concorrendo ao 1\u00ba Pr\u00eamio Brasil MAIS, que busca reconhecer \u00a0hist\u00f3rias de impacto positivo para a sociedade, promovidas por \u00a0institui\u00e7\u00f5es p\u00fablicas participantes do Programa. Praia Grande foi a \u00a0primeira cidade da regi\u00e3o a aderir ao programa, em 2021, e j\u00e1 \u00e9 \u00a0refer\u00eancia neste tipo de atua\u00e7\u00e3o.<br \/>&#13;<br \/>\n\u00a0<\/p>\n<p>Monitorando mais de 8,6 milh\u00f5es de km\u00b2 do territ\u00f3rio brasileiro e \u00a0\u00e1reas costeiras marinhas diariamente, o Programa tem sido uma \u00a0importante ferramenta para combater os crimes ambientais e acompanhar \u00a0impactos potencializados pelas mudan\u00e7as clim\u00e1ticas. O resultado \u00a0acontece nas opera\u00e7\u00f5es em campo, promovendo maior assertividade e \u00a0tempestividade aos \u00f3rg\u00e3os de fiscaliza\u00e7\u00e3o ambiental &#8211; como em \u00e1reas de \u00a0cobertura vegetal, degrada\u00e7\u00e3o de florestas, polui\u00e7\u00e3o de rios, \u00a0queimadas, atividades de planejamento urbano, entre outras.<br \/>&#13;<br \/>\n\u00a0<\/p>\n<p>Com a ades\u00e3o ao programa, a Guarda Ambiental de Praia Grande, que \u00a0integra o Setor Ambiental da Guarda Civil Municipal (GCM) juntamente \u00a0com a Guarda Costeira, passou a ter acesso a informa\u00e7\u00f5es \u00a0georreferenciadas, disponibilizadas por 180 sat\u00e9lites, potencializando \u00a0o trabalho de monitoramento de \u00e1reas da Cidade que j\u00e1 era realizado \u00a0pelo grupamento.<br \/>&#13;<br \/>\n\u00a0<\/p>\n<p>De acordo com o inspetor-chefe do Sepam (Setor de Prote\u00e7\u00e3o Ambiental \u00a0da GCM) F\u00e1bio Barbatano Marques, concorrer ao pr\u00eamio \u00e9 uma \u00a0oportunidade de apresentar a v\u00e1rias institui\u00e7\u00f5es o trabalho que vem \u00a0sendo realizado em Praia Grande. \u201cJ\u00e1 participamos de outros eventos do \u00a0programa e tivemos uma \u00f3tima receptividade. O trabalho que a \u00a0Administra\u00e7\u00e3o Municipal vem realizando nos \u00faltimos anos tem sido um \u00a0diferencial no combate a invas\u00f5es e outros crimes ambientais\u201d.<br \/>&#13;<br \/>\n\u00a0<\/p>\n<p>Praia Grande est\u00e1 concorrendo na categoria Categoria Geral &#8211; \u00a0Institui\u00e7\u00f5es Municipais, com foco em casos e\/ou opera\u00e7\u00f5es realizadas \u00a0por institui\u00e7\u00f5es de seguran\u00e7a p\u00fablica das esferas federal ou estadual, \u00a0com o uso da plataforma do Programa Brasil MAIS que contribu\u00edram para \u00a0promover a seguran\u00e7a p\u00fablica, incluindo sistemas de monitoramento, \u00a0fiscaliza\u00e7\u00e3o e controle, preven\u00e7\u00e3o de crimes ambientais, melhoria nos \u00a0processos de resposta a incidentes, entre outros.<br \/>&#13;<br \/>\n\u00a0<\/p>\n<p>A divulga\u00e7\u00e3o dos finalistas ser\u00e1 no dia 19 de maio e a premia\u00e7\u00e3o ir\u00e1 \u00a0acontecer durante o Encontro Nacional de Usu\u00e1rios da RedeMAIS 2025, em \u00a0Bras\u00edlia, nos dias 10 e 11 de junho.<\/p>\n<\/p><\/div>\n<p><script async defer crossorigin=\"anonymous\" src=\"https:\/\/connect.facebook.net\/pt_BR\/sdk.js#xfbml=1&#038;version=v12.0&#038;appId=&#038;autoLogAppEvents=1\" nonce=\"ou0fI1lo\"><\/script><br \/>\n<br \/><br \/>\n<br \/>Fonte: <a href=\"https:\/\/www.bs9.com.br\/litoral\/praia-grandesp-concorre-ao-premio-brasil-mais-com-uso-da-tecnologia\/31695\/\">BS9<\/a><\/p>\n","protected":false},"excerpt":{"rendered":"<p>O uso da tecnologia na conten\u00e7\u00e3o de invas\u00f5es em \u00e1reas de Praia Grande \u00a0est\u00e1 concorrendo ao 1\u00ba Pr\u00eamio Brasil MAIS, que busca reconhecer \u00a0hist\u00f3rias de impacto positivo para a sociedade, promovidas por \u00a0institui\u00e7\u00f5es p\u00fablicas participantes do Programa. Praia Grande foi a \u00a0primeira cidade da regi\u00e3o a aderir ao programa, em 2021, e j\u00e1 \u00e9 \u00a0refer\u00eancia [&hellip;]<\/p>\n","protected":false},"author":5,"featured_media":20310,"comment_status":"open","ping_status":"open","sticky":false,"template":"","format":"standard","meta":{"_seopress_robots_primary_cat":"","_seopress_titles_title":"","_seopress_titles_desc":"","_seopress_robots_index":"","footnotes":""},"categories":[52],"tags":[],"class_list":["post-20309","post","type-post","status-publish","format-standard","has-post-thumbnail","hentry","category-santoseregiao"],"_links":{"self":[{"href":"https:\/\/mussicom.com\/noticias\/wp-json\/wp\/v2\/posts\/20309","targetHints":{"allow":["GET"]}}],"collection":[{"href":"https:\/\/mussicom.com\/noticias\/wp-json\/wp\/v2\/posts"}],"about":[{"href":"https:\/\/mussicom.com\/noticias\/wp-json\/wp\/v2\/types\/post"}],"author":[{"embeddable":true,"href":"https:\/\/mussicom.com\/noticias\/wp-json\/wp\/v2\/users\/5"}],"replies":[{"embeddable":true,"href":"https:\/\/mussicom.com\/noticias\/wp-json\/wp\/v2\/comments?post=20309"}],"version-history":[{"count":0,"href":"https:\/\/mussicom.com\/noticias\/wp-json\/wp\/v2\/posts\/20309\/revisions"}],"wp:featuredmedia":[{"embeddable":true,"href":"https:\/\/mussicom.com\/noticias\/wp-json\/wp\/v2\/media\/20310"}],"wp:attachment":[{"href":"https:\/\/mussicom.com\/noticias\/wp-json\/wp\/v2\/media?parent=20309"}],"wp:term":[{"taxonomy":"category","embeddable":true,"href":"https:\/\/mussicom.com\/noticias\/wp-json\/wp\/v2\/categories?post=20309"},{"taxonomy":"post_tag","embeddable":true,"href":"https:\/\/mussicom.com\/noticias\/wp-json\/wp\/v2\/tags?post=20309"}],"curies":[{"name":"wp","href":"https:\/\/api.w.org\/{rel}","templated":true}]}}