{"id":20285,"date":"2025-05-14T11:42:37","date_gmt":"2025-05-14T14:42:37","guid":{"rendered":"https:\/\/mussicom.com\/coracao-de-ferro-nova-serie-da-marvel-ganha-primeiro-trailer\/"},"modified":"2025-05-14T11:42:37","modified_gmt":"2025-05-14T14:42:37","slug":"coracao-de-ferro-nova-serie-da-marvel-ganha-primeiro-trailer","status":"publish","type":"post","link":"https:\/\/mussicom.com\/noticias\/coracao-de-ferro-nova-serie-da-marvel-ganha-primeiro-trailer\/","title":{"rendered":"Cora\u00e7\u00e3o de Ferro, nova s\u00e9rie da Marvel, ganha primeiro trailer"},"content":{"rendered":"<p> <br \/>\n<\/p>\n<div>\n<p>A Marvel divulgou, nesta quarta-feira (14), o primeiro trailer de <em><strong>Cora\u00e7\u00e3o de Ferro<\/strong><\/em> (<strong><em>Ironheart<\/em><\/strong>, no original), nova s\u00e9rie do Universo Cinematogr\u00e1fico da Marvel. A novidade \u00e9 estrelada por <strong>Dominique Thorne<\/strong> (<em>Se a Rua Beale Falasse&#8230;<\/em>) como\u00a0<strong>Riri Williams<\/strong>, a sucessora do\u00a0<strong>Homem de Ferro<\/strong>.<\/p>\n<h4><strong>O que j\u00e1 sabemos sobre\u00a0<em>Cora\u00e7\u00e3o de Ferro<\/em>?<\/strong><\/h4>\n<p>Nos quadrinhos, <strong>Riri Williams<\/strong> \u00e9 uma estudante universit\u00e1ria de 15 anos que, mesmo sem ter todos os recursos e usando apenas pe\u00e7as que p\u00f4de encontrar na faculdade, construiu sua pr\u00f3pria armadura gigante, inspirada pelo <strong>Homem<\/strong><strong>de Ferro<\/strong>.<\/p>\n<p>Na s\u00e9rie do Disney+, ap\u00f3s lutar contra <strong>Namor<\/strong> (<strong>Tenoch Huerta Mej\u00eda<\/strong>) ao lado da <strong>Pantera Negra<\/strong> (<strong>Letitia Wright<\/strong>) em <strong><em>Pantera Negra: Wakanda Para Sempre<\/em><\/strong>, longa de 2022, <strong>Williams<\/strong> quer construir uma armadura ainda mais ic\u00f4nica do que a anterior e, para isso, acaba se envolvendo com um rapaz misterioso, mas disposto a ajud\u00e1-la.<\/p>\n<p>Al\u00e9m de <strong>Dominique Thorne<\/strong>, <em><strong>Cora\u00e7\u00e3o de Ferro<\/strong><\/em>conta com <strong>Anthony Ramos\u00a0<\/strong>(<em>Transformers: O Despertar das Feras<\/em>), <strong>Lyric Ross<\/strong> (<em>This Is Us<\/em>), <strong>Harper Anthony<\/strong> (<em>City of Vultures<\/em>), <strong>Manny Montana<\/strong> (<em>Good Girls<\/em>), <strong>Alden Ehrenreich<\/strong> (<em>Han Solo: Uma Hist\u00f3ria Star Wars<\/em>), <strong>Zoe Terakes<\/strong> (<em>Wentworth &#8211; Por Tr\u00e1s das Grades<\/em>), <strong>Shakira Barrera<\/strong> (<em>GLOW<\/em>) e <strong>Jaren Merrell<\/strong>, mais conhecido por sua personalida drag, <strong>Shea Coule\u00e9<\/strong>, vencedora de\u00a0<strong><em>RuPaul&#8217;s Drag Race<\/em><\/strong>.<\/p>\n<h4><strong>Quando estreia\u00a0<em>Cora\u00e7\u00e3o de Ferro<\/em>?<\/strong><\/h4>\n<p>Com tr\u00eas epis\u00f3dios lan\u00e7ados na estreia,\u00a0<strong><em>Cora\u00e7\u00e3o de Ferro<\/em><\/strong> chega ao cat\u00e1logo do Disney+ a partir de\u00a0<strong>24 de junho de 2024<\/strong>. Assista ao primeiro trailer da novidade:<\/p>\n<p><iframe title=\"Cora\u00e7\u00e3o de Ferro | Trailer Oficial Legendado | Disney+\" width=\"800\" height=\"450\" src=\"https:\/\/www.youtube.com\/embed\/KKQHliB9vog?feature=oembed\" frameborder=\"0\" allow=\"accelerometer; autoplay; clipboard-write; encrypted-media; gyroscope; picture-in-picture; web-share\" referrerpolicy=\"strict-origin-when-cross-origin\" allowfullscreen><\/iframe><\/p>\n<blockquote class=\"amdb-polls\" contenteditable=\"false\" data-sid=\"\/polls\/10\/embed\/\">\n<p>Qual foi a melhor s\u00e9rie estreante de 2024 at\u00e9 agora? Vote no seu favorito!<\/p>\n<ul>\n<li>Eco<\/li>\n<li>Percy Jackson e os Olimpianos<\/li>\n<li>True Detective: Terra Noturna<\/li>\n<li>Expatriadas<\/li>\n<li>Zorro<\/li>\n<li>Sr. &amp; Sra. Smith<\/li>\n<li>Um Dia<\/li>\n<li>Avatar: O \u00daltimo Mestre do Ar<\/li>\n<li>O Regime<\/li>\n<li>X-Men &#8217;97<\/li>\n<li>O Problema dos 3 Corpos<\/li>\n<li>Ripley<\/li>\n<li>Parasite: The Grey<\/li>\n<li>Iw\u00e1j\u00fa<\/li>\n<li>Fallout<\/li>\n<li>Beb\u00ea Rena<\/li>\n<li>Garotos Detetives Mortos<\/li>\n<li>Pretty Little Liars: Curso de Ver\u00e3o<\/li>\n<\/ul>\n<\/blockquote>\n<\/div>\n<p><br \/>\n<br \/>Fonte: <a href=\"https:\/\/rollingstone.com.br\/entretenimento\/coracao-de-ferro-ironheart-trailer\/\">rollingstone.com.br<\/a><\/p>\n","protected":false},"excerpt":{"rendered":"<p>A Marvel divulgou, nesta quarta-feira (14), o primeiro trailer de Cora\u00e7\u00e3o de Ferro (Ironheart, no original), nova s\u00e9rie do Universo Cinematogr\u00e1fico da Marvel. A novidade \u00e9 estrelada por Dominique Thorne (Se a Rua Beale Falasse&#8230;) como\u00a0Riri Williams, a sucessora do\u00a0Homem de Ferro. O que j\u00e1 sabemos sobre\u00a0Cora\u00e7\u00e3o de Ferro? Nos quadrinhos, Riri Williams \u00e9 uma [&hellip;]<\/p>\n","protected":false},"author":5,"featured_media":20286,"comment_status":"open","ping_status":"open","sticky":false,"template":"","format":"standard","meta":{"_seopress_robots_primary_cat":"","_seopress_titles_title":"","_seopress_titles_desc":"","_seopress_robots_index":"","footnotes":""},"categories":[51],"tags":[],"class_list":["post-20285","post","type-post","status-publish","format-standard","has-post-thumbnail","hentry","category-musica"],"_links":{"self":[{"href":"https:\/\/mussicom.com\/noticias\/wp-json\/wp\/v2\/posts\/20285","targetHints":{"allow":["GET"]}}],"collection":[{"href":"https:\/\/mussicom.com\/noticias\/wp-json\/wp\/v2\/posts"}],"about":[{"href":"https:\/\/mussicom.com\/noticias\/wp-json\/wp\/v2\/types\/post"}],"author":[{"embeddable":true,"href":"https:\/\/mussicom.com\/noticias\/wp-json\/wp\/v2\/users\/5"}],"replies":[{"embeddable":true,"href":"https:\/\/mussicom.com\/noticias\/wp-json\/wp\/v2\/comments?post=20285"}],"version-history":[{"count":0,"href":"https:\/\/mussicom.com\/noticias\/wp-json\/wp\/v2\/posts\/20285\/revisions"}],"wp:featuredmedia":[{"embeddable":true,"href":"https:\/\/mussicom.com\/noticias\/wp-json\/wp\/v2\/media\/20286"}],"wp:attachment":[{"href":"https:\/\/mussicom.com\/noticias\/wp-json\/wp\/v2\/media?parent=20285"}],"wp:term":[{"taxonomy":"category","embeddable":true,"href":"https:\/\/mussicom.com\/noticias\/wp-json\/wp\/v2\/categories?post=20285"},{"taxonomy":"post_tag","embeddable":true,"href":"https:\/\/mussicom.com\/noticias\/wp-json\/wp\/v2\/tags?post=20285"}],"curies":[{"name":"wp","href":"https:\/\/api.w.org\/{rel}","templated":true}]}}