{"id":20241,"date":"2025-05-14T06:49:38","date_gmt":"2025-05-14T09:49:38","guid":{"rendered":"https:\/\/mussicom.com\/vale-do-ribeira-sebrae-sp-realiza-diagnostico-da-gestao-de-turismo-em-miracatu\/"},"modified":"2025-05-14T06:49:38","modified_gmt":"2025-05-14T09:49:38","slug":"vale-do-ribeira-sebrae-sp-realiza-diagnostico-da-gestao-de-turismo-em-miracatu","status":"publish","type":"post","link":"https:\/\/mussicom.com\/noticias\/vale-do-ribeira-sebrae-sp-realiza-diagnostico-da-gestao-de-turismo-em-miracatu\/","title":{"rendered":"Vale do Ribeira: Sebrae-SP realiza diagn\u00f3stico da gest\u00e3o de turismo em Miracatu"},"content":{"rendered":"<p> <br \/>\n<\/p>\n<div id=\"texto\">\n<p>Ap\u00f3s quatro meses de pesquisas documentais, entrevistas e avalia\u00e7\u00f5es, o Sebrae-SP entregou \u00e0 Prefeitura de Miracatu o Diagn\u00f3stico da Estrutura de Gest\u00e3o do Turismo do Munic\u00edpio, realizado com o objetivo de auxiliar na cria\u00e7\u00e3o de um ambiente de neg\u00f3cios adequado para o desenvolvimento da atividade tur\u00edstica na cidade. A entrega do documento foi feita no dia 30 de abril ao chefe de gabinete e diretor do Departamento de Turismo de Miracatu, Renato Bolsonaro.<\/p>\n<p>\u00a0<\/p>\n<p>Realizado com apoio da Prefeitura, o diagn\u00f3stico avaliou a estrutura da gest\u00e3o p\u00fablica, como o plano diretor de turismo, conselho municipal de turismo formalizado e infraestrutura de apoio aos atrativos; as legisla\u00e7\u00f5es municipais necess\u00e1rias para a atividade tur\u00edstica; o sistema de informa\u00e7\u00f5es tur\u00edsticas e o uso de inova\u00e7\u00e3o e tecnologias para melhorar a experi\u00eancia do turista.<\/p>\n<p>\u00a0<\/p>\n<p>Para cada ponto avaliado, o Sebrae-SP vai oferecer outras consultorias para auxiliar o munic\u00edpio a se estruturar. \u201cMiracatu tem muito potencial tur\u00edstico em diversos segmentos. Tem hist\u00f3rico de produ\u00e7\u00e3o de banana, tem potencial no ecoturismo e no turismo de aventura, no turismo de natureza com toda a biodiversidade existente, al\u00e9m da parte hist\u00f3rica e religiosa. O papel do poder p\u00fablico \u00e9 criar estruturas. Quem vai desenvolver o turismo realmente \u00e9 a iniciativa privada\u201d, explica a consultora de turismo Bianca Paes Garcia dos Santos, respons\u00e1vel pelo diagn\u00f3stico.<\/p>\n<p>&#13;<br \/>\n\u201cA Prefeitura vai cuidar do asfalto, da ilumina\u00e7\u00e3o p\u00fablica, vai criar as estruturas. Quem vai abrir um hotel, uma pousada ou um restaurante, quem vai organizar um evento \u00e9 a iniciativa privada. A consultoria direciona o poder p\u00fablico a criar essas estruturas, a deixar toda a casa pronta para receber o turismo\u201d, exemplifica Bianca.<\/p>\n<p>\u00a0<\/p>\n<p>A consultora ressaltou o engajamento da Prefeitura de Miracatu durante o processo de diagn\u00f3stico. \u201cA participa\u00e7\u00e3o do munic\u00edpio foi incr\u00edvel. A Prefeitura disponibilizou toda a documenta\u00e7\u00e3o para auxiliar o levantamento, criou o Departamento de Turismo em 15 dias e a equipe \u00e9 muito engajada e participativa, todos est\u00e3o com muita vontade de fazer acontecer\u201d, revela a consultora de turismo.<\/p>\n<p>\u00a0<\/p>\n<p><strong>Cidade Empreendedora<\/strong><br \/>&#13;<br \/>\nSegundo a consultora de neg\u00f3cios do Sebrae-SP, Regiane Rabelo Macedo, o pr\u00f3ximo passo ser\u00e1 aplicar o curso para fortalecimento da governan\u00e7a, envolvendo gestores p\u00fablicos, organiza\u00e7\u00f5es e empres\u00e1rios do trade tur\u00edstico. Na sequ\u00eancia, o Sebrae-SP deve oferecer consultorias para estruturar a gest\u00e3o p\u00fablica municipal do turismo, o arcabou\u00e7o legal municipal e o sistema de gest\u00e3o de informa\u00e7\u00f5es tur\u00edsticas, al\u00e9m do Plano de Destino Tur\u00edstico Inteligente.<\/p>\n<p>\u201cMiracatu foi escolhido como projeto piloto no Vale do Ribeira. O diagn\u00f3stico de turismo integra um dos eixos do programa Cidade Empreendedora do Sebrae-SP, que busca desenvolver a\u00e7\u00f5es estrat\u00e9gicas em prol do desenvolvimento econ\u00f4mico e social dos munic\u00edpios\u201d, afirma Regiane.<\/p>\n<p>\u00a0<\/p>\n<p>A gerente regional do Sebrae-SP, Michelle dos Santos, lembra que o turismo \u00e9 um eixo em constante desenvolvimento na regi\u00e3o pelo potencial e pelas a\u00e7\u00f5es que tamb\u00e9m conectam a marca territ\u00f3rio \u2018D\u00e1 Gosto Ser do Ribeira\u2019 para o fomento do turismo interno, para que o Vale conhe\u00e7a o Vale.<\/p>\n<\/p><\/div>\n<p><script async defer crossorigin=\"anonymous\" src=\"https:\/\/connect.facebook.net\/pt_BR\/sdk.js#xfbml=1&#038;version=v12.0&#038;appId=&#038;autoLogAppEvents=1\" nonce=\"ou0fI1lo\"><\/script><br \/>\n<br \/><br \/>\n<br \/>Fonte: <a href=\"https:\/\/www.bs9.com.br\/vale-do-ribeira\/vale-do-ribeira-sebrae-sp-realiza-diagnostico-da-gestao-de-turismo-em\/31663\/\">BS9<\/a><\/p>\n","protected":false},"excerpt":{"rendered":"<p>Ap\u00f3s quatro meses de pesquisas documentais, entrevistas e avalia\u00e7\u00f5es, o Sebrae-SP entregou \u00e0 Prefeitura de Miracatu o Diagn\u00f3stico da Estrutura de Gest\u00e3o do Turismo do Munic\u00edpio, realizado com o objetivo de auxiliar na cria\u00e7\u00e3o de um ambiente de neg\u00f3cios adequado para o desenvolvimento da atividade tur\u00edstica na cidade. A entrega do documento foi feita no [&hellip;]<\/p>\n","protected":false},"author":5,"featured_media":20242,"comment_status":"open","ping_status":"open","sticky":false,"template":"","format":"standard","meta":{"_seopress_robots_primary_cat":"","_seopress_titles_title":"","_seopress_titles_desc":"","_seopress_robots_index":"","footnotes":""},"categories":[52],"tags":[],"class_list":["post-20241","post","type-post","status-publish","format-standard","has-post-thumbnail","hentry","category-santoseregiao"],"_links":{"self":[{"href":"https:\/\/mussicom.com\/noticias\/wp-json\/wp\/v2\/posts\/20241","targetHints":{"allow":["GET"]}}],"collection":[{"href":"https:\/\/mussicom.com\/noticias\/wp-json\/wp\/v2\/posts"}],"about":[{"href":"https:\/\/mussicom.com\/noticias\/wp-json\/wp\/v2\/types\/post"}],"author":[{"embeddable":true,"href":"https:\/\/mussicom.com\/noticias\/wp-json\/wp\/v2\/users\/5"}],"replies":[{"embeddable":true,"href":"https:\/\/mussicom.com\/noticias\/wp-json\/wp\/v2\/comments?post=20241"}],"version-history":[{"count":0,"href":"https:\/\/mussicom.com\/noticias\/wp-json\/wp\/v2\/posts\/20241\/revisions"}],"wp:featuredmedia":[{"embeddable":true,"href":"https:\/\/mussicom.com\/noticias\/wp-json\/wp\/v2\/media\/20242"}],"wp:attachment":[{"href":"https:\/\/mussicom.com\/noticias\/wp-json\/wp\/v2\/media?parent=20241"}],"wp:term":[{"taxonomy":"category","embeddable":true,"href":"https:\/\/mussicom.com\/noticias\/wp-json\/wp\/v2\/categories?post=20241"},{"taxonomy":"post_tag","embeddable":true,"href":"https:\/\/mussicom.com\/noticias\/wp-json\/wp\/v2\/tags?post=20241"}],"curies":[{"name":"wp","href":"https:\/\/api.w.org\/{rel}","templated":true}]}}