{"id":20222,"date":"2025-05-14T04:35:17","date_gmt":"2025-05-14T07:35:17","guid":{"rendered":"https:\/\/mussicom.com\/saiba-quais-filmes-brasileiros-estarao-na-78a-edicao-do-festival-de-cannes\/"},"modified":"2025-05-14T04:35:17","modified_gmt":"2025-05-14T07:35:17","slug":"saiba-quais-filmes-brasileiros-estarao-na-78a-edicao-do-festival-de-cannes","status":"publish","type":"post","link":"https:\/\/mussicom.com\/noticias\/saiba-quais-filmes-brasileiros-estarao-na-78a-edicao-do-festival-de-cannes\/","title":{"rendered":"Saiba quais filmes brasileiros estar\u00e3o na 78\u00aa edi\u00e7\u00e3o do Festival de Cannes"},"content":{"rendered":"<p> <br \/>\n<\/p>\n<div>\n<p>\u00a0A 78\u00aa edi\u00e7\u00e3o do Festival de Cannes come\u00e7a nesta ter\u00e7a-feira, dia 13 de maio, e o Brasil est\u00e1 em evid\u00eancia no evento, que \u00e9 um dos mais prestigiados do cinema. Neste ano, o pa\u00eds \u00e9 o homenageado no March\u00e9 du Film, uma esp\u00e9cie de mercado de filmes que ocorre no festival.<\/p>\n<p>Al\u00e9m de celebrar a parceria entre Brasil e Fran\u00e7a, tamb\u00e9m seremos muito bem representados de diversas formas, do concorrente \u00e0 Palma de Ouro, <em><strong>O Agente Secreto<\/strong><\/em>, novo filme de <strong>Kleber Mendon\u00e7a Filho<\/strong> (<em>Bacurau<\/em>), a presen\u00e7as de cineastas em j\u00faris de mostras paralelas \u00e0 competi\u00e7\u00e3o principal. Confira a seguir quais ser\u00e3o os nossos representantes:<\/p>\n<h4><strong>Disputa pela Palma de Ouro<\/strong><\/h4>\n<p><strong>Kleber Mendon\u00e7a Filho<\/strong>, natural de Recife, volta a disputar a Palma de Ouro, principal pr\u00eamio do festival, com <em><strong>O Agente Secreto<\/strong><\/em>, seis anos ap\u00f3s <strong><em>Bacurau<\/em><\/strong> (2019) ter levado o Pr\u00eamio do J\u00fari, uma esp\u00e9cie de terceiro lugar. Naquele ano, o sul-coreano <strong><em>Parasita<\/em><\/strong> (2019) venceu o pr\u00eamio m\u00e1ximo.<\/p>\n<p>A novidade \u00e9 ambientada na d\u00e9cada de 1970 e gira em torno de <strong>Marcelo<\/strong> (<strong>Wagner Moura<\/strong>), um professor universit\u00e1rio que foge de S\u00e3o Paulo para Recife para escapar de agentes governamentais que o procuram por atividades subversivas. No entanto, logo descobre que est\u00e1 sendo espionado pelos vizinhos.<\/p>\n<h4><strong>Cannes Classics<\/strong><\/h4>\n<p>Na mostra Cannes Classics, <strong>L\u00edrio Ferreira<\/strong> (<em>Serra das Almas<\/em>) e <strong>Karen Harley<\/strong> apresentam <strong><em>Para Vigo Me Voy!<\/em><\/strong>, document\u00e1rio que mergulha na obra de <strong>Cac\u00e1 Diegues<\/strong>, falecido em fevereiro deste ano.\u00a0<\/p>\n<h4><strong>Quinzena dos Diretores<\/strong><\/h4>\n<p>O diretor <strong>Karim A\u00efnouz<\/strong> (<em>Motel Destino<\/em>) ser\u00e1 mentor da 10\u00aa edi\u00e7\u00e3o do Director\u2019s Factory da Quinzena dos Diretores, que tem como objetivo fazer emergir novos talentos de cinema internacional, permitindo que jovens locais e cineastas criem juntos. Confira a seguir os quatro curtas participantes:\u00a0<\/p>\n<ul>\n<li><strong><em>Ponto Cego<\/em><\/strong>, de <strong>Luciana Vieira<\/strong><\/li>\n<\/ul>\n<p>A brasileira <strong>Luciana Vieira<\/strong> e o cubano <strong>Marcel Beltr\u00e1n<\/strong> dirigem o curta que acompanha Marta, engenheira encarregada das c\u00e2meras de seguran\u00e7a do porto de Fortaleza. Em um ambiente hostil de invisibilidade feminina, Marta decide romper com o sil\u00eancio.\u00a0<\/p>\n<ul>\n<li><strong><em>A Vaqueira, a Dan\u00e7arina e o Porco<\/em><\/strong>, de <strong>Stella Carneiro<\/strong><\/li>\n<\/ul>\n<p>Dirigido pela brasileira<strong> Stella Carneiro<\/strong> em parceria com o portugu\u00eas <strong>Ary Zara<\/strong>, o <em>western queer<\/em> com pitadas de surrealismo segue uma cowgirl trans que visita sua amada \u2014 uma <em>showgirl<\/em> negra \u2014 presa sob o controle de um porco sanguin\u00e1rio.\u00a0<\/p>\n<ul>\n<li><strong><em>Como Ler o Vento<\/em><\/strong>, de <strong>Bernardo Ale Abinader<\/strong><\/li>\n<\/ul>\n<p>O brasileiro <strong>Bernardo Ale Abinader<\/strong> e a francesa <strong>Sharon Hakim<\/strong> constroem uma narrativa sobre heran\u00e7a e sabedoria ancestral sobre <strong>C\u00e1ssia<\/strong>, uma curandeira tradicional, que prepara sua jovem disc\u00edpula, <strong>Marjorie<\/strong>, para receber seu legado.<\/p>\n<ul>\n<li><strong><em>A Fera do Mangue<\/em><\/strong>, de <strong>Wara<\/strong><\/li>\n<\/ul>\n<p>A brasileira <strong>Wara<\/strong> e o israelense <strong>Sivan Noam Shimon<\/strong> abordam f\u00e9 e mito a partir da lenda de homens poderosos sedentos por descend\u00eancia. Quando uma de suas v\u00edtimas evoca uma criatura m\u00edtica \u2014 a fera \u2014, o mito se transforma em f\u00faria e justi\u00e7a, cruzando espiritualidade, vingan\u00e7a e for\u00e7as da natureza.<\/p>\n<h4><strong>Marcelo Caetano no j\u00fari da Queer Palm\u00a0<\/strong><\/h4>\n<p>O diretor <strong>Marcelo Caetano<\/strong> retorna a Cannes, agora como jurado, ap\u00f3s exibir <em><strong>Baby<\/strong><\/em> na mostra competitiva da 63\u00aa Semana da Cr\u00edtica no ano passado, em que viu seu filme se consagrar vencedor do pr\u00eamio de Melhor Ator Revela\u00e7\u00e3o para <strong>Ricardo Teodoro<\/strong>.<\/p>\n<p>Ele far\u00e1 parte do j\u00fari do Queer Palm, que ser\u00e1 presidido pelo cineasta franc\u00eas <strong>Christophe Honor\u00e9<\/strong> (<em>Can\u00e7\u00f5es de Amor<\/em>). O pr\u00eamio reconhece filmes com tem\u00e1ticas LGBTQIAPN+ selecionados para o festival.<\/p>\n<h4><strong>Homenagem a Marianna Brennand<\/strong><\/h4>\n<p>A diretora brasileira <strong>Marianna Brennand<\/strong> (<em>Manas<\/em>) ser\u00e1 homenageada no Festival de Cannes 2025 com a recompensa Emerging Talent Award, uma importante distin\u00e7\u00e3o internacional voltada a novas vozes femininas no cinema. <strong>Brennand<\/strong> receber\u00e1 uma bolsa de 50 mil euros, um apoio do <em>Women In Motion<\/em> para que cineastas mulheres possam desenvolver seus segundos longas.<\/p>\n<h4><strong>Coprodu\u00e7\u00f5es<\/strong><\/h4>\n<p>O Brasil tamb\u00e9m marcar\u00e1 presen\u00e7a com produ\u00e7\u00f5es ao lado de outros pa\u00edses em mostras paralelas \u00e0 principal. Confira a seguir quais:<\/p>\n<ul>\n<li><strong><em>O Riso e a Faca<\/em><\/strong>, produzido por <strong>Tatiana Leite<\/strong><\/li>\n<\/ul>\n<p>Com dire\u00e7\u00e3o do cineasta portugu\u00eas <strong>Pedro Pinho<\/strong> (de <em>A F\u00e1brica de Nada<\/em>), <em>O Riso e a Faca<\/em> \u00e9 uma coprodu\u00e7\u00e3o entre Portugal, Brasil, Rom\u00eania e Fran\u00e7a, exibida na mostra Un Certain Regard. Representando o Brasil, participam a produtora <strong>Tatiana Leite<\/strong>, da Bubbles Project, o diretor de fotografia <strong>Ivo Lopes Ara\u00fajo<\/strong>, a montadora <strong>Karen Akerman<\/strong> e o editor de som <strong>Pablo Lamar<\/strong>. Ao todo, 31 profissionais brasileiros integram a equipe do filme.<\/p>\n<p class=\"\" data-end=\"517\" data-start=\"0\">Inspirado na can\u00e7\u00e3o hom\u00f4nima de <strong>Tom Z\u00e9<\/strong>, o longa acompanha a trajet\u00f3ria de S\u00e9rgio, um engenheiro ambiental portugu\u00eas que se muda para uma metr\u00f3pole africana para atuar em um projeto de infraestrutura. L\u00e1, ele se envolve em uma rela\u00e7\u00e3o afetiva complexa com os personagens Di\u00e1ra e Gui \u2014 este \u00faltimo interpretado pelo ator brasileiro <strong>Jonathan Guilherme<\/strong>. A <strong>produtora Tatiana Leite<\/strong>, que integra a equipe do filme, tamb\u00e9m assina produ\u00e7\u00f5es aclamadas como <em data-end=\"453\" data-start=\"447\">Malu<\/em> (2024), de <strong>Pedro Freire<\/strong>, e <em data-end=\"491\" data-start=\"481\">Regra 34<\/em> (2022), de<strong> Julia Murat<\/strong>.<\/p>\n<ul>\n<li><strong><em>The Black Snake<\/em><\/strong>, produzido por <strong>Paola Wink<\/strong> e <strong>Jessica Luz<\/strong><\/li>\n<\/ul>\n<p class=\"\" data-end=\"447\" data-start=\"0\">Sob a dire\u00e7\u00e3o do franc\u00eas <strong>Aur\u00e9lien Vernhes-Lermusiaux<\/strong>, <em data-end=\"69\" data-start=\"54\">A Cobra Preta<\/em> \u00e9 uma coprodu\u00e7\u00e3o entre a empresa ga\u00facha Vulcana Cinema, a Fran\u00e7a e a Col\u00f4mbia. Com produ\u00e7\u00e3o brasileira assinada por <strong>Jessica Luz<\/strong> e <strong>Paola Wink<\/strong>, o longa estreia na mostra paralela ACID, voltada ao cinema independente em Cannes. A trama acompanha o retorno de Ciro ao lar, ap\u00f3s anos de aus\u00eancia, no deserto colombiano de Tatacoa \u2014 um cen\u00e1rio ao mesmo tempo delicado e hipnotizante.<\/p>\n<h4><strong>La R\u00e9sidence<\/strong><\/h4>\n<p>N\u00e3o \u00e9 do conhecimento de todos, mas o Festival de Cannes possui um projeto de desenvolvimento de roteiros, com orienta\u00e7\u00e3o individualizada e encontros com profissionais da ind\u00fastria cinematogr\u00e1fica. Trata-se do La R\u00e9sidence du Festival de Cannes, programa que j\u00e1 acolheu mais de 250 cineastas de cerca de 60 pa\u00edses \u2014 entre eles, nomes como o brasileiro <strong>Karim A\u00efnouz<\/strong> e a espanhola <strong>Carla Sim\u00f3n<\/strong>, que concorre \u00e0 Palma de Ouro este ano.<\/p>\n<p><strong>Rodrigo Ribeyro<\/strong> representa o Brasil na 49\u00aa edi\u00e7\u00e3o do programa ap\u00f3s ter sido premiado na Cin\u00e9fondation em 2021.\u00a0Durante sua estadia no festival, <strong>Rodrigo<\/strong> desenvolver\u00e1 o longa <em>Muganga<\/em>, que acompanha dois amigos que decidem fugir de um dia comum de trabalho em S\u00e3o Paulo para explorar a Floresta da Cantareira. No entanto, enquanto est\u00e3o na mata, um ataque nuclear atinge a cidade, transformando-a em uma zona radioativa. Isolados do mundo, eles precisam sobreviver em meio \u00e0 natureza \u2014 uma jornada que mistura mist\u00e9rio, fic\u00e7\u00e3o cient\u00edfica e autodescoberta.<\/p>\n<p><strong>LEIA TAMB\u00c9M: <\/strong>Saiba quais filmes v\u00e3o disputar a Palma de Ouro com <em>O Agente Secreto<\/em> em Cannes<\/p>\n<hr\/>\n<blockquote class=\"amdb-polls\" contenteditable=\"false\" data-sid=\"\/polls\/14\/embed\/\">\n<p>Qual foi o melhor filme de 2025 at\u00e9 agora? Vote no seu favorito!<\/p>\n<ul>\n<li>Baby<\/li>\n<li>Babygirl<\/li>\n<li>Anora<\/li>\n<li>Conclave<\/li>\n<li>Acompanhante Perfeita<\/li>\n<li>Capit\u00e3o Am\u00e9rica: Admir\u00e1vel Mundo Novo<\/li>\n<li>Flow<\/li>\n<li>O Brutalista<\/li>\n<li>Um Completo Desconhecido<\/li>\n<li>Mickey 17<\/li>\n<li>Vit\u00f3ria<\/li>\n<li>O Melhor Amigo<\/li>\n<li>Mar\u00e9 Alta<\/li>\n<li>Branca de Neve<\/li>\n<li>Oeste Outra Vez<\/li>\n<li>Um Filme Minecraft<\/li>\n<li>Pecadores<\/li>\n<li>Thunderbolts*<\/li>\n<li>Homem com H<\/li>\n<li>Karat\u00ea Kid: Lendas<\/li>\n<\/ul>\n<\/blockquote>\n<\/div>\n<p><br \/>\n<br \/>Fonte: <a href=\"https:\/\/rollingstone.com.br\/cinema\/saiba-quais-filmes-brasileiros-estarao-na-78-edicao-do-festival-de-cannes\/\">rollingstone.com.br<\/a><\/p>\n","protected":false},"excerpt":{"rendered":"<p>\u00a0A 78\u00aa edi\u00e7\u00e3o do Festival de Cannes come\u00e7a nesta ter\u00e7a-feira, dia 13 de maio, e o Brasil est\u00e1 em evid\u00eancia no evento, que \u00e9 um dos mais prestigiados do cinema. Neste ano, o pa\u00eds \u00e9 o homenageado no March\u00e9 du Film, uma esp\u00e9cie de mercado de filmes que ocorre no festival. Al\u00e9m de celebrar a [&hellip;]<\/p>\n","protected":false},"author":5,"featured_media":20223,"comment_status":"open","ping_status":"open","sticky":false,"template":"","format":"standard","meta":{"_seopress_robots_primary_cat":"","_seopress_titles_title":"","_seopress_titles_desc":"","_seopress_robots_index":"","footnotes":""},"categories":[51],"tags":[],"class_list":["post-20222","post","type-post","status-publish","format-standard","has-post-thumbnail","hentry","category-musica"],"_links":{"self":[{"href":"https:\/\/mussicom.com\/noticias\/wp-json\/wp\/v2\/posts\/20222","targetHints":{"allow":["GET"]}}],"collection":[{"href":"https:\/\/mussicom.com\/noticias\/wp-json\/wp\/v2\/posts"}],"about":[{"href":"https:\/\/mussicom.com\/noticias\/wp-json\/wp\/v2\/types\/post"}],"author":[{"embeddable":true,"href":"https:\/\/mussicom.com\/noticias\/wp-json\/wp\/v2\/users\/5"}],"replies":[{"embeddable":true,"href":"https:\/\/mussicom.com\/noticias\/wp-json\/wp\/v2\/comments?post=20222"}],"version-history":[{"count":0,"href":"https:\/\/mussicom.com\/noticias\/wp-json\/wp\/v2\/posts\/20222\/revisions"}],"wp:featuredmedia":[{"embeddable":true,"href":"https:\/\/mussicom.com\/noticias\/wp-json\/wp\/v2\/media\/20223"}],"wp:attachment":[{"href":"https:\/\/mussicom.com\/noticias\/wp-json\/wp\/v2\/media?parent=20222"}],"wp:term":[{"taxonomy":"category","embeddable":true,"href":"https:\/\/mussicom.com\/noticias\/wp-json\/wp\/v2\/categories?post=20222"},{"taxonomy":"post_tag","embeddable":true,"href":"https:\/\/mussicom.com\/noticias\/wp-json\/wp\/v2\/tags?post=20222"}],"curies":[{"name":"wp","href":"https:\/\/api.w.org\/{rel}","templated":true}]}}