{"id":20210,"date":"2025-05-14T03:07:42","date_gmt":"2025-05-14T06:07:42","guid":{"rendered":"https:\/\/mussicom.com\/pf-apura-escolta-ilegal-a-procurador-geral-do-inss-em-aeroporto\/"},"modified":"2025-05-14T03:07:42","modified_gmt":"2025-05-14T06:07:42","slug":"pf-apura-escolta-ilegal-a-procurador-geral-do-inss-em-aeroporto","status":"publish","type":"post","link":"https:\/\/mussicom.com\/noticias\/pf-apura-escolta-ilegal-a-procurador-geral-do-inss-em-aeroporto\/","title":{"rendered":"PF apura escolta &#8216;ilegal&#8217; a procurador-geral do INSS em aeroporto"},"content":{"rendered":"<p> <br \/>\n<\/p>\n<div id=\"hd80s9wa1h892edh8192\">\n<p>A Pol\u00edcia Federal (PF) apura o uso de uma escolta considerada \u201cilegal\u201d no Aeroporto de Congonhas, em S\u00e3o Paulo. O policial, que j\u00e1 foi afastado das fun\u00e7\u00f5es, teria acompanhado o procurador-geral afastado do INSS, Virg\u00edlio de Oliveira Filho, investigado por suposto envolvimento em um esquema de descontos indevidos em benef\u00edcios de aposentados e pensionistas.<\/p>\n<p><strong>+ Leia mais not\u00edcias de\u00a0Pol\u00edtica\u00a0em Oeste<\/strong><\/p>\n<p>Imagens registradas em 28 de novembro de 2024 mostram Virg\u00edlio ao lado do empres\u00e1rio Danilo Trento, que j\u00e1 foi alvo da CPI da Covid no Senado, em 2021, durante investiga\u00e7\u00f5es sobre negocia\u00e7\u00f5es de vacinas indianas com o Minist\u00e9rio da Sa\u00fade.<\/p>\n<p>Segundo a PF, Trento teria custeado a passagem a\u00e9rea de Virg\u00edlio em um trecho de Bras\u00edlia a S\u00e3o Paulo naquela data. Depois do desembarque, o procurador-geral seguiu em um voo executivo com destino a <strong>Curitiba<\/strong>. A informa\u00e7\u00e3o foi publicada pelo jornal <em>O Globo<\/em>.<\/p>\n<p>A defesa de Virg\u00edlio informou que n\u00e3o comentaria o caso por ainda analisar os autos. J\u00e1 Trento, em contato com <em>O Globo<\/em>, negou ter pago pela passagem do procurador e alegou que o encontro entre os dois foi casual.<\/p>\n<blockquote class=\"twitter-tweet\" data-media-max-width=\"560\">\n<p lang=\"pt\" dir=\"ltr\">EXCLUSIVO <a href=\"https:\/\/twitter.com\/malugaspar?ref_src=twsrc%5Etfw\">@malugaspar<\/a> | Procurador-geral do INSS investigado recebeu escolta &#8216;ilegal&#8217; da PF em aeroporto<a href=\"https:\/\/twitter.com\/hashtag\/inss?src=hash&amp;ref_src=twsrc%5Etfw\">#inss<\/a> <a href=\"https:\/\/twitter.com\/hashtag\/crime?src=hash&amp;ref_src=twsrc%5Etfw\">#crime<\/a> <a href=\"https:\/\/twitter.com\/hashtag\/policia?src=hash&amp;ref_src=twsrc%5Etfw\">#policia<\/a> <a href=\"https:\/\/twitter.com\/hashtag\/pf?src=hash&amp;ref_src=twsrc%5Etfw\">#pf<\/a> <a href=\"https:\/\/twitter.com\/hashtag\/noticia?src=hash&amp;ref_src=twsrc%5Etfw\">#noticia<\/a> <a href=\"https:\/\/t.co\/UvbOlxqLRF\">pic.twitter.com\/UvbOlxqLRF<\/a><\/p>\n<p>\u2014 Jornal O Globo (@JornalOGlobo) <a href=\"https:\/\/twitter.com\/JornalOGlobo\/status\/1922343478073160095?ref_src=twsrc%5Etfw\">May 13, 2025<\/a><\/p><\/blockquote>\n<p>Ainda conforme o relat\u00f3rio da PF, Trento e Virg\u00edlio desembarcaram em Congonhas e foram escoltados por um agente federal, com quem embarcou em uma viatura oficial da corpora\u00e7\u00e3o, destinada exclusivamente ao uso em servi\u00e7o por policiais. As imagens das c\u00e2meras de seguran\u00e7a do aeroporto confirmam a a\u00e7\u00e3o.<\/p>\n<h2 class=\"wp-block-heading\">Agente escoltou procurador-geral do INSS, alega PF<\/h2>\n<p>O respons\u00e1vel pela escolta, segundo os documentos da investiga\u00e7\u00e3o, \u00e9 o agente Philipe Roters Coutinho, que atua no terminal de Congonhas. Trento, novamente a <em>O<\/em> <em>Globo<\/em>, reiterou que o encontro com Virg\u00edlio foi fortuito durante o voo comercial entre Bras\u00edlia e S\u00e3o Paulo.<\/p>\n<p>\u201cVirg\u00edlio se sentou ao meu lado nesse outro voo, por coincid\u00eancia\u201d, justificou. \u201cNa chegada a S\u00e3o Paulo, ele me disse que estava atrasado para o hangar. Pedi ao Philipe para dar uma carona a ele, mas n\u00e3o embarquei. As c\u00e2meras do <strong>aeroporto<\/strong> v\u00e3o mostrar que eu n\u00e3o o acompanhei no voo executivo. N\u00e3o tenho nada a ver com isso.\u201d<\/p>\n<p>Coutinho tamb\u00e9m se manifestou. Disse n\u00e3o conhecer Virg\u00edlio, apenas Trento. Segundo ele, Trento desembarcou com atraso e pediu para ser levado at\u00e9 o setor de avia\u00e7\u00e3o executiva, para n\u00e3o perder o hor\u00e1rio previsto de decolagem.<\/p>\n<p><related-posts class=\"border-y border-gray-300 py-5\"><\/p>\n<h2 class=\"!text-2xl text-black font-primary font-semibold leading-none mb-3\">\n    Leia mais:<br \/>\n  <\/h2>\n<p><\/related-posts><\/p>\n<p>\u201cN\u00e3o possuo qualquer v\u00ednculo com as quest\u00f5es relativos ao INSS, sendo esta a primeira e \u00fanica vez que encontrei o Sr. V\u00edrgilio\u201d, afirmou Coutinho em nota. \u201cTais fatos podem ser facilmente comprovados com a obten\u00e7\u00e3o dos hor\u00e1rios dos voos e das imagens referidas.\u201d<\/p>\n<p>No relat\u00f3rio, a PF aponta que a conduta do agente configura uma \u201cilegalidade\u201d e menciona que ele realizou viagens com caracter\u00edsticas consideradas suspeitas, como compras de passagens de \u00faltima hora e deslocamentos de ida e volta em curto prazo, especialmente com destino a Bras\u00edlia.<\/p>\n<p>Apesar disso, o pr\u00f3prio agente alegou que o inqu\u00e9rito menciona apenas quatro deslocamentos: dois para Bras\u00edlia, um para Salvador \u2014 sua cidade natal \u2014 e outro para Vit\u00f3ria, o qual ele afirma sequer ter embarcado.<\/p>\n<p><strong>Leia tamb\u00e9m:\u00a0\u201cOnde os idosos n\u00e3o t\u00eam vez\u201d, artigo de Tiago Pavinatto publicado na Edi\u00e7\u00e3o 267 da Revista Oeste<\/strong><\/p>\n<\/p><\/div>\n<p><script async src=\"\/\/platform.twitter.com\/widgets.js\" charset=\"utf-8\"><\/script><br \/>\n<br \/><br \/>\n<br \/>Fonte: <a href=\"https:\/\/revistaoeste.com\/politica\/pf-apura-escolta-ilegal-a-procurador-geral-do-inss-em-aeroporto\/\">Ag\u00eancia Brasil<\/a><\/p>\n","protected":false},"excerpt":{"rendered":"<p>A Pol\u00edcia Federal (PF) apura o uso de uma escolta considerada \u201cilegal\u201d no Aeroporto de Congonhas, em S\u00e3o Paulo. O policial, que j\u00e1 foi afastado das fun\u00e7\u00f5es, teria acompanhado o procurador-geral afastado do INSS, Virg\u00edlio de Oliveira Filho, investigado por suposto envolvimento em um esquema de descontos indevidos em benef\u00edcios de aposentados e pensionistas. + [&hellip;]<\/p>\n","protected":false},"author":5,"featured_media":20211,"comment_status":"open","ping_status":"open","sticky":false,"template":"","format":"standard","meta":{"_seopress_robots_primary_cat":"","_seopress_titles_title":"","_seopress_titles_desc":"","_seopress_robots_index":"","footnotes":""},"categories":[47,1],"tags":[],"class_list":["post-20210","post","type-post","status-publish","format-standard","has-post-thumbnail","hentry","category-politica","category-ultimas-noticias"],"_links":{"self":[{"href":"https:\/\/mussicom.com\/noticias\/wp-json\/wp\/v2\/posts\/20210","targetHints":{"allow":["GET"]}}],"collection":[{"href":"https:\/\/mussicom.com\/noticias\/wp-json\/wp\/v2\/posts"}],"about":[{"href":"https:\/\/mussicom.com\/noticias\/wp-json\/wp\/v2\/types\/post"}],"author":[{"embeddable":true,"href":"https:\/\/mussicom.com\/noticias\/wp-json\/wp\/v2\/users\/5"}],"replies":[{"embeddable":true,"href":"https:\/\/mussicom.com\/noticias\/wp-json\/wp\/v2\/comments?post=20210"}],"version-history":[{"count":0,"href":"https:\/\/mussicom.com\/noticias\/wp-json\/wp\/v2\/posts\/20210\/revisions"}],"wp:featuredmedia":[{"embeddable":true,"href":"https:\/\/mussicom.com\/noticias\/wp-json\/wp\/v2\/media\/20211"}],"wp:attachment":[{"href":"https:\/\/mussicom.com\/noticias\/wp-json\/wp\/v2\/media?parent=20210"}],"wp:term":[{"taxonomy":"category","embeddable":true,"href":"https:\/\/mussicom.com\/noticias\/wp-json\/wp\/v2\/categories?post=20210"},{"taxonomy":"post_tag","embeddable":true,"href":"https:\/\/mussicom.com\/noticias\/wp-json\/wp\/v2\/tags?post=20210"}],"curies":[{"name":"wp","href":"https:\/\/api.w.org\/{rel}","templated":true}]}}