{"id":20160,"date":"2025-05-13T22:16:48","date_gmt":"2025-05-14T01:16:48","guid":{"rendered":"https:\/\/mussicom.com\/natura-anuncia-corte-de-mil-funcionarios-da-avon-international\/"},"modified":"2025-05-13T22:16:48","modified_gmt":"2025-05-14T01:16:48","slug":"natura-anuncia-corte-de-mil-funcionarios-da-avon-international","status":"publish","type":"post","link":"https:\/\/mussicom.com\/noticias\/natura-anuncia-corte-de-mil-funcionarios-da-avon-international\/","title":{"rendered":"Natura anuncia corte de mil funcion\u00e1rios da Avon International"},"content":{"rendered":"<p> <br \/>\n<\/p>\n<div id=\"hd80s9wa1h892edh8192\">\n<p>A Natura vai demitir 25% da equipe da Avon International em 2025, o que equivale a 1,1 mil funcion\u00e1rios. A companhia divulgou a informa\u00e7\u00e3o nesta segunda-feira, 12.<\/p>\n<p>A decis\u00e3o ocorre depois de a Natura n\u00e3o ter obtido o resultado esperado fora da Am\u00e9rica Latina no primeiro trimestre deste ano.<\/p>\n<p><strong>Leia mais: \u201cEmpresa chinesa de entregas anuncia entrada no Brasil com investimento de R$ 5,6 bi\u201d<\/strong><\/p>\n<p>\u201cO fato de as receitas da Avon International ainda estarem abaixo do esperado, somado \u00e0 persistente volatilidade cambial, desencadeou uma acelera\u00e7\u00e3o urgente dos esfor\u00e7os de reestrutura\u00e7\u00e3o para minimizar a sa\u00edda de caixa neste ano\u201d, informou a companhia.<\/p>\n<p>De acordo com a empresa, a receita de janeiro a mar\u00e7o foi de R$ 1,4 bilh\u00e3o. Como parte da estrat\u00e9gia de corte de gastos, a Avon International tamb\u00e9m considera vender a opera\u00e7\u00e3o fora da Am\u00e9rica Latina.<\/p>\n<h2 class=\"wp-block-heading\"><strong>Natura anunciou mudan\u00e7as em mar\u00e7o<\/strong><\/h2>\n<p>Em mar\u00e7o, a <em>holding<\/em> <strong>Natura&amp;Co<\/strong>, que administra os neg\u00f3cios da Natura e da Avon, anunciou sua substitui\u00e7\u00e3o pela Natura Cosm\u00e9ticos S.A., que hoje \u00e9 respons\u00e1vel apenas pelos neg\u00f3cios da marca brasileira.<\/p>\n<figure class=\"wp-block-embed is-type-video is-provider-youtube wp-block-embed-youtube wp-embed-aspect-16-9 wp-has-aspect-ratio\">\n<div class=\"wp-block-embed__wrapper\">\n<div class=\"perfmatters-lazy-youtube\" data-src=\"https:\/\/www.youtube.com\/embed\/bE5agVMeSzs\" data-id=\"bE5agVMeSzs\" data-query=\"feature=oembed\" onclick=\"perfmattersLazyLoadYouTube(this);\">\n<div><img fetchpriority=\"high\" decoding=\"async\" src=\"https:\/\/i.ytimg.com\/vi\/bE5agVMeSzs\/hqdefault.jpg\" alt=\"YouTube video\" width=\"480\" height=\"360\" data-pin-nopin=\"true\" nopin=\"nopin\"\/><\/div>\n<\/div>\n<p><noscript><iframe title=\"Lula leva 220 pessoas ao Oriente e torra mais de R$ 4 milh\u00f5es do pagador de impostos\" width=\"800\" height=\"450\" src=\"https:\/\/www.youtube.com\/embed\/bE5agVMeSzs?feature=oembed\" frameborder=\"0\" allow=\"accelerometer; autoplay; clipboard-write; encrypted-media; gyroscope; picture-in-picture; web-share\" referrerpolicy=\"strict-origin-when-cross-origin\" allowfullscreen><\/iframe><\/noscript>\n<\/div>\n<\/figure>\n<p>A reformula\u00e7\u00e3o ocorreu depois que as a\u00e7\u00f5es da empresa ca\u00edram quase 30%. Na ocasi\u00e3o, a empresa divulgou um <strong>preju\u00edzo de R$ 438,5 milh\u00f5es<\/strong> no quarto trimestre de 2024.<\/p>\n<p>No primeiro trimestre de 2025, no entanto, os n\u00fameros foram melhores. O preju\u00edzo l\u00edquido caiu para R$ 150,7 milh\u00f5es \u2014 uma redu\u00e7\u00e3o de quase 85%, em rela\u00e7\u00e3o ao mesmo per\u00edodo do ano anterior.<\/p>\n<p><strong>+ Leia mais not\u00edcias de Economia em Oeste<\/strong><\/p>\n<p>Criada em 2019, a Natura&amp;Co comprou a Avon no mesmo ano. A empresa chegou a reunir tamb\u00e9m a The Body Shop e a Aesop, ambas vendidas em 2023.<\/p>\n<p><related-posts class=\"border-y border-gray-300 py-5\"><\/p>\n<h2 class=\"!text-2xl text-black font-primary font-semibold leading-none mb-3\">\n    Leia tamb\u00e9m:<br \/>\n  <\/h2>\n<p><\/related-posts><\/p><\/div>\n<p><br \/>\n<br \/>Fonte: <a href=\"https:\/\/revistaoeste.com\/economia\/natura-anuncia-demissao-de-mais-de-mil-funcionarios-da-avon-international\/\">Revista oeste<\/a><\/p>\n","protected":false},"excerpt":{"rendered":"<p>A Natura vai demitir 25% da equipe da Avon International em 2025, o que equivale a 1,1 mil funcion\u00e1rios. A companhia divulgou a informa\u00e7\u00e3o nesta segunda-feira, 12. A decis\u00e3o ocorre depois de a Natura n\u00e3o ter obtido o resultado esperado fora da Am\u00e9rica Latina no primeiro trimestre deste ano. Leia mais: \u201cEmpresa chinesa de entregas [&hellip;]<\/p>\n","protected":false},"author":5,"featured_media":20161,"comment_status":"open","ping_status":"open","sticky":false,"template":"","format":"standard","meta":{"_seopress_robots_primary_cat":"","_seopress_titles_title":"","_seopress_titles_desc":"","_seopress_robots_index":"","footnotes":""},"categories":[45],"tags":[],"class_list":["post-20160","post","type-post","status-publish","format-standard","has-post-thumbnail","hentry","category-economia"],"_links":{"self":[{"href":"https:\/\/mussicom.com\/noticias\/wp-json\/wp\/v2\/posts\/20160","targetHints":{"allow":["GET"]}}],"collection":[{"href":"https:\/\/mussicom.com\/noticias\/wp-json\/wp\/v2\/posts"}],"about":[{"href":"https:\/\/mussicom.com\/noticias\/wp-json\/wp\/v2\/types\/post"}],"author":[{"embeddable":true,"href":"https:\/\/mussicom.com\/noticias\/wp-json\/wp\/v2\/users\/5"}],"replies":[{"embeddable":true,"href":"https:\/\/mussicom.com\/noticias\/wp-json\/wp\/v2\/comments?post=20160"}],"version-history":[{"count":0,"href":"https:\/\/mussicom.com\/noticias\/wp-json\/wp\/v2\/posts\/20160\/revisions"}],"wp:featuredmedia":[{"embeddable":true,"href":"https:\/\/mussicom.com\/noticias\/wp-json\/wp\/v2\/media\/20161"}],"wp:attachment":[{"href":"https:\/\/mussicom.com\/noticias\/wp-json\/wp\/v2\/media?parent=20160"}],"wp:term":[{"taxonomy":"category","embeddable":true,"href":"https:\/\/mussicom.com\/noticias\/wp-json\/wp\/v2\/categories?post=20160"},{"taxonomy":"post_tag","embeddable":true,"href":"https:\/\/mussicom.com\/noticias\/wp-json\/wp\/v2\/tags?post=20160"}],"curies":[{"name":"wp","href":"https:\/\/api.w.org\/{rel}","templated":true}]}}