{"id":20049,"date":"2025-05-13T13:54:30","date_gmt":"2025-05-13T16:54:30","guid":{"rendered":"https:\/\/mussicom.com\/nao-existe-direita-sem-bolsonaro-defende-tarcisio\/"},"modified":"2025-05-13T13:54:30","modified_gmt":"2025-05-13T16:54:30","slug":"nao-existe-direita-sem-bolsonaro-defende-tarcisio","status":"publish","type":"post","link":"https:\/\/mussicom.com\/noticias\/nao-existe-direita-sem-bolsonaro-defende-tarcisio\/","title":{"rendered":"&#8216;N\u00e3o existe direita sem Bolsonaro&#8217;, defende Tarc\u00edsio"},"content":{"rendered":"<p> <br \/>\n<\/p>\n<div id=\"hd80s9wa1h892edh8192\">\n<p>Em uma confer\u00eancia realizada em Nova York na segunda-feira 12, o governador de S\u00e3o Paulo, <strong>Tarc\u00edsio de Freitas (Republicanos)<\/strong>, afirmou que n\u00e3o existe direita sem o ex-presidente <strong>Jair Bolsonaro<\/strong>. Ele ainda declarou que \u00e9 prematuro discutir as elei\u00e7\u00f5es presidenciais de 2026.<\/p>\n<blockquote class=\"wp-block-quote is-layout-flow wp-block-quote-is-layout-flow\">\n<p>\u201cEst\u00e1 muito longe\u201d, disse o governador. \u201cA gente n\u00e3o tem de falar em elei\u00e7\u00e3o agora, tem de falar em entrega [\u2026] Est\u00e1 muito cedo, falta um ano e meio para a elei\u00e7\u00e3o. O que temos de pensar agora \u00e9 em entregar resultados.\u201d<\/p>\n<\/blockquote>\n<p>A declara\u00e7\u00e3o de Tarc\u00edsio ocorreu depois do ex-presidente <strong>Michel Temer (MDB)<\/strong> sugerir que governadores de direita poderiam se unir para lan\u00e7ar uma candidatura \u00fanica no pr\u00f3ximo pleito. <\/p>\n<p>A fala de Temer foi interpretada por muitos como uma poss\u00edvel exclus\u00e3o de Bolsonaro das discuss\u00f5es pol\u00edticas futuras.<\/p>\n<h2 class=\"wp-block-heading\">Investidores estrangeiros demonstram cautela<\/h2>\n<p>Durante o evento, Tarc\u00edsio destacou que investidores estrangeiros mostram interesse no Brasil, mas com cautela. As principais preocupa\u00e7\u00f5es est\u00e3o relacionadas \u00e0s quest\u00f5es econ\u00f4micas e fiscais do pa\u00eds.<\/p>\n<p>Os investidores querem saber se o Brasil ter\u00e1 condi\u00e7\u00f5es de realizar reformas essenciais para melhorar a situa\u00e7\u00e3o econ\u00f4mica. \u201cEles est\u00e3o preocupados com a agenda Brasil, com o rombo da economia e, de certa forma, est\u00e3o olhando o Brasil com cautela\u201d, enfatizou o governador.<\/p>\n<p>Al\u00e9m disso, Tarc\u00edsio comentou sobre o cen\u00e1rio econ\u00f4mico em compara\u00e7\u00e3o com a Argentina. Ele afirmou que, embora o presidente argentino Javier Milei tenha impressionado muitos, o Brasil possui fundamentos econ\u00f4micos mais robustos. <\/p>\n<blockquote class=\"wp-block-quote is-layout-flow wp-block-quote-is-layout-flow\">\n<p>\u201cS\u00f3 precisamos mexer tr\u00eas, quatro alavancas\u201d, acrescentou, referindo-se aos ajustes necess\u00e1rios para impulsionar o crescimento econ\u00f4mico.<\/p>\n<\/blockquote>\n<h2 class=\"wp-block-heading\">A articula\u00e7\u00e3o de Temer sem Bolsonaro<\/h2>\n<figure class=\"wp-block-image aligncenter size-full is-resized\"><picture><source data-srcset=\"https:\/\/medias.revistaoeste.com\/wp-content\/uploads\/2024\/10\/16_ed238.jpg.webp 1920w, https:\/\/medias.revistaoeste.com\/wp-content\/uploads\/2024\/10\/16_ed238-300x156.jpg.webp 300w, https:\/\/medias.revistaoeste.com\/wp-content\/uploads\/2024\/10\/16_ed238-712x370.jpg.webp 712w, https:\/\/medias.revistaoeste.com\/wp-content\/uploads\/2024\/10\/16_ed238-150x78.jpg.webp 150w\" data-sizes=\"(max-width: 1920px) 100vw, 1920px\" type=\"image\/webp\"><img alt=\"\" fetchpriority=\"high\" decoding=\"async\" width=\"1920\" height=\"1000\" src=\"https:\/\/medias.revistaoeste.com\/wp-content\/uploads\/2024\/10\/16_ed238.jpg\" alt=\"\" class=\"wp-image-1685054\" style=\"width:612px;height:auto\" srcset=\"https:\/\/medias.revistaoeste.com\/wp-content\/uploads\/2024\/10\/16_ed238.jpg 1920w, https:\/\/medias.revistaoeste.com\/wp-content\/uploads\/2024\/10\/16_ed238-300x156.jpg 300w, https:\/\/medias.revistaoeste.com\/wp-content\/uploads\/2024\/10\/16_ed238-712x370.jpg 712w, https:\/\/medias.revistaoeste.com\/wp-content\/uploads\/2024\/10\/16_ed238-150x78.jpg 150w\" sizes=\"(max-width: 1920px) 100vw, 1920px\" data-eio=\"p\"\/><\/source><\/picture><figcaption class=\"wp-element-caption\">Michel Temer, ex-Presidente do Brasil | Foto: Andr\u00e9 Carvalho\/Divulga\u00e7\u00e3o<\/figcaption><\/figure>\n<p>A articula\u00e7\u00e3o liderada pelo ex-presidente Michel Temer visa criar uma candidatura \u00fanica de centro-direita para as elei\u00e7\u00f5es presidenciais de 2026. <\/p>\n<p>A iniciativa visa a oferecer uma alternativa \u00e0 \u201cpolariza\u00e7\u00e3o pol\u00edtica\u201d entre Luiz In\u00e1cio Lula da Silva e Jair Bolsonaro. De acordo com o portal Poder360, Temer j\u00e1 conseguiu apoio para alavancar a candidatura atrav\u00e9s do Movimento Brasil.<\/p>\n<blockquote class=\"wp-block-quote is-layout-flow wp-block-quote-is-layout-flow\">\n<p>\u201cEu vejo, em conversas que tive com alguns governadores, que eles est\u00e3o muito dispostos a algo desta natureza\u201d, disse Temer. \u201cN\u00e3o ser\u00e3o cinco que sair\u00e3o. De fato, sob um crit\u00e9rio palp\u00e1vel e objetivo, se sa\u00edrem cinco de um lado e um \u00fanico do outro, \u00e9 claro que este \u00fanico do outro ter\u00e1 uma vantagem extraordin\u00e1ria. Espero que haja dois ou tr\u00eas candidatos de programas determinados, sem muitas candidaturas.\u201d<\/p>\n<\/blockquote>\n<p>Os governadores envolvidos seriam Eduardo Leite (PSD-RS), Ratinho J\u00fanior (PSD-PR), Romeu Zema (Novo-MG), Ronaldo Caiado (Uni\u00e3o Brasil-GO) e Tarc\u00edsio de Freitas (Republicanos-SP). Tarc\u00edsio, no entanto, negou as alega\u00e7\u00f5es no evento em Nova York.<\/p>\n<p><strong>+ Leia mais not\u00edcias de Pol\u00edtica em Oeste<\/strong><\/p>\n<\/p><\/div>\n<p><script async src=\"\/\/www.instagram.com\/embed.js\"><\/script><br \/>\n<br \/><br \/>\n<br \/>Fonte: <a href=\"https:\/\/revistaoeste.com\/politica\/nao-existe-direita-sem-bolsonaro-defende-tarcisio\/\">Ag\u00eancia Brasil<\/a><\/p>\n","protected":false},"excerpt":{"rendered":"<p>Em uma confer\u00eancia realizada em Nova York na segunda-feira 12, o governador de S\u00e3o Paulo, Tarc\u00edsio de Freitas (Republicanos), afirmou que n\u00e3o existe direita sem o ex-presidente Jair Bolsonaro. Ele ainda declarou que \u00e9 prematuro discutir as elei\u00e7\u00f5es presidenciais de 2026. \u201cEst\u00e1 muito longe\u201d, disse o governador. \u201cA gente n\u00e3o tem de falar em elei\u00e7\u00e3o [&hellip;]<\/p>\n","protected":false},"author":5,"featured_media":7032,"comment_status":"open","ping_status":"open","sticky":false,"template":"","format":"standard","meta":{"_seopress_robots_primary_cat":"","_seopress_titles_title":"","_seopress_titles_desc":"","_seopress_robots_index":"","footnotes":""},"categories":[47,1],"tags":[],"class_list":["post-20049","post","type-post","status-publish","format-standard","has-post-thumbnail","hentry","category-politica","category-ultimas-noticias"],"_links":{"self":[{"href":"https:\/\/mussicom.com\/noticias\/wp-json\/wp\/v2\/posts\/20049","targetHints":{"allow":["GET"]}}],"collection":[{"href":"https:\/\/mussicom.com\/noticias\/wp-json\/wp\/v2\/posts"}],"about":[{"href":"https:\/\/mussicom.com\/noticias\/wp-json\/wp\/v2\/types\/post"}],"author":[{"embeddable":true,"href":"https:\/\/mussicom.com\/noticias\/wp-json\/wp\/v2\/users\/5"}],"replies":[{"embeddable":true,"href":"https:\/\/mussicom.com\/noticias\/wp-json\/wp\/v2\/comments?post=20049"}],"version-history":[{"count":0,"href":"https:\/\/mussicom.com\/noticias\/wp-json\/wp\/v2\/posts\/20049\/revisions"}],"wp:featuredmedia":[{"embeddable":true,"href":"https:\/\/mussicom.com\/noticias\/wp-json\/wp\/v2\/media\/7032"}],"wp:attachment":[{"href":"https:\/\/mussicom.com\/noticias\/wp-json\/wp\/v2\/media?parent=20049"}],"wp:term":[{"taxonomy":"category","embeddable":true,"href":"https:\/\/mussicom.com\/noticias\/wp-json\/wp\/v2\/categories?post=20049"},{"taxonomy":"post_tag","embeddable":true,"href":"https:\/\/mussicom.com\/noticias\/wp-json\/wp\/v2\/tags?post=20049"}],"curies":[{"name":"wp","href":"https:\/\/api.w.org\/{rel}","templated":true}]}}