{"id":20031,"date":"2025-05-13T12:17:48","date_gmt":"2025-05-13T15:17:48","guid":{"rendered":"https:\/\/mussicom.com\/segunda-temporada-de-fallout-ganha-previsao-de-estreia-no-prime-video\/"},"modified":"2025-05-13T12:17:48","modified_gmt":"2025-05-13T15:17:48","slug":"segunda-temporada-de-fallout-ganha-previsao-de-estreia-no-prime-video","status":"publish","type":"post","link":"https:\/\/mussicom.com\/noticias\/segunda-temporada-de-fallout-ganha-previsao-de-estreia-no-prime-video\/","title":{"rendered":"Segunda temporada de Fallout ganha previs\u00e3o de estreia no Prime Video"},"content":{"rendered":"<p> <br \/>\n<\/p>\n<div>\n<p><strong><em>Fallout<\/em><\/strong>, adapta\u00e7\u00e3o da s\u00e9rie hom\u00f4nima videogame, j\u00e1 tem data para retornar com os epis\u00f3dios de sua segunda temporada. Segundo a <em>Variety<\/em>, os novos cap\u00edtulos \u2014 que ir\u00e3o contar com a participa\u00e7\u00e3o de <strong>Macaulay Culkin<\/strong> (<em>Esqueceram de Mim<\/em>, <em>American Horror Story<\/em>) como um &#8220;g\u00eanio louco&#8221; \u2014 chegam ao servi\u00e7o de streaming a partir de dezembro deste ano, ainda sem data confirmada.<\/p>\n<p>Al\u00e9m disso, a produ\u00e7\u00e3o, que se tornou uma das maiores estreias da hist\u00f3ria do Prime Video, tamb\u00e9m j\u00e1 foi renovada para o Prime Video para uma terceira temporada, antes mesmo do lan\u00e7amento do segundo ano.<\/p>\n<h4><strong>Qual \u00e9 a hist\u00f3ria de\u00a0<em>Fallout<\/em>?<\/strong><\/h4>\n<p>Na hist\u00f3ria, que acontece duzentos anos ap\u00f3s o apocalipse, os habitantes dos luxuosos abrigos radioativos s\u00e3o for\u00e7ados a retornar \u00e0 paisagem infernal irradiada, que seus ancestrais deixaram para tr\u00e1s,e ficam chocados ao descobrir um universo incrivelmente complexo, alegremente estranho e altamente violento esperando por eles.<\/p>\n<p>Nesse cen\u00e1rio, conhecemos <strong>Lucy MacLean <\/strong>(<strong>Ella Purnell<\/strong>, <em>O Lar das Crian\u00e7as Peculiares<\/em>), uma moradora otimista de um Ref\u00fagio, com um esp\u00edrito empreender, tem a sua natureza pac\u00edfica testada quando \u00e9 for\u00e7ada a voltar \u00e0 superf\u00edcie para resgatar o pai.<\/p>\n<p>Tamb\u00e9m somos apresentados a <strong>Maximus<\/strong> (<span class=\"hero__primary-text\" data-testid=\"hero__primary-text\"><strong>Aaron Moten<\/strong>, <em>Emacipation: Uma Hist\u00f3ria de Liberdade<\/em>), escudeiro da Irmandade de A\u00e7o, que far\u00e1 de tudo para promover os objetivos da organiza\u00e7\u00e3o militar e trazer a lei e a ordem; e\u00a0<strong>Cooper Howard<\/strong>,<strong> o<\/strong><strong>Ghoul\u00a0<\/strong>(<strong>Walton Goggins<\/strong>, <em>Os Oito Odiados<\/em>), um ca\u00e7ador de recompensas moralmente amb\u00edguo, que guarda dentro de si uma hist\u00f3ria de 200 anos do mundo p\u00f3s-nuclear.<\/span><\/p>\n<p><em><strong>Fallout<\/strong><\/em> ainda conta com <strong>Moises Arias<\/strong> (<em>The King of Staten Island<\/em>), <strong>Kyle MacLachlan<\/strong> (<em>Twin Peaks<\/em>), <strong>Sarita Choudhury<\/strong> (<em>Homeland<\/em>), <strong>Michael Emerson<\/strong> (<em>Person of Interest<\/em>), <strong>Leslie Uggams<\/strong> (<em>Deadpool<\/em>), <strong>Frances Turner<\/strong> (<em>The Boys<\/em>), <strong>Dave Register<\/strong> (<em>Heightened<\/em>), <strong>Zach Cherry<\/strong> (<em>Severance<\/em>), <strong>Johnny Pemberton<\/strong> (<em>Homem-Formiga<\/em>), <strong>Rodrigo Luzzi<\/strong> (<em>Dead Ringers<\/em>), <strong>Annabel O&#8217;Hagan<\/strong> (<em>Law &amp; Order: SVU<\/em>) e <strong>Xelia Mendes-Jones<\/strong> (<em>A Roda do Tempo<\/em>). Assista ao trailer:<\/p>\n<p><iframe title=\"Fallout  | Trailer Oficial | Prime Video\" width=\"800\" height=\"450\" src=\"https:\/\/www.youtube.com\/embed\/zGyKzPsmxF8?feature=oembed\" frameborder=\"0\" allow=\"accelerometer; autoplay; clipboard-write; encrypted-media; gyroscope; picture-in-picture; web-share\" referrerpolicy=\"strict-origin-when-cross-origin\" allowfullscreen><\/iframe><\/p>\n<p><strong>FONTE:<\/strong>Variety<\/p>\n<p><strong>LEIA TAMB\u00c9M:<\/strong><em>Fallout<\/em> tem a 2\u00aa melhor estreia da hist\u00f3ria do Prime Video<\/p>\n<blockquote class=\"amdb-polls\" contenteditable=\"false\" data-sid=\"\/polls\/10\/embed\/\">\n<p>Qual foi a melhor s\u00e9rie estreante de 2024 at\u00e9 agora? Vote no seu favorito!<\/p>\n<ul>\n<li>Eco<\/li>\n<li>Percy Jackson e os Olimpianos<\/li>\n<li>True Detective: Terra Noturna<\/li>\n<li>Expatriadas<\/li>\n<li>Zorro<\/li>\n<li>Sr. &amp; Sra. Smith<\/li>\n<li>Um Dia<\/li>\n<li>Avatar: O \u00daltimo Mestre do Ar<\/li>\n<li>O Regime<\/li>\n<li>X-Men &#8217;97<\/li>\n<li>O Problema dos 3 Corpos<\/li>\n<li>Ripley<\/li>\n<li>Parasite: The Grey<\/li>\n<li>Iw\u00e1j\u00fa<\/li>\n<li>Fallout<\/li>\n<\/ul>\n<\/blockquote>\n<\/div>\n<p><br \/>\n<br \/>Fonte: <a href=\"https:\/\/rollingstone.com.br\/entretenimento\/segunda-temporada-de-fallout-ganha-previsao-de-estreia-no-prime-video\/\">rollingstone.com.br<\/a><\/p>\n","protected":false},"excerpt":{"rendered":"<p>Fallout, adapta\u00e7\u00e3o da s\u00e9rie hom\u00f4nima videogame, j\u00e1 tem data para retornar com os epis\u00f3dios de sua segunda temporada. Segundo a Variety, os novos cap\u00edtulos \u2014 que ir\u00e3o contar com a participa\u00e7\u00e3o de Macaulay Culkin (Esqueceram de Mim, American Horror Story) como um &#8220;g\u00eanio louco&#8221; \u2014 chegam ao servi\u00e7o de streaming a partir de dezembro deste [&hellip;]<\/p>\n","protected":false},"author":5,"featured_media":20032,"comment_status":"open","ping_status":"open","sticky":false,"template":"","format":"standard","meta":{"_seopress_robots_primary_cat":"","_seopress_titles_title":"","_seopress_titles_desc":"","_seopress_robots_index":"","footnotes":""},"categories":[51],"tags":[],"class_list":["post-20031","post","type-post","status-publish","format-standard","has-post-thumbnail","hentry","category-musica"],"_links":{"self":[{"href":"https:\/\/mussicom.com\/noticias\/wp-json\/wp\/v2\/posts\/20031","targetHints":{"allow":["GET"]}}],"collection":[{"href":"https:\/\/mussicom.com\/noticias\/wp-json\/wp\/v2\/posts"}],"about":[{"href":"https:\/\/mussicom.com\/noticias\/wp-json\/wp\/v2\/types\/post"}],"author":[{"embeddable":true,"href":"https:\/\/mussicom.com\/noticias\/wp-json\/wp\/v2\/users\/5"}],"replies":[{"embeddable":true,"href":"https:\/\/mussicom.com\/noticias\/wp-json\/wp\/v2\/comments?post=20031"}],"version-history":[{"count":0,"href":"https:\/\/mussicom.com\/noticias\/wp-json\/wp\/v2\/posts\/20031\/revisions"}],"wp:featuredmedia":[{"embeddable":true,"href":"https:\/\/mussicom.com\/noticias\/wp-json\/wp\/v2\/media\/20032"}],"wp:attachment":[{"href":"https:\/\/mussicom.com\/noticias\/wp-json\/wp\/v2\/media?parent=20031"}],"wp:term":[{"taxonomy":"category","embeddable":true,"href":"https:\/\/mussicom.com\/noticias\/wp-json\/wp\/v2\/categories?post=20031"},{"taxonomy":"post_tag","embeddable":true,"href":"https:\/\/mussicom.com\/noticias\/wp-json\/wp\/v2\/tags?post=20031"}],"curies":[{"name":"wp","href":"https:\/\/api.w.org\/{rel}","templated":true}]}}