{"id":20023,"date":"2025-05-13T11:30:42","date_gmt":"2025-05-13T14:30:42","guid":{"rendered":"https:\/\/mussicom.com\/dia-de-nossa-senhora-de-fatima-e-celebrado-nesta-terca-feira-13-em-guaruja\/"},"modified":"2025-05-13T11:30:42","modified_gmt":"2025-05-13T14:30:42","slug":"dia-de-nossa-senhora-de-fatima-e-celebrado-nesta-terca-feira-13-em-guaruja","status":"publish","type":"post","link":"https:\/\/mussicom.com\/noticias\/dia-de-nossa-senhora-de-fatima-e-celebrado-nesta-terca-feira-13-em-guaruja\/","title":{"rendered":"Dia de Nossa Senhora de F\u00e1tima \u00e9 celebrado nesta ter\u00e7a-feira (13) em Guaruj\u00e1"},"content":{"rendered":"<p> <br \/>\n<\/p>\n<div id=\"texto\">\n<p>Nesta ter\u00e7a-feira (13), haver\u00e1 a Solenidade da Bem-aventurada Virgem Maria do Ros\u00e1rio de F\u00e1tima, em comemora\u00e7\u00e3o ao dia da santa, uma das padroeiras de Guaruj\u00e1, ao lado de Santo Amaro. Esta data t\u00e3o importante para os cat\u00f3licos \u00e9 celebrada em 13 de maio, dia em que houve a primeira apari\u00e7\u00e3o de Nossa Senhora aos tr\u00eas pastorinhos, L\u00facia, Jacinta e Francisco, na cidade de F\u00e1tima, em Portugal. Ao todo, a programa\u00e7\u00e3o na Igreja Matriz conta com uma missa \u00e0s 8 horas e outra \u00e0s 17 horas. \u00c0s 18 horas, haver\u00e1 a r\u00e9cita do ter\u00e7o no Sal\u00e3o Paroquial, com uma prociss\u00e3o na Pra\u00e7a da Matriz, seguida de mais uma missa, \u00e0s 19 horas.<\/p>\n<p>\u00a0<\/p>\n<p>A imagem peregrina da santa, vinda diretamente de F\u00e1tima, chegou \u00e0 Cidade no \u00faltimo dia 3 e ficar\u00e1 at\u00e9 o final do m\u00eas. A visita especial marca as comemora\u00e7\u00f5es de 90 anos da Par\u00f3quia Nossa Senhora de F\u00e1tima e Santo Amaro e 50 anos da Irmandade de Nossa Senhora de F\u00e1tima. A iniciativa tem o apoio da Prefeitura de Guaruj\u00e1, atrav\u00e9s da Secretaria Municipal de Direitos Humanos e Cidadania (Sedhuci).<\/p>\n<p>\u00a0<\/p>\n<p>A \u00faltima vez que a imagem esteve na Cidade foi em outubro de 2023, por\u00e9m, vinda diretamente de Portugal a Guaruj\u00e1, foi em 2008. As celebra\u00e7\u00f5es ainda contam com uma programa\u00e7\u00e3o diversificada, que incluir\u00e1 missas, prociss\u00f5es e outras atividades religiosas at\u00e9 o dia 30 de maio, inclusive a tradicional quermesse, que vai at\u00e9 o dia 25 de maio. Ainda no dia 25, o destaque fica para a prociss\u00e3o motorizada, com a ben\u00e7\u00e3o dos carros, a partir das 9 horas. J\u00e1 a prociss\u00e3o das velas acontecer\u00e1 \u00e0s 18 horas, seguida da missa campal, \u00e0s 19 horas. No dia 30, \u00e0s 19 horas, haver\u00e1 a missa festiva, seguida da despedida da imagem peregrina.<\/p>\n<p>\u00a0<\/p>\n<p>\u00a0<\/p>\n<p><strong>Visita \u00e0s comunidades<\/strong><\/p>\n<p>A imagem vai percorrer diversos bairros da cidade entre os dias 17 e 24 de maio. Confira a programa\u00e7\u00e3o:<\/p>\n<p>\u00a0<\/p>\n<p>S\u00e1bado (17) | 19h | Capela Santo Ant\u00f4nio | Santo Ant\u00f4nio |<\/p>\n<p>Domingo (18) | 08h | Capela Esp\u00edrito Santo | Vila Baiana |<\/p>\n<p>Domingo (18) | 10h | Capela N. S. Auxiliadora | Pedreira |<\/p>\n<p>Domingo (18) | 18h | Capela Dom Bosco | Enseada |<\/p>\n<p>Segunda-feira (19) | 19h30 | Capela S\u00e3o Lucas | Vila Julia |<\/p>\n<p>Quinta-feira (22) | 15h30 | Capela do Hospital Santo Amaro | Centro |<\/p>\n<p>S\u00e1bado (24) | 19h30 | Capela Sagrada Fam\u00edlia | Ast\u00farias |<\/p>\n<\/p><\/div>\n<p><script async defer crossorigin=\"anonymous\" src=\"https:\/\/connect.facebook.net\/pt_BR\/sdk.js#xfbml=1&#038;version=v12.0&#038;appId=&#038;autoLogAppEvents=1\" nonce=\"ou0fI1lo\"><\/script><br \/>\n<br \/><br \/>\n<br \/>Fonte: <a href=\"https:\/\/www.bs9.com.br\/litoral\/dia-de-nossa-senhora-de-fatima-e-celebrado-nesta-terca-feira-13-em\/31648\/\">BS9<\/a><\/p>\n","protected":false},"excerpt":{"rendered":"<p>Nesta ter\u00e7a-feira (13), haver\u00e1 a Solenidade da Bem-aventurada Virgem Maria do Ros\u00e1rio de F\u00e1tima, em comemora\u00e7\u00e3o ao dia da santa, uma das padroeiras de Guaruj\u00e1, ao lado de Santo Amaro. Esta data t\u00e3o importante para os cat\u00f3licos \u00e9 celebrada em 13 de maio, dia em que houve a primeira apari\u00e7\u00e3o de Nossa Senhora aos tr\u00eas [&hellip;]<\/p>\n","protected":false},"author":5,"featured_media":20024,"comment_status":"open","ping_status":"open","sticky":false,"template":"","format":"standard","meta":{"_seopress_robots_primary_cat":"","_seopress_titles_title":"","_seopress_titles_desc":"","_seopress_robots_index":"","footnotes":""},"categories":[52],"tags":[],"class_list":["post-20023","post","type-post","status-publish","format-standard","has-post-thumbnail","hentry","category-santoseregiao"],"_links":{"self":[{"href":"https:\/\/mussicom.com\/noticias\/wp-json\/wp\/v2\/posts\/20023","targetHints":{"allow":["GET"]}}],"collection":[{"href":"https:\/\/mussicom.com\/noticias\/wp-json\/wp\/v2\/posts"}],"about":[{"href":"https:\/\/mussicom.com\/noticias\/wp-json\/wp\/v2\/types\/post"}],"author":[{"embeddable":true,"href":"https:\/\/mussicom.com\/noticias\/wp-json\/wp\/v2\/users\/5"}],"replies":[{"embeddable":true,"href":"https:\/\/mussicom.com\/noticias\/wp-json\/wp\/v2\/comments?post=20023"}],"version-history":[{"count":0,"href":"https:\/\/mussicom.com\/noticias\/wp-json\/wp\/v2\/posts\/20023\/revisions"}],"wp:featuredmedia":[{"embeddable":true,"href":"https:\/\/mussicom.com\/noticias\/wp-json\/wp\/v2\/media\/20024"}],"wp:attachment":[{"href":"https:\/\/mussicom.com\/noticias\/wp-json\/wp\/v2\/media?parent=20023"}],"wp:term":[{"taxonomy":"category","embeddable":true,"href":"https:\/\/mussicom.com\/noticias\/wp-json\/wp\/v2\/categories?post=20023"},{"taxonomy":"post_tag","embeddable":true,"href":"https:\/\/mussicom.com\/noticias\/wp-json\/wp\/v2\/tags?post=20023"}],"curies":[{"name":"wp","href":"https:\/\/api.w.org\/{rel}","templated":true}]}}