{"id":20016,"date":"2025-05-13T10:51:37","date_gmt":"2025-05-13T13:51:37","guid":{"rendered":"https:\/\/mussicom.com\/lula-sobre-brasil-e-china-nunca-estivemos-tao-proximos\/"},"modified":"2025-05-13T10:51:37","modified_gmt":"2025-05-13T13:51:37","slug":"lula-sobre-brasil-e-china-nunca-estivemos-tao-proximos","status":"publish","type":"post","link":"https:\/\/mussicom.com\/noticias\/lula-sobre-brasil-e-china-nunca-estivemos-tao-proximos\/","title":{"rendered":"Lula sobre Brasil e China: &#8216;Nunca estivemos t\u00e3o pr\u00f3ximos&#8217;"},"content":{"rendered":"<p> <br \/>\n<\/p>\n<div id=\"hd80s9wa1h892edh8192\">\n<p>O presidente Luiz In\u00e1cio Lula da Silva afirmou nesta ter\u00e7a-feira, 13, que o Brasil e a China nunca estiveram \u201ct\u00e3o pr\u00f3ximos\u201d e que essa rela\u00e7\u00e3o \u201cnunca foi t\u00e3o necess\u00e1ria\u201d. As declara\u00e7\u00f5es foram feitas \u00e0 imprensa ao lado do ditador chin\u00eas, Xi Jinping, em <strong>Pequim<\/strong>. Mais cedo, os dois assinaram 20 protocolos e memorandos de coopera\u00e7\u00e3o nas \u00e1reas de ci\u00eancia, tecnologia, aeroespacial e agricultura.<\/p>\n<blockquote class=\"wp-block-quote is-layout-flow wp-block-quote-is-layout-flow\">\n<p>\u201cA rela\u00e7\u00e3o entre o Brasil e a China nunca foi t\u00e3o necess\u00e1ria\u201d, afirmou Lula. \u201cH\u00e1 anos, a ordem internacional j\u00e1 demanda reformas profundas. Nos \u00faltimos meses, o mundo se tornou mais imprevis\u00edvel, mais inst\u00e1vel e mais fragmentado. China e Brasil est\u00e3o determinados a unir suas vozes contra o unilateralismo e o protecionismo. A defesa intransigente do multilateralismo \u00e9 uma tarefa urgente e necess\u00e1ria.\u201d<\/p>\n<\/blockquote>\n<p>\u201cN\u00e3o \u00e9 exagero dizer que, apesar dos mais de 15 mil quil\u00f4metros que nos separam, nunca estivemos t\u00e3o pr\u00f3ximos\u201d, continuou Lula. Assista ao discurso completo:<\/p>\n<figure class=\"wp-block-embed is-type-video is-provider-youtube wp-block-embed-youtube wp-embed-aspect-16-9 wp-has-aspect-ratio\">\n<div class=\"wp-block-embed__wrapper\">\n<div class=\"perfmatters-lazy-youtube\" data-src=\"https:\/\/www.youtube.com\/embed\/Afbjg47KSkY\" data-id=\"Afbjg47KSkY\" data-query=\"feature=oembed\" onclick=\"perfmattersLazyLoadYouTube(this);\">\n<div><img fetchpriority=\"high\" decoding=\"async\" src=\"https:\/\/i.ytimg.com\/vi\/Afbjg47KSkY\/hqdefault.jpg\" alt=\"YouTube video\" width=\"480\" height=\"360\" data-pin-nopin=\"true\" nopin=\"nopin\"\/><\/div>\n<\/div>\n<p><noscript><iframe title=\"Presidente Lula durante assinatura de atos e declara\u00e7\u00e3o \u00e0 imprensa em Pequim\" width=\"800\" height=\"450\" src=\"https:\/\/www.youtube.com\/embed\/Afbjg47KSkY?feature=oembed\" frameborder=\"0\" allow=\"accelerometer; autoplay; clipboard-write; encrypted-media; gyroscope; picture-in-picture; web-share\" referrerpolicy=\"strict-origin-when-cross-origin\" allowfullscreen><\/iframe><\/noscript>\n<\/div>\n<\/figure>\n<p>Esta foi a terceira vez que os dois se encontram desde que o petista tomou posse em 2023: uma vez em Bras\u00edlia e outras duas em solo chin\u00eas.<\/p>\n<h2 class=\"wp-block-heading\">Na China, Lula critica guerras comerciais<\/h2>\n<p>O presidente brasileiro tamb\u00e9m voltou a criticar as guerras comerciais. \u201cElas n\u00e3o t\u00eam vencedores\u201d, disse. \u201cElevam os pre\u00e7os, deprimem as economias e corroem a renda dos mais vulner\u00e1veis em todos os pa\u00edses.\u201d <\/p>\n<p>Em discurso antes de Lula, Xi Jinping declarou que \u201cChina e Brasil v\u00e3o defender juntos o livre com\u00e9rcio e o sistema multilateral\u201d. O ditador chin\u00eas tamb\u00e9m criticou as disputas comerciais e destacou a parceria estrat\u00e9gica com o Brasil.<\/p>\n<figure class=\"wp-block-embed is-type-rich is-provider-twitter wp-block-embed-twitter\">\n<div class=\"wp-block-embed__wrapper\">\n<blockquote class=\"twitter-tweet\" data-width=\"500\" data-dnt=\"true\">\n<p lang=\"pt\" dir=\"ltr\">A parceria com a China \u00e9 um elemento din\u00e2mico para a economia regional.<\/p>\n<p>A demanda chinesa foi um dos propulsores do crescimento que experimentamos no in\u00edcio do s\u00e9culo.<\/p>\n<p>Obtivemos avan\u00e7os expressivos na redu\u00e7\u00e3o da pobreza e da desigualdade.<\/p>\n<p>Foi nesse momento que finalmente\u2026 <a href=\"https:\/\/t.co\/W8qk07MYa6\">pic.twitter.com\/W8qk07MYa6<\/a><\/p>\n<p>\u2014 Lula (@LulaOficial) <a href=\"https:\/\/twitter.com\/LulaOficial\/status\/1922150377673396510?ref_src=twsrc%5Etfw\">May 13, 2025<\/a><\/p><\/blockquote>\n<\/div>\n<\/figure>\n<p>Nesta segunda-feira, 12, os Estados Unidos e a China <strong>anunciaram uma tr\u00e9gua<\/strong> de 90 dias na imposi\u00e7\u00e3o de tarifas rec\u00edprocas, que come\u00e7ou com o presidente norte-americano, Donald Trump. O acordo prev\u00ea que os dois pa\u00edses reduzam temporariamente as taxas comerciais.<\/p>\n<h2 class=\"wp-block-heading\"><strong>Ucr\u00e2nia e Gaza<\/strong><\/h2>\n<p>Lula tamb\u00e9m falou sobre a proposta de media\u00e7\u00e3o conjunta com a China para um acordo de paz entre R\u00fassia e Ucr\u00e2nia. A iniciativa, at\u00e9 o momento, n\u00e3o avan\u00e7ou. \u201cSuperar a insensatez dos conflitos armados tamb\u00e9m \u00e9 pr\u00e9-condi\u00e7\u00e3o para o desenvolvimento\u201d, afirmou. <\/p>\n<p>O presidente tamb\u00e9m citou a crise em Gaza: \u201cN\u00e3o haver\u00e1 paz sem um Estado da Palestina independente e vi\u00e1vel vivendo lado a lado com o Estado de Israel\u201d.<\/p>\n<p><strong>Leia mais: \u201cLula exalta revolu\u00e7\u00e3o chinesa durante evento em Pequim\u201d<\/strong><\/p>\n<p>No plano bilateral, Lula afirmou que \u201cas sinergias entre os projetos de desenvolvimento dos dois pa\u00edses\u201d j\u00e1 geraram resultados concretos. Ele mencionou a integra\u00e7\u00e3o financeira entre os bancos centrais e a mobiliza\u00e7\u00e3o conjunta para financiar projetos de infraestrutura, energia e sustentabilidade.<\/p>\n<p>\u201cNunca um n\u00famero t\u00e3o grande de projetos foi discutido de maneira sistem\u00e1tica em t\u00e3o pouco tempo\u201d, disse.<\/p>\n<h2 class=\"wp-block-heading\"><strong>A viagem de Lula<\/strong><\/h2>\n<p>Al\u00e9m da reuni\u00e3o com Xi Jinping, Lula se encontrou com outras autoridades chinesas: o primeiro-ministro Li Qiang e o presidente da Comiss\u00e3o Permanente da Assembleia Nacional, Zhao Leji. Tamb\u00e9m teve reuni\u00f5es com os presidentes da Col\u00f4mbia, Gustavo Petro, e do Chile, Gabriel Boric.<\/p>\n<p><strong>+ Leia mais not\u00edcias de Pol\u00edtica em Oeste<\/strong><\/p>\n<p>A comitiva brasileira conta com 11 ministros, o presidente do Senado, Davi Alcolumbre (Uni\u00e3o-AP), parlamentares, outras autoridades e cerca de 200 empres\u00e1rios. <\/p>\n<figure class=\"wp-block-embed is-type-rich is-provider-twitter wp-block-embed-twitter\">\n<div class=\"wp-block-embed__wrapper\">\n<blockquote class=\"twitter-tweet\" data-width=\"500\" data-dnt=\"true\">\n<p lang=\"pt\" dir=\"ltr\">Participei hoje de um encontro bilateral com o presidente Vladimir Putin, no Kremlin, onde acertamos a retomada da Comiss\u00e3o Brasileiro-Russa de Alto N\u00edvel de Coopera\u00e7\u00e3o, inst\u00e2ncia m\u00e1xima de discuss\u00e3o estrat\u00e9gica entre  os nossos dois pa\u00edses, que n\u00e3o se re\u00fane desde 2015.<\/p>\n<p>Nosso\u2026 <a href=\"https:\/\/t.co\/UORQqQw2be\">pic.twitter.com\/UORQqQw2be<\/a><\/p>\n<p>\u2014 Lula (@LulaOficial) <a href=\"https:\/\/twitter.com\/LulaOficial\/status\/1920904439604334830?ref_src=twsrc%5Etfw\">May 9, 2025<\/a><\/p><\/blockquote>\n<\/div>\n<\/figure>\n<p>Antes de chegar \u00e0 China, a comitiva passou pela R\u00fassia, onde Lula se encontrou com o presidente Vladimir Putin e defendeu o cessar-fogo na Ucr\u00e2nia.<\/p>\n<p><related-posts class=\"border-y border-gray-300 py-5\"><\/p>\n<h2 class=\"!text-2xl text-black font-primary font-semibold leading-none mb-3\">\n    Leia tamb\u00e9m:<br \/>\n  <\/h2>\n<p><\/related-posts><\/p><\/div>\n<p><script async src=\"\/\/platform.twitter.com\/widgets.js\" charset=\"utf-8\"><\/script><br \/>\n<br \/><br \/>\n<br \/>Fonte: <a href=\"https:\/\/revistaoeste.com\/politica\/lula-sobre-brasil-e-china-nunca-estivemos-tao-proximos\/\">Ag\u00eancia Brasil<\/a><\/p>\n","protected":false},"excerpt":{"rendered":"<p>O presidente Luiz In\u00e1cio Lula da Silva afirmou nesta ter\u00e7a-feira, 13, que o Brasil e a China nunca estiveram \u201ct\u00e3o pr\u00f3ximos\u201d e que essa rela\u00e7\u00e3o \u201cnunca foi t\u00e3o necess\u00e1ria\u201d. As declara\u00e7\u00f5es foram feitas \u00e0 imprensa ao lado do ditador chin\u00eas, Xi Jinping, em Pequim. Mais cedo, os dois assinaram 20 protocolos e memorandos de coopera\u00e7\u00e3o [&hellip;]<\/p>\n","protected":false},"author":5,"featured_media":20017,"comment_status":"open","ping_status":"open","sticky":false,"template":"","format":"standard","meta":{"_seopress_robots_primary_cat":"","_seopress_titles_title":"","_seopress_titles_desc":"","_seopress_robots_index":"","footnotes":""},"categories":[47,1],"tags":[],"class_list":["post-20016","post","type-post","status-publish","format-standard","has-post-thumbnail","hentry","category-politica","category-ultimas-noticias"],"_links":{"self":[{"href":"https:\/\/mussicom.com\/noticias\/wp-json\/wp\/v2\/posts\/20016","targetHints":{"allow":["GET"]}}],"collection":[{"href":"https:\/\/mussicom.com\/noticias\/wp-json\/wp\/v2\/posts"}],"about":[{"href":"https:\/\/mussicom.com\/noticias\/wp-json\/wp\/v2\/types\/post"}],"author":[{"embeddable":true,"href":"https:\/\/mussicom.com\/noticias\/wp-json\/wp\/v2\/users\/5"}],"replies":[{"embeddable":true,"href":"https:\/\/mussicom.com\/noticias\/wp-json\/wp\/v2\/comments?post=20016"}],"version-history":[{"count":0,"href":"https:\/\/mussicom.com\/noticias\/wp-json\/wp\/v2\/posts\/20016\/revisions"}],"wp:featuredmedia":[{"embeddable":true,"href":"https:\/\/mussicom.com\/noticias\/wp-json\/wp\/v2\/media\/20017"}],"wp:attachment":[{"href":"https:\/\/mussicom.com\/noticias\/wp-json\/wp\/v2\/media?parent=20016"}],"wp:term":[{"taxonomy":"category","embeddable":true,"href":"https:\/\/mussicom.com\/noticias\/wp-json\/wp\/v2\/categories?post=20016"},{"taxonomy":"post_tag","embeddable":true,"href":"https:\/\/mussicom.com\/noticias\/wp-json\/wp\/v2\/tags?post=20016"}],"curies":[{"name":"wp","href":"https:\/\/api.w.org\/{rel}","templated":true}]}}