{"id":19951,"date":"2025-05-13T03:22:31","date_gmt":"2025-05-13T06:22:31","guid":{"rendered":"https:\/\/mussicom.com\/encontro-com-autores-roda-de-conversa-e-espetaculo-convidam-a-reflexao-sobre-masculinidades\/"},"modified":"2025-05-13T03:22:31","modified_gmt":"2025-05-13T06:22:31","slug":"encontro-com-autores-roda-de-conversa-e-espetaculo-convidam-a-reflexao-sobre-masculinidades","status":"publish","type":"post","link":"https:\/\/mussicom.com\/noticias\/encontro-com-autores-roda-de-conversa-e-espetaculo-convidam-a-reflexao-sobre-masculinidades\/","title":{"rendered":"Encontro com Autores, Roda de Conversa e Espet\u00e1culo convidam \u00e0 reflex\u00e3o sobre masculinidades"},"content":{"rendered":"<p> <br \/>\n<\/p>\n<div id=\"texto\">\n<p>Em maio, o projeto\u00a0<em>Masculinidades<\/em>\u00a0traz uma programa\u00e7\u00e3o que oferece espa\u00e7os acolhedores para homens revisarem seus pap\u00e9is sociais, promovendo novas formas de ser e estar no mundo. O Sesc Santos convida o p\u00fablico a refletir sobre as masculinidades e suas intersec\u00e7\u00f5es no debate sobre igualdade de g\u00eanero.<\/p>\n<p>\u00a0<\/p>\n<p>Para falar sobre o tema, o\u00a0<strong>Encontro de leitores \u2013 Narrativas das Masculinidades<\/strong>\u00a0prop\u00f5e, de forma coletiva e em di\u00e1logo com autores, explorar obras liter\u00e1rias que contribuem para mapear e compreender as masculinidades no contexto contempor\u00e2neo. Entre os convidados, o escritor<strong>\u00a0<\/strong><em><strong>Stefano Volp\u00a0<\/strong><\/em>(dia 13\/5),<em><strong>\u00a0<\/strong><\/em>do livro &#8220;Homens Pretos (N\u00e3o) Choram&#8221;; o psicanalista\u00a0<em><strong>Pedro Ambra\u00a0<\/strong><\/em>(dia 20\/5), de &#8220;O que \u00e9 um homem? Psican\u00e1lise e hist\u00f3ria da masculinidade no Ocidente&#8221;, e poeta e artista queer\u00a0<em><strong>Tom Grito\u00a0<\/strong><\/em>(dia 27\/5), de &#8220;Antes que seja tarde para se falar de poesia&#8221; e &#8220;Eu sei como sair vivo disso&#8221;.<\/p>\n<p>\u00a0<\/p>\n<p>Entre os destaques da programa\u00e7\u00e3o est\u00e1 o bate-papo\u00a0<strong>&#8220;Paternidades, Masculinidades e Inf\u00e2ncias&#8221;<\/strong>, no dia 22\/5, com o pesquisador e escritor Caio C\u00e9sar, que traz reflex\u00f5es a partir do exerc\u00edcio da paternidade e das perspectivas de novas constru\u00e7\u00f5es de masculinidades na inf\u00e2ncia. E o espet\u00e1culo &#8220;<strong>Mandando o papo: n\u00f3s, homens!&#8221;<\/strong>, com equipe Plataforma e convidados, no dia 30\/5. Em um dispositivo perform\u00e1tico de um programa de TV, o p\u00fablico adentra no universo das masculinidades por meio de diferentes quadros.<\/p>\n<p>\u00a0<\/p>\n<p><strong>Confira a programa\u00e7\u00e3o completa<\/strong><\/p>\n<p>\u00a0<\/p>\n<p><strong><u>Encontro de leitores \u2013 Narrativas das Masculinidades<\/u><\/strong><\/p>\n<p><strong>Ter\u00e7as, 19h. Biblioteca. Gr\u00e1tis. A partir de 16 anos<\/strong><\/p>\n<p>\u00a0<\/p>\n<p><strong>Dia 13\/5.<\/strong>\u00a0<strong>Narrativas das Masculinidades &#8211; Stefano Volp<\/strong><\/p>\n<p>O escritor Stefano Volp fala sobre seu livro &#8220;Homens Pretos (N\u00e3o) Choram&#8221;.<em>\u00a0<\/em>Volp joga luz sobre as feridas, os medos e a solid\u00e3o do homem, sobretudo o negro, para buscar respostas sobre uma sociedade incapaz de compreender as vulnerabilidades e sutilezas que existem para al\u00e9m da imagem que se constr\u00f3i das pessoas.<\/p>\n<p>\u00a0<\/p>\n<p>Stefano Volp \u00e9 escritor, roteirista, tradutor e produtor editorial. Idealiza o Clube da Caixa Preta, um clube de leitura on-line com resgate de contos cl\u00e1ssicos escritos por autores negros. Volp tamb\u00e9m escreve para ve\u00edculos como a revista Veja e a Folha de S.Paulo.<\/p>\n<p>\u00a0<\/p>\n<p><strong>Dia 20\/5.<\/strong>\u00a0<strong>Narrativas das Masculinidades &#8211; Pedro Ambra<\/strong><\/p>\n<p>O psicanalista Pedro Ambra apresenta o livro &#8220;O que \u00e9 um homem? Psican\u00e1lise e hist\u00f3ria da masculinidade no Ocidente&#8221;, que analisa a constitui\u00e7\u00e3o hist\u00f3rica dos ideais de masculinidade e de que maneira estes se consolidam na estrutura do psiquismo.io<\/p>\n<p>\u00a0<\/p>\n<p>Pedro Ambra \u00e9 psicanalista, professor de psicologia da PUC-SP, e p\u00f3s-doutorando com bolsa FAPESP no programa de Psicologia Social do Instituto de Psicologia da USP, autor de diversos livros e artigos que articulam marcadores sociais da diferen\u00e7a e psican\u00e1lise.<\/p>\n<p>\u00a0<\/p>\n<p><strong>Dia 27\/5. Narrativas das Masculinidades &#8211; Tom Grito<\/strong><\/p>\n<p>O poeta Tom Grito apresenta seus livros &#8220;Antes que seja tarde para se falar de poesia&#8221; (2023) e &#8220;Eu sei como sair vivo disso&#8221; (2023).<\/p>\n<p>&#13;<br \/>\nTom Grito (ele\/\u00e9lu) \u00e9 poeta, artista cu\u00edr e pioneiro da cena de poetry slam no Rio de Janeiro. Cofundador do Slam das Minas RJ e Trans Slam, atua na intersec\u00e7\u00e3o entre literatura, corpo, g\u00eanero e oralidade, com projetos de acolhimento e diversidade.<\/p>\n<p>&#13;<br \/>\n\u00a0<\/p>\n<p><strong>bate-papo<\/strong><\/p>\n<p><strong><u>Paternidades, masculinidades e inf\u00e2ncias<\/u><\/strong><\/p>\n<p>Com Caio C\u00e9sar<\/p>\n<p>A partir do exerc\u00edcio da paternidade e da perspectiva de novas constru\u00e7\u00f5es de masculinidades na inf\u00e2ncia, este encontro prop\u00f5e um di\u00e1logo reflexivo entre homens sobre suas pr\u00f3prias constru\u00e7\u00f5es e refer\u00eancias de masculinidades.<\/p>\n<p>\u00a0<\/p>\n<p>Caio C\u00e9sar \u00e9 pesquisador sobre g\u00eanero e masculinidades, educador, escritor e consultor de diversidade e inclus\u00e3o. Foi coautor do livro &#8220;di\u00e1logos contempor\u00e2neos sobre homens negros e masculinidades&#8221; e facilitador de grupos reflexivos para homens no Projeto MEMOH.<\/p>\n<p><strong>Dia 22\/5. Quinta, 19h. Sala 2. Gr\u00e1tis. Livre.<\/strong><\/p>\n<p>&#13;<br \/>\n\u00a0<\/p>\n<p><strong>espet\u00e1culo<\/strong><\/p>\n<p><strong><u>Mandando o papo: n\u00f3s, homens!<\/u><\/strong><\/p>\n<p>Com Equipe Plataforma e convidados<\/p>\n<p>Em um dispositivo perform\u00e1tico de um programa de TV, o p\u00fablico \u00e9 trazido para adentrar no universo das masculinidades.<\/p>\n<p>\u00a0<\/p>\n<p>Contando com uma equipe de apresentadores-performers, um psic\u00f3logo e participantes convidados, diferentes quadros neste programa trazem temas como a desconstru\u00e7\u00e3o de estere\u00f3tipos de masculinidade e seus desafios; a masculinidade e o machismo; as diferentes masculinidades e suas interseccionalidades (ra\u00e7a, classe, identidade de g\u00eanero); desigualdade de g\u00eanero; impactos do machismo nos \u00edndices de sa\u00fade e viol\u00eancia; a psicologia masculina e a sa\u00fade mental dos homens; sexualidade, emo\u00e7\u00f5es, virilidade, masculinidade.<\/p>\n<p>\u00a0<\/p>\n<p><em><u>Ficha t\u00e9cnica<\/u><\/em><\/p>\n<p>Com Equipe Plataforma<\/p>\n<p>Dire\u00e7\u00e3o: Victor Casimiro<br \/>&#13;<br \/>\nConvidados: Mauro Marianno, Julio Tumbi Are e Plat\u00e3o Capurro<br \/>&#13;<br \/>\nPsic\u00f3logos colaboradores: Alexandre Ferreira, Gabriel Carmo, Gesli Matos<\/p>\n<p><strong>Dia 30\/5. Sexta, 20h. Audit\u00f3rio. Gr\u00e1tis. Retirada de ingressos 1h antes. A partir de 14 anos.<\/strong><\/p>\n<p>\u00a0<\/p>\n<p>\u00a0<\/p>\n<p><strong>SESC SANTOS<\/strong><strong>\u00a0<\/strong><\/p>\n<p>Rua Conselheiro Ribas, 136, Aparecida<\/p>\n<p>(13) 3278-9800 <\/p>\n<p>Site do Sesc SP<\/p>\n<p>Instagram. Facebook. @sescsantos<\/p>\n<p>YouTube \/sescemsantos<\/p>\n<\/p><\/div>\n<p><script async defer crossorigin=\"anonymous\" src=\"https:\/\/connect.facebook.net\/pt_BR\/sdk.js#xfbml=1&#038;version=v12.0&#038;appId=&#038;autoLogAppEvents=1\" nonce=\"ou0fI1lo\"><\/script><br \/>\n<br \/><br \/>\n<br \/>Fonte: <a href=\"https:\/\/www.bs9.com.br\/variedades\/encontro-com-autores-roda-de-conversa-e-espetaculo-convidam-a\/31609\/\">BS9<\/a><\/p>\n","protected":false},"excerpt":{"rendered":"<p>Em maio, o projeto\u00a0Masculinidades\u00a0traz uma programa\u00e7\u00e3o que oferece espa\u00e7os acolhedores para homens revisarem seus pap\u00e9is sociais, promovendo novas formas de ser e estar no mundo. O Sesc Santos convida o p\u00fablico a refletir sobre as masculinidades e suas intersec\u00e7\u00f5es no debate sobre igualdade de g\u00eanero. \u00a0 Para falar sobre o tema, o\u00a0Encontro de leitores \u2013 [&hellip;]<\/p>\n","protected":false},"author":5,"featured_media":19952,"comment_status":"open","ping_status":"open","sticky":false,"template":"","format":"standard","meta":{"_seopress_robots_primary_cat":"","_seopress_titles_title":"","_seopress_titles_desc":"","_seopress_robots_index":"","footnotes":""},"categories":[52],"tags":[],"class_list":["post-19951","post","type-post","status-publish","format-standard","has-post-thumbnail","hentry","category-santoseregiao"],"_links":{"self":[{"href":"https:\/\/mussicom.com\/noticias\/wp-json\/wp\/v2\/posts\/19951","targetHints":{"allow":["GET"]}}],"collection":[{"href":"https:\/\/mussicom.com\/noticias\/wp-json\/wp\/v2\/posts"}],"about":[{"href":"https:\/\/mussicom.com\/noticias\/wp-json\/wp\/v2\/types\/post"}],"author":[{"embeddable":true,"href":"https:\/\/mussicom.com\/noticias\/wp-json\/wp\/v2\/users\/5"}],"replies":[{"embeddable":true,"href":"https:\/\/mussicom.com\/noticias\/wp-json\/wp\/v2\/comments?post=19951"}],"version-history":[{"count":0,"href":"https:\/\/mussicom.com\/noticias\/wp-json\/wp\/v2\/posts\/19951\/revisions"}],"wp:featuredmedia":[{"embeddable":true,"href":"https:\/\/mussicom.com\/noticias\/wp-json\/wp\/v2\/media\/19952"}],"wp:attachment":[{"href":"https:\/\/mussicom.com\/noticias\/wp-json\/wp\/v2\/media?parent=19951"}],"wp:term":[{"taxonomy":"category","embeddable":true,"href":"https:\/\/mussicom.com\/noticias\/wp-json\/wp\/v2\/categories?post=19951"},{"taxonomy":"post_tag","embeddable":true,"href":"https:\/\/mussicom.com\/noticias\/wp-json\/wp\/v2\/tags?post=19951"}],"curies":[{"name":"wp","href":"https:\/\/api.w.org\/{rel}","templated":true}]}}