{"id":19932,"date":"2025-05-13T01:06:32","date_gmt":"2025-05-13T04:06:32","guid":{"rendered":"https:\/\/mussicom.com\/james-gunn-anuncia-lancamento-de-novo-trailer-de-superman\/"},"modified":"2025-05-13T01:06:32","modified_gmt":"2025-05-13T04:06:32","slug":"james-gunn-anuncia-lancamento-de-novo-trailer-de-superman","status":"publish","type":"post","link":"https:\/\/mussicom.com\/noticias\/james-gunn-anuncia-lancamento-de-novo-trailer-de-superman\/","title":{"rendered":"James Gunn anuncia lan\u00e7amento de novo trailer de Superman"},"content":{"rendered":"<p> <br \/>\n<\/p>\n<div>\n<p><strong>James Gunn<\/strong>(<em>Guardi\u00f5es da Gal\u00e1xia: Volume 3<\/em>) anunciou, em suas redes sociais, o lan\u00e7amento de um novo trailer de\u00a0<strong><em>Superman<\/em><\/strong>, longa de estreia do novo Universo Cinematogr\u00e1fico da DC, que chega aos cinemas brasileiros em julho.<\/p>\n<p><em>&#8220;Eu esperei por muito tempo para compartilhar isso com voc\u00eas. Trailer completo de <\/em><strong>Superman<\/strong><em> nesta quarta-feira&#8221;<\/em>, afirmou o cineasta, agendando o lan\u00e7amento para o pr\u00f3ximo dia 14 de maio. Confira:<\/p>\n<blockquote class=\"twitter-tweet\">\n<p dir=\"ltr\" lang=\"en\">I&#8217;ve been waiting too long to share this with you all! Full <a href=\"https:\/\/twitter.com\/hashtag\/Superman?ref_src=twsrc%5Etfw&amp;src=hash\">#Superman<\/a> Trailer this Wednesday. <a href=\"https:\/\/t.co\/PT46OUeZ9Q\">pic.twitter.com\/PT46OUeZ9Q<\/a><\/p>\n<p>&#13;<br \/>\n\u2014 James Gunn (@JamesGunn) <a href=\"https:\/\/twitter.com\/JamesGunn\/status\/1921959493979496781?ref_src=twsrc%5Etfw\">May 12, 2025<\/a><\/p><\/blockquote>\n<h4><strong>O que j\u00e1 sabemos sobre\u00a0<em>Superman<\/em>?<\/strong><\/h4>\n<p><strong><em>Superman<\/em><\/strong> acompanhar\u00e1 <strong>Superman<\/strong>\/<strong>Clark Kent<\/strong> na busca de reconciliar a heran\u00e7a kryptoniana com a cria\u00e7\u00e3o humana. Al\u00e9m de <strong>David Corenswet <\/strong>(<em>Pearl<\/em>, <em>Hollywood<\/em>) no papel principal, <strong>Rachel Brosnahan<\/strong> (<em>A Maravilhosa Sra. Maisel<\/em>) tamb\u00e9m estrela a novidade como a rep\u00f3rter <strong>Lois Lane<\/strong>, interesse amoroso do protagonista.<\/p>\n<p>O filme ainda conta com <strong>Nicholas Hoult\u00a0<\/strong>(<em>The Great<\/em>), <strong>Nathan Fillion<\/strong> (<em>O Esquadr\u00e3o Suicida<\/em>),\u00a0<strong>Isabela Merced <\/strong>(<em>Madame Teia<\/em>),\u00a0<strong>Edi Gathegi<\/strong> (<em>Crep\u00fasculo<\/em>), <strong>Anthony Carrigan<\/strong> (<em>Barry<\/em>), <strong>Skyler Gisondo<\/strong> (<em>Fora de S\u00e9rie<\/em>), <strong>Mar\u00eda Gabriela de Far\u00eda<\/strong> (<em>Isa TKM<\/em>),\u00a0<strong>Alan Tudyk\u00a0<\/strong>(<em>Rogue One: Uma Hist\u00f3ria Star Wars<\/em>)\u00a0e a modelo <strong>Sara Sampaio<\/strong> no elenco.<\/p>\n<h4><strong>Quando estreia <em>Superman<\/em>?<\/strong><\/h4>\n<p>Escrito e dirigido por\u00a0<strong>James Gunn<\/strong>, <strong><em>Superman <\/em><\/strong>est\u00e1 previsto para chegar aos cinemas brasileiros <strong>em 10 de julho de 2025<\/strong>. Assista ao trailer da novidade a seguir:<\/p>\n<p><iframe title=\"Superman l Trailer Teaser Oficial\" width=\"800\" height=\"450\" src=\"https:\/\/www.youtube.com\/embed\/7QAfy96YL88?feature=oembed\" frameborder=\"0\" allow=\"accelerometer; autoplay; clipboard-write; encrypted-media; gyroscope; picture-in-picture; web-share\" referrerpolicy=\"strict-origin-when-cross-origin\" allowfullscreen><\/iframe><\/p>\n<p><strong>LEIA TAMB\u00c9M:<\/strong>David Corenswet chegou a pesar mais de 100 quilos para viver o Superman<\/p>\n<blockquote class=\"amdb-polls\" contenteditable=\"false\" data-sid=\"\/polls\/11\/embed\/\">\n<p>Para qual lan\u00e7amento de 2025 voc\u00ea est\u00e1 mais ansioso? Vote em seu filme favorito!<\/p>\n<ul>\n<li>Baby (9 de janeiro)<\/li>\n<li>Babygirl (9 de janeiro)<\/li>\n<li>Aqui (16 de janeiro)<\/li>\n<li>Anora (23 de janeiro)<\/li>\n<li>5 de setembro (30 de janeiro)<\/li>\n<li>Emilia P\u00e9rez (6 de fevereiro)<\/li>\n<li>Better Man: A Hist\u00f3ria de Robbie Williams (6 de fevereiro)<\/li>\n<li>Capit\u00e3o Am\u00e9rica: Admir\u00e1vel Mundo Novo (13 de fevereiro)<\/li>\n<li>Branca de Neve (20 de mar\u00e7o)<\/li>\n<li>Um Filme Minecraft (4 de abril)<\/li>\n<li>Mickey 17 (18 de abril)<\/li>\n<li>Thunderbolts* (1\u00ba de maio)<\/li>\n<li>Quarteto Fant\u00e1stico: Primeiros Passos (24 de julho)<\/li>\n<li>Tron: Ares (9 de outubro)<\/li>\n<li>Wicked: Parte 2 (20 de novembro)<\/li>\n<\/ul>\n<\/blockquote>\n<hr\/>\n<\/div>\n<p><script async src=\"\/\/platform.twitter.com\/widgets.js\" charset=\"utf-8\"><\/script><br \/>\n<br \/><br \/>\n<br \/>Fonte: <a href=\"https:\/\/rollingstone.com.br\/cinema\/james-gunn-anuncia-lancamento-de-novo-trailer-de-superman\/\">rollingstone.com.br<\/a><\/p>\n","protected":false},"excerpt":{"rendered":"<p>James Gunn(Guardi\u00f5es da Gal\u00e1xia: Volume 3) anunciou, em suas redes sociais, o lan\u00e7amento de um novo trailer de\u00a0Superman, longa de estreia do novo Universo Cinematogr\u00e1fico da DC, que chega aos cinemas brasileiros em julho. &#8220;Eu esperei por muito tempo para compartilhar isso com voc\u00eas. Trailer completo de Superman nesta quarta-feira&#8221;, afirmou o cineasta, agendando o [&hellip;]<\/p>\n","protected":false},"author":5,"featured_media":19933,"comment_status":"open","ping_status":"open","sticky":false,"template":"","format":"standard","meta":{"_seopress_robots_primary_cat":"","_seopress_titles_title":"","_seopress_titles_desc":"","_seopress_robots_index":"","footnotes":""},"categories":[51],"tags":[],"class_list":["post-19932","post","type-post","status-publish","format-standard","has-post-thumbnail","hentry","category-musica"],"_links":{"self":[{"href":"https:\/\/mussicom.com\/noticias\/wp-json\/wp\/v2\/posts\/19932","targetHints":{"allow":["GET"]}}],"collection":[{"href":"https:\/\/mussicom.com\/noticias\/wp-json\/wp\/v2\/posts"}],"about":[{"href":"https:\/\/mussicom.com\/noticias\/wp-json\/wp\/v2\/types\/post"}],"author":[{"embeddable":true,"href":"https:\/\/mussicom.com\/noticias\/wp-json\/wp\/v2\/users\/5"}],"replies":[{"embeddable":true,"href":"https:\/\/mussicom.com\/noticias\/wp-json\/wp\/v2\/comments?post=19932"}],"version-history":[{"count":0,"href":"https:\/\/mussicom.com\/noticias\/wp-json\/wp\/v2\/posts\/19932\/revisions"}],"wp:featuredmedia":[{"embeddable":true,"href":"https:\/\/mussicom.com\/noticias\/wp-json\/wp\/v2\/media\/19933"}],"wp:attachment":[{"href":"https:\/\/mussicom.com\/noticias\/wp-json\/wp\/v2\/media?parent=19932"}],"wp:term":[{"taxonomy":"category","embeddable":true,"href":"https:\/\/mussicom.com\/noticias\/wp-json\/wp\/v2\/categories?post=19932"},{"taxonomy":"post_tag","embeddable":true,"href":"https:\/\/mussicom.com\/noticias\/wp-json\/wp\/v2\/tags?post=19932"}],"curies":[{"name":"wp","href":"https:\/\/api.w.org\/{rel}","templated":true}]}}