{"id":19926,"date":"2025-05-13T00:34:33","date_gmt":"2025-05-13T03:34:33","guid":{"rendered":"https:\/\/mussicom.com\/mujica-esta-em-estado-terminal-e-recebe-cuidados-paliativos\/"},"modified":"2025-05-13T00:34:33","modified_gmt":"2025-05-13T03:34:33","slug":"mujica-esta-em-estado-terminal-e-recebe-cuidados-paliativos","status":"publish","type":"post","link":"https:\/\/mussicom.com\/noticias\/mujica-esta-em-estado-terminal-e-recebe-cuidados-paliativos\/","title":{"rendered":"Mujica est\u00e1 em estado terminal e recebe cuidados paliativos"},"content":{"rendered":"<p> <br \/>\n<\/p>\n<div id=\"hd80s9wa1h892edh8192\">\n<p>O ex-presidente do <strong>Uruguai<\/strong> Jos\u00e9 Pepe Mujica est\u00e1 em est\u00e1gio terminal de c\u00e2ncer de es\u00f4fago e recebe cuidados paliativos. A informa\u00e7\u00e3o foi confirmada pela mulher do pol\u00edtico, a ex-vice-presidente Luc\u00eda Topolansky, \u00e0 r\u00e1dio local Sarand\u00ed.<\/p>\n<p>Segundo Topolansky, a prioridade da fam\u00edlia \u00e9 garantir que Mujica viva essa fase \u201cda melhor maneira poss\u00edvel\u201d.<\/p>\n<p><strong>Leia mais: \u201cVeja os pa\u00edses com o menor custo de vida da Am\u00e9rica do Sul\u201d<\/strong><\/p>\n<p>Em janeiro, <strong>Mujica revelou que o c\u00e2ncer havia se espalhado pelo corpo<\/strong>. Na \u00e9poca, disse que n\u00e3o se submeteria a novos tratamentos. \u201cEstou morrendo\u201d, afirmou ao jornal <em>B\u00fasqueda<\/em>. O ex-presidente explicou que, por causa de doen\u00e7as cr\u00f4nicas e da idade avan\u00e7ada, n\u00e3o podia mais fazer quimioterapia ou cirurgia. <\/p>\n<figure class=\"wp-block-embed is-type-video is-provider-youtube wp-block-embed-youtube wp-embed-aspect-16-9 wp-has-aspect-ratio\">\n<div class=\"wp-block-embed__wrapper\">\n<div class=\"perfmatters-lazy-youtube\" data-src=\"https:\/\/www.youtube.com\/embed\/uKi5v24hn1Y\" data-id=\"uKi5v24hn1Y\" data-query=\"feature=oembed\" onclick=\"perfmattersLazyLoadYouTube(this);\">\n<div><img fetchpriority=\"high\" decoding=\"async\" src=\"https:\/\/i.ytimg.com\/vi\/uKi5v24hn1Y\/hqdefault.jpg\" alt=\"YouTube video\" width=\"480\" height=\"360\" data-pin-nopin=\"true\" nopin=\"nopin\"\/><\/div>\n<\/div>\n<p><noscript><iframe title=\"Moraes concede pris\u00e3o domiciliar para Adalgiza Dourado\" width=\"800\" height=\"450\" src=\"https:\/\/www.youtube.com\/embed\/uKi5v24hn1Y?feature=oembed\" frameborder=\"0\" allow=\"accelerometer; autoplay; clipboard-write; encrypted-media; gyroscope; picture-in-picture; web-share\" referrerpolicy=\"strict-origin-when-cross-origin\" allowfullscreen><\/iframe><\/noscript>\n<\/div>\n<\/figure>\n<p>\u201cO que pe\u00e7o \u00e9 que me deixem em paz\u201d, disse Mujica, na ocasi\u00e3o. \u201cQue n\u00e3o me pe\u00e7am mais entrevistas nem nada. Meu ciclo j\u00e1 terminou. Sinceramente, estou morrendo. E o guerreiro tem direito ao seu descanso.\u201d<\/p>\n<h2 class=\"wp-block-heading\"><strong>Presidente do Uruguai pede respeito \u00e0 privacidade de Mujica<\/strong><\/h2>\n<p>Mujica n\u00e3o compareceu \u00e0s elei\u00e7\u00f5es regionais deste domingo, 11, em Montevid\u00e9u. Segundo a mulher, a viagem seria desgastante, e o m\u00e9dico desaconselhou a sa\u00edda.<\/p>\n<figure class=\"wp-block-image aligncenter size-full\"><picture><source data-srcset=\"https:\/\/medias.revistaoeste.com\/wp-content\/uploads\/2025\/05\/IMAGE-2025-05-12-185727.jpg.webp 848w, https:\/\/medias.revistaoeste.com\/wp-content\/uploads\/2025\/05\/IMAGE-2025-05-12-185727-300x169.jpg.webp 300w, https:\/\/medias.revistaoeste.com\/wp-content\/uploads\/2025\/05\/IMAGE-2025-05-12-185727-400x225.jpg.webp 400w, https:\/\/medias.revistaoeste.com\/wp-content\/uploads\/2025\/05\/IMAGE-2025-05-12-185727-216x121.jpg.webp 216w, https:\/\/medias.revistaoeste.com\/wp-content\/uploads\/2025\/05\/IMAGE-2025-05-12-185727-150x84.jpg.webp 150w\" data-sizes=\"(max-width: 848px) 100vw, 848px\" type=\"image\/webp\"><img decoding=\"async\" width=\"848\" height=\"477\" alt=\"O presidente do Uruguai, Yamand\u00fa Orsi, que foi vice de Mujica | Foto: Reprodu\u00e7\u00e3o\/ Redes sociais\" class=\"wp-image-1990857 perfmatters-lazy\" data-eio=\"p\" src=\"https:\/\/medias.revistaoeste.com\/wp-content\/uploads\/2025\/05\/IMAGE-2025-05-12-185727.jpg\" srcset=\"https:\/\/medias.revistaoeste.com\/wp-content\/uploads\/2025\/05\/IMAGE-2025-05-12-185727.jpg 848w, https:\/\/medias.revistaoeste.com\/wp-content\/uploads\/2025\/05\/IMAGE-2025-05-12-185727-300x169.jpg 300w, https:\/\/medias.revistaoeste.com\/wp-content\/uploads\/2025\/05\/IMAGE-2025-05-12-185727-400x225.jpg 400w, https:\/\/medias.revistaoeste.com\/wp-content\/uploads\/2025\/05\/IMAGE-2025-05-12-185727-216x121.jpg 216w, https:\/\/medias.revistaoeste.com\/wp-content\/uploads\/2025\/05\/IMAGE-2025-05-12-185727-150x84.jpg 150w\" data-sizes=\"(max-width: 848px) 100vw, 848px\"\/><img decoding=\"async\" width=\"848\" height=\"477\" src=\"https:\/\/medias.revistaoeste.com\/wp-content\/uploads\/2025\/05\/IMAGE-2025-05-12-185727.jpg\" alt=\"O presidente do Uruguai, Yamand\u00fa Orsi, que foi vice de Mujica | Foto: Reprodu\u00e7\u00e3o\/ Redes sociais\" class=\"wp-image-1990857\" srcset=\"https:\/\/medias.revistaoeste.com\/wp-content\/uploads\/2025\/05\/IMAGE-2025-05-12-185727.jpg 848w, https:\/\/medias.revistaoeste.com\/wp-content\/uploads\/2025\/05\/IMAGE-2025-05-12-185727-300x169.jpg 300w, https:\/\/medias.revistaoeste.com\/wp-content\/uploads\/2025\/05\/IMAGE-2025-05-12-185727-400x225.jpg 400w, https:\/\/medias.revistaoeste.com\/wp-content\/uploads\/2025\/05\/IMAGE-2025-05-12-185727-216x121.jpg 216w, https:\/\/medias.revistaoeste.com\/wp-content\/uploads\/2025\/05\/IMAGE-2025-05-12-185727-150x84.jpg 150w\" sizes=\"(max-width: 848px) 100vw, 848px\" data-eio=\"p\"\/><\/source><\/picture><figcaption class=\"wp-element-caption\">O presidente do Uruguai, Yamand\u00fa Orsi, que foi vice de Mujica | Foto: Reprodu\u00e7\u00e3o\/ Redes sociais<\/figcaption><\/figure>\n<p>O presidente do Uruguai, Yamand\u00fa Orsi, que foi vice de Mujica, pediu respeito \u00e0 privacidade do socialista. \u201cTodos devemos contribuir para garantir que, em todas as fases de nossas vidas, a dignidade seja a chave\u201d, declarou. \u201cN\u00e3o devemos enlouquec\u00ea-lo, devemos deix\u00e1-lo em paz.\u201d<\/p>\n<p><strong>+ Leia mais not\u00edcias de Mundo em Oeste<\/strong><\/p>\n<p>Presidente entre 2010 e 2015, Mujica \u00e9 uma das figuras mais conhecidas da esquerda latino-americana. Ex-guerrilheiro, passou 13 anos preso durante a ditadura militar no Uruguai.<\/p>\n<p><related-posts class=\"border-y border-gray-300 py-5\"><\/p>\n<h2 class=\"!text-2xl text-black font-primary font-semibold leading-none mb-3\">\n    Leia tamb\u00e9m:<br \/>\n  <\/h2>\n<p><\/related-posts><\/p><\/div>\n<p><br \/>\n<br \/>Fonte: <a href=\"https:\/\/revistaoeste.com\/mundo\/mujica-esta-em-estado-terminal-e-recebe-cuidados-paliativos\/\">Revista Oeste<\/a><\/p>\n","protected":false},"excerpt":{"rendered":"<p>O ex-presidente do Uruguai Jos\u00e9 Pepe Mujica est\u00e1 em est\u00e1gio terminal de c\u00e2ncer de es\u00f4fago e recebe cuidados paliativos. A informa\u00e7\u00e3o foi confirmada pela mulher do pol\u00edtico, a ex-vice-presidente Luc\u00eda Topolansky, \u00e0 r\u00e1dio local Sarand\u00ed. Segundo Topolansky, a prioridade da fam\u00edlia \u00e9 garantir que Mujica viva essa fase \u201cda melhor maneira poss\u00edvel\u201d. Leia mais: \u201cVeja [&hellip;]<\/p>\n","protected":false},"author":5,"featured_media":19927,"comment_status":"open","ping_status":"open","sticky":false,"template":"","format":"standard","meta":{"_seopress_robots_primary_cat":"","_seopress_titles_title":"","_seopress_titles_desc":"","_seopress_robots_index":"","footnotes":""},"categories":[48],"tags":[],"class_list":["post-19926","post","type-post","status-publish","format-standard","has-post-thumbnail","hentry","category-internacional"],"_links":{"self":[{"href":"https:\/\/mussicom.com\/noticias\/wp-json\/wp\/v2\/posts\/19926","targetHints":{"allow":["GET"]}}],"collection":[{"href":"https:\/\/mussicom.com\/noticias\/wp-json\/wp\/v2\/posts"}],"about":[{"href":"https:\/\/mussicom.com\/noticias\/wp-json\/wp\/v2\/types\/post"}],"author":[{"embeddable":true,"href":"https:\/\/mussicom.com\/noticias\/wp-json\/wp\/v2\/users\/5"}],"replies":[{"embeddable":true,"href":"https:\/\/mussicom.com\/noticias\/wp-json\/wp\/v2\/comments?post=19926"}],"version-history":[{"count":0,"href":"https:\/\/mussicom.com\/noticias\/wp-json\/wp\/v2\/posts\/19926\/revisions"}],"wp:featuredmedia":[{"embeddable":true,"href":"https:\/\/mussicom.com\/noticias\/wp-json\/wp\/v2\/media\/19927"}],"wp:attachment":[{"href":"https:\/\/mussicom.com\/noticias\/wp-json\/wp\/v2\/media?parent=19926"}],"wp:term":[{"taxonomy":"category","embeddable":true,"href":"https:\/\/mussicom.com\/noticias\/wp-json\/wp\/v2\/categories?post=19926"},{"taxonomy":"post_tag","embeddable":true,"href":"https:\/\/mussicom.com\/noticias\/wp-json\/wp\/v2\/tags?post=19926"}],"curies":[{"name":"wp","href":"https:\/\/api.w.org\/{rel}","templated":true}]}}