{"id":19815,"date":"2025-05-12T16:54:33","date_gmt":"2025-05-12T19:54:33","guid":{"rendered":"https:\/\/mussicom.com\/bertioga-oferece-transporte-publico-gratuito-no-aniversario-da-cidade\/"},"modified":"2025-05-12T16:54:33","modified_gmt":"2025-05-12T19:54:33","slug":"bertioga-oferece-transporte-publico-gratuito-no-aniversario-da-cidade","status":"publish","type":"post","link":"https:\/\/mussicom.com\/noticias\/bertioga-oferece-transporte-publico-gratuito-no-aniversario-da-cidade\/","title":{"rendered":"Bertioga oferece transporte p\u00fablico gratuito no anivers\u00e1rio da cidade"},"content":{"rendered":"<p> <br \/>\n<\/p>\n<p><strong>Medida busca garantir participa\u00e7\u00e3o de toda a popula\u00e7\u00e3o nas celebra\u00e7\u00f5es dos 34 anos de emancipa\u00e7\u00e3o, no dia 19 de maio<\/strong><\/p>\n<div>\n<p>Em celebra\u00e7\u00e3o ao anivers\u00e1rio de 34 anos de Bertioga, comemorado no dia 19 de maio, a Prefeitura ir\u00e1 oferecer gratuidade no transporte p\u00fablico municipal durante todo o dia. A medida visa garantir que todos os moradores possam participar das festividades programadas para a data, com comodidade e sem custos.<\/p>\n<p>\u201cGarantir transporte gratuito nesse dia \u00e9 garantir que todos possam celebrar essa data t\u00e3o especial para a nossa cidade\u201d, destaca o prefeito de Bertioga, Marcelo Vilares.<\/p>\n<p>Durante o dia 19, os \u00f4nibus municipais circular\u00e3o normalmente, sem cobran\u00e7a de tarifa. A expectativa \u00e9 de que a iniciativa contribua para uma maior participa\u00e7\u00e3o popular nas atividades comemorativas, promovendo integra\u00e7\u00e3o, lazer e valoriza\u00e7\u00e3o da cultura local.<\/p>\n<\/div>\n<p><br \/>\n<br \/>Fonte: <a href=\"https:\/\/jornaldaorla.com.br\/noticias\/bertioga-oferece-transporte-publico-gratuito-no-aniversario-da-cidade\/\">Jornal Da Orla<\/a><\/p>\n","protected":false},"excerpt":{"rendered":"<p>Medida busca garantir participa\u00e7\u00e3o de toda a popula\u00e7\u00e3o nas celebra\u00e7\u00f5es dos 34 anos de emancipa\u00e7\u00e3o, no dia 19 de maio Em celebra\u00e7\u00e3o ao anivers\u00e1rio de 34 anos de Bertioga, comemorado no dia 19 de maio, a Prefeitura ir\u00e1 oferecer gratuidade no transporte p\u00fablico municipal durante todo o dia. A medida visa garantir que todos os [&hellip;]<\/p>\n","protected":false},"author":5,"featured_media":19816,"comment_status":"open","ping_status":"open","sticky":false,"template":"","format":"standard","meta":{"_seopress_robots_primary_cat":"","_seopress_titles_title":"","_seopress_titles_desc":"","_seopress_robots_index":"","footnotes":""},"categories":[52],"tags":[],"class_list":["post-19815","post","type-post","status-publish","format-standard","has-post-thumbnail","hentry","category-santoseregiao"],"_links":{"self":[{"href":"https:\/\/mussicom.com\/noticias\/wp-json\/wp\/v2\/posts\/19815","targetHints":{"allow":["GET"]}}],"collection":[{"href":"https:\/\/mussicom.com\/noticias\/wp-json\/wp\/v2\/posts"}],"about":[{"href":"https:\/\/mussicom.com\/noticias\/wp-json\/wp\/v2\/types\/post"}],"author":[{"embeddable":true,"href":"https:\/\/mussicom.com\/noticias\/wp-json\/wp\/v2\/users\/5"}],"replies":[{"embeddable":true,"href":"https:\/\/mussicom.com\/noticias\/wp-json\/wp\/v2\/comments?post=19815"}],"version-history":[{"count":0,"href":"https:\/\/mussicom.com\/noticias\/wp-json\/wp\/v2\/posts\/19815\/revisions"}],"wp:featuredmedia":[{"embeddable":true,"href":"https:\/\/mussicom.com\/noticias\/wp-json\/wp\/v2\/media\/19816"}],"wp:attachment":[{"href":"https:\/\/mussicom.com\/noticias\/wp-json\/wp\/v2\/media?parent=19815"}],"wp:term":[{"taxonomy":"category","embeddable":true,"href":"https:\/\/mussicom.com\/noticias\/wp-json\/wp\/v2\/categories?post=19815"},{"taxonomy":"post_tag","embeddable":true,"href":"https:\/\/mussicom.com\/noticias\/wp-json\/wp\/v2\/tags?post=19815"}],"curies":[{"name":"wp","href":"https:\/\/api.w.org\/{rel}","templated":true}]}}