{"id":19687,"date":"2025-05-12T00:15:50","date_gmt":"2025-05-12T03:15:50","guid":{"rendered":"https:\/\/mussicom.com\/gleisi-pede-a-banqueiros-para-frear-impacto-do-video-sobre-inss\/"},"modified":"2025-05-12T00:15:50","modified_gmt":"2025-05-12T03:15:50","slug":"gleisi-pede-a-banqueiros-para-frear-impacto-do-video-sobre-inss","status":"publish","type":"post","link":"https:\/\/mussicom.com\/noticias\/gleisi-pede-a-banqueiros-para-frear-impacto-do-video-sobre-inss\/","title":{"rendered":"Gleisi pede a banqueiros para frear impacto do v\u00eddeo sobre INSS"},"content":{"rendered":"<p> <br \/>\n<\/p>\n<div id=\"hd80s9wa1h892edh8192\">\n<p>A ministra Gleisi Hoffmann, da Secretaria de Rela\u00e7\u00f5es Institucionais, procurou o presidente da Federa\u00e7\u00e3o Brasileira de Bancos (Febraban), Isaac Sidney, numa tentativa de conter o impacto causado por um v\u00eddeo do deputado Nikolas Ferreira (PL-MG), segundo o portal Metr\u00f3poles. <\/p>\n<p><strong>+ Leia mais not\u00edcias de Pol\u00edtica em Oeste<\/strong><\/p>\n<p>O v\u00eddeo viralizou ao associar o esc\u00e2ndalo no\u00a0<strong>Instituto Nacional do Seguro Social (INSS)<\/strong> a supostos empr\u00e9stimos consignados no valor de R$ 90 bilh\u00f5es. O governador de S\u00e3o Paulo, Tarc\u00edsio de Freitas (Republicanos), tamb\u00e9m postou o v\u00eddeo de Nikolas.<\/p>\n<figure class=\"wp-block-embed is-type-video is-provider-youtube wp-block-embed-youtube wp-embed-aspect-16-9 wp-has-aspect-ratio\">\n<div class=\"wp-block-embed__wrapper\">\n<div class=\"perfmatters-lazy-youtube\" data-src=\"https:\/\/www.youtube.com\/embed\/avhZWn5D99Y\" data-id=\"avhZWn5D99Y\" data-query=\"feature=oembed\" onclick=\"perfmattersLazyLoadYouTube(this);\">\n<div><img fetchpriority=\"high\" decoding=\"async\" src=\"https:\/\/i.ytimg.com\/vi\/avhZWn5D99Y\/hqdefault.jpg\" alt=\"YouTube video\" width=\"480\" height=\"360\" data-pin-nopin=\"true\" nopin=\"nopin\"\/><\/div>\n<\/div>\n<p><noscript><iframe title=\"PT lan\u00e7a cartilha para &#039;refutar&#039; v\u00eddeo bomb\u00e1stico de Nikolas sobre INSS\" width=\"800\" height=\"450\" src=\"https:\/\/www.youtube.com\/embed\/avhZWn5D99Y?feature=oembed\" frameborder=\"0\" allow=\"accelerometer; autoplay; clipboard-write; encrypted-media; gyroscope; picture-in-picture; web-share\" referrerpolicy=\"strict-origin-when-cross-origin\" allowfullscreen><\/iframe><\/noscript>\n<\/div>\n<\/figure>\n<p>A Febraban, em nota, negou ter recebido qualquer pedido formal para se posicionar sobre o assunto. Mesmo assim, o movimento de Gleisi, segundo o portal, indica um inc\u00f4modo do governo com a velocidade e o alcance das redes sociais.<\/p>\n<p>Publicado na quarta-feira 6, o v\u00eddeo atingiu mais de 100 milh\u00f5es de visualiza\u00e7\u00f5es em menos de 24 horas e ampliou a press\u00e3o sobre o Executivo. <\/p>\n<p>Na quinta-feira 7, Gleisi disse que somente no governo do presidente Luiz In\u00e1cio lula da Silva (PT), a Pol\u00edcia Federal (PF) e a <strong>Controladoria Geral da Uni\u00e3o (CGU)<\/strong> combateram os descontos fraudulentos de aposentados e pensionistas do INSS.<\/p>\n<h2 class=\"wp-block-heading\">Gleisi garante investiga\u00e7\u00e3o no INSS<\/h2>\n<p>Segundo Gleisi, que acusou o governo de Jair Bolsonaro de dar in\u00edcio a esta fraude, o governo de Lula trabalha para responsabilizar as entidades fraudulentas e garantir que os aposentados prejudicados sejam ressarcidos.<\/p>\n<p>A CGU rebateu fala do parlamentar, ao declarar que a investiga\u00e7\u00e3o da PF diz respeito a descontos indevidos de mensalidades associativas, que somam R$ 6,3 bilh\u00f5es e n\u00e3o R$ 90 milh\u00f5es.<\/p>\n<p><strong>Leia mais: \u201cFraude no INSS: associa\u00e7\u00f5es pagaram mais de R$ 100 milh\u00f5es a empresas de consignado\u201d<\/strong><\/p>\n<p>Atual chefe da Secretaria, Gleisi ocupa o cargo por ser uma das figuras de maior confian\u00e7a do presidente Lula. <\/p>\n<p>Ex-deputada federal e ex-ministra da Casa Civil, ela atua como articuladora central do governo junto ao Congresso, especialmente em momentos de crise ou de instabilidade na opini\u00e3o p\u00fablica. Tamb\u00e9m \u00e9 a atual presidente do PT.<\/p>\n<\/p><\/div>\n<p><br \/>\n<br \/>Fonte: <a href=\"https:\/\/revistaoeste.com\/politica\/gleisi-pede-que-banqueiros-ajudem-a-frear-impacto-do-video-sobre-inss\/\">Ag\u00eancia Brasil<\/a><\/p>\n","protected":false},"excerpt":{"rendered":"<p>A ministra Gleisi Hoffmann, da Secretaria de Rela\u00e7\u00f5es Institucionais, procurou o presidente da Federa\u00e7\u00e3o Brasileira de Bancos (Febraban), Isaac Sidney, numa tentativa de conter o impacto causado por um v\u00eddeo do deputado Nikolas Ferreira (PL-MG), segundo o portal Metr\u00f3poles. + Leia mais not\u00edcias de Pol\u00edtica em Oeste O v\u00eddeo viralizou ao associar o esc\u00e2ndalo no\u00a0Instituto [&hellip;]<\/p>\n","protected":false},"author":5,"featured_media":19688,"comment_status":"open","ping_status":"open","sticky":false,"template":"","format":"standard","meta":{"_seopress_robots_primary_cat":"","_seopress_titles_title":"","_seopress_titles_desc":"","_seopress_robots_index":"","footnotes":""},"categories":[47,1],"tags":[],"class_list":["post-19687","post","type-post","status-publish","format-standard","has-post-thumbnail","hentry","category-politica","category-ultimas-noticias"],"_links":{"self":[{"href":"https:\/\/mussicom.com\/noticias\/wp-json\/wp\/v2\/posts\/19687","targetHints":{"allow":["GET"]}}],"collection":[{"href":"https:\/\/mussicom.com\/noticias\/wp-json\/wp\/v2\/posts"}],"about":[{"href":"https:\/\/mussicom.com\/noticias\/wp-json\/wp\/v2\/types\/post"}],"author":[{"embeddable":true,"href":"https:\/\/mussicom.com\/noticias\/wp-json\/wp\/v2\/users\/5"}],"replies":[{"embeddable":true,"href":"https:\/\/mussicom.com\/noticias\/wp-json\/wp\/v2\/comments?post=19687"}],"version-history":[{"count":0,"href":"https:\/\/mussicom.com\/noticias\/wp-json\/wp\/v2\/posts\/19687\/revisions"}],"wp:featuredmedia":[{"embeddable":true,"href":"https:\/\/mussicom.com\/noticias\/wp-json\/wp\/v2\/media\/19688"}],"wp:attachment":[{"href":"https:\/\/mussicom.com\/noticias\/wp-json\/wp\/v2\/media?parent=19687"}],"wp:term":[{"taxonomy":"category","embeddable":true,"href":"https:\/\/mussicom.com\/noticias\/wp-json\/wp\/v2\/categories?post=19687"},{"taxonomy":"post_tag","embeddable":true,"href":"https:\/\/mussicom.com\/noticias\/wp-json\/wp\/v2\/tags?post=19687"}],"curies":[{"name":"wp","href":"https:\/\/api.w.org\/{rel}","templated":true}]}}