{"id":19637,"date":"2025-05-11T19:25:31","date_gmt":"2025-05-11T22:25:31","guid":{"rendered":"https:\/\/mussicom.com\/como-um-bolo-de-cenoura-explica-a-alta-carga-tributaria-do-brasil\/"},"modified":"2025-05-11T19:25:31","modified_gmt":"2025-05-11T22:25:31","slug":"como-um-bolo-de-cenoura-explica-a-alta-carga-tributaria-do-brasil","status":"publish","type":"post","link":"https:\/\/mussicom.com\/noticias\/como-um-bolo-de-cenoura-explica-a-alta-carga-tributaria-do-brasil\/","title":{"rendered":"como um bolo de cenoura explica a alta carga tribut\u00e1ria do Brasil"},"content":{"rendered":"<p> <br \/>\n<\/p>\n<div id=\"hd80s9wa1h892edh8192\">\n<p>Em v\u00eddeo que circula nas redes sociais, a vereadora Manu Vieira (PL), de <strong>Florian\u00f3polis<\/strong>, usou peda\u00e7os de bolo de cenoura para ilustrar um dado estarrecedor: o Brasil \u00e9 um dos pa\u00edses onde mais se perde tempo apenas para pagar impostos.<\/p>\n<p><strong>+ Leia mais not\u00edcias de Economia em Oeste<\/strong><\/p>\n<p>Com bandeirinhas fincadas nos peda\u00e7os de bolo, a vereadora catarinense comparou a carga tribut\u00e1ria de cinco pa\u00edses \u2014 Noruega, China, Estados Unidos, Chile e Brasil. Este \u00faltimo apresenta o cen\u00e1rio mais hostil aos empreendedores.<\/p>\n<h2 class=\"wp-block-heading\">Assista ao v\u00eddeo<\/h2>\n<blockquote class=\"instagram-media\" data-instgrm-captioned=\"\" data-instgrm-permalink=\"https:\/\/www.instagram.com\/reel\/DJcCmwfu48g\/?utm_source=ig_embed&amp;utm_campaign=loading\" data-instgrm-version=\"14\" style=\" background:#FFF; border:0; border-radius:3px; box-shadow:0 0 1px 0 rgba(0,0,0,0.5),0 1px 10px 0 rgba(0,0,0,0.15); margin: 1px; max-width:540px; min-width:326px; padding:0; width:99.375%; width:-webkit-calc(100% - 2px); width:calc(100% - 2px);\"\/>\n<p>Conforme os dados apresentados por Manu, o tempo que os pa\u00edses levam para cumprir com suas obriga\u00e7\u00f5es fiscais \u00e9 este:<\/p>\n<ul>\n<li>Brasil (1501 horas);<\/li>\n<li>Chile (296 horas);<\/li>\n<li>Estados Unidos (175 horas);<\/li>\n<li>China (138 horas); e<\/li>\n<li>Noruega (79 horas).<\/li>\n<\/ul>\n<p>\u201cEntendeu agora por que \u00e9 t\u00e3o dif\u00edcil gerar emprego no Brasil?\u201d, indagou a vereadora, ao fim do v\u00eddeo.<\/p>\n<h2 class=\"wp-block-heading\">O sufocamento do empreendedor brasileiro<\/h2>\n<p>Em reportagem publicada na <strong>Edi\u00e7\u00e3o 268<\/strong>, a Revista <strong>Oeste<\/strong> mostra os entraves burocr\u00e1ticos e tribut\u00e1rios que pesam sobre qualquer um que se atreva a empreender no Brasil. Tanto as esferas federal quanto a estadual e a municipal t\u00eam suas pr\u00f3prias exig\u00eancias \u2014 todas designadas a sugar o m\u00e1ximo poss\u00edvel do caixa das empresas.\u00a0<\/p>\n<p>O ambiente de neg\u00f3cios cronicamente atrasado do Brasil impressiona at\u00e9 estrangeiros. O Banco Mundial, em 2021, em um estudo sobre o pa\u00eds, descobriu que empresas nacionais gastam 1,5 mil horas por ano apenas para cumprir obriga\u00e7\u00f5es fiscais. Em pa\u00edses desenvolvidos, esse total \u00e9 de 150 horas.\u00a0\u00c9 o que ilustra o v\u00eddeo de Manu.<\/p>\n<p>A complexidade para empreender \u00e9 mais intensa em alguns Estados, como no Rio de Janeiro, que tem o segundo maior Imposto sobre Circula\u00e7\u00e3o de Mercadorias e Servi\u00e7os (ICMS) do pa\u00eds.\u00a0<\/p>\n<h2 class=\"wp-block-heading\"><strong>Leia um trecho da reportagem sobre o ambiente de neg\u00f3cios do Brasil<\/strong><\/h2>\n<p><em>\u201cRespons\u00e1vel pelo segundo maior PIB estadual do pa\u00eds \u2014 atr\u00e1s apenas de S\u00e3o Paulo \u2014, o Rio de Janeiro tem tamb\u00e9m o segundo maior ICMS. Com al\u00edquota padr\u00e3o de 22%, perde para o Maranh\u00e3o, cuja taxa foi atualizada para 23% neste ano. Ainda assim, o Estado nordestino teve mais empresas abertas em 2023 que o Rio. [\u2026] N\u00e3o \u00e0 toa, mais de 180 mil empresas fecharam as portas em 2023 no Estado. Entre os empres\u00e1rios que decidiram nadar contra a corrente e manter o neg\u00f3cio aberto est\u00e1 Jos\u00e9 Alexandre Pinto, dono da Panifica\u00e7\u00e3o Oceano, localizada na Ilha do Governador, zona norte da capital.<\/em><\/p>\n<p><em>Junto ao s\u00f3cio, ele toca a empresa h\u00e1 27 anos. \u2018A carga tribut\u00e1ria e a burocracia s\u00f3 aumentam\u2019, lamenta. Somando-se os gastos com impostos, servi\u00e7os de contabilidade e outras obriga\u00e7\u00f5es, o total chega a 30% do faturamento mensal. Os custos para contratar, manter ou demitir funcion\u00e1rios tamb\u00e9m s\u00e3o bastante elevados.\u201d<\/em><\/p>\n<figure class=\"wp-block-image aligncenter size-full\"><picture><source data-srcset=\"https:\/\/medias.revistaoeste.com\/wp-content\/uploads\/2025\/05\/WhatsApp-Image-2025-05-08-at-18.38.08-1-1.jpeg.webp 2203w, https:\/\/medias.revistaoeste.com\/wp-content\/uploads\/2025\/05\/WhatsApp-Image-2025-05-08-at-18.38.08-1-1-300x214.jpeg.webp 300w, https:\/\/medias.revistaoeste.com\/wp-content\/uploads\/2025\/05\/WhatsApp-Image-2025-05-08-at-18.38.08-1-1-150x107.jpeg.webp 150w\" data-sizes=\"(max-width: 2203px) 100vw, 2203px\" type=\"image\/webp\"><img fetchpriority=\"high\" decoding=\"async\" width=\"2203\" height=\"1574\" src=\"https:\/\/medias.revistaoeste.com\/wp-content\/uploads\/2025\/05\/WhatsApp-Image-2025-05-08-at-18.38.08-1-1.jpeg\" alt=\"O sufocamento institucional do empreendedor brasileiro&#10;\" class=\"wp-image-1988781\" srcset=\"https:\/\/medias.revistaoeste.com\/wp-content\/uploads\/2025\/05\/WhatsApp-Image-2025-05-08-at-18.38.08-1-1.jpeg 2203w, https:\/\/medias.revistaoeste.com\/wp-content\/uploads\/2025\/05\/WhatsApp-Image-2025-05-08-at-18.38.08-1-1-300x214.jpeg 300w, https:\/\/medias.revistaoeste.com\/wp-content\/uploads\/2025\/05\/WhatsApp-Image-2025-05-08-at-18.38.08-1-1-150x107.jpeg 150w\" sizes=\"(max-width: 2203px) 100vw, 2203px\" data-eio=\"p\"\/><\/source><\/picture><figcaption class=\"wp-element-caption\">Panifica\u00e7\u00e3o Oceano, no Rio de Janeiro, opera h\u00e1 cerca de 30 anos | Foto: Revista Oeste<\/figcaption><\/figure>\n<p>A reportagem <strong>\u201c(A falta de) perspectivas de um empreendedor no Brasil\u201d<\/strong> est\u00e1 dispon\u00edvel a todos os mais de 100 mil assinantes da Revista <strong>Oeste<\/strong>.<\/p>\n<p>Gostou? D\u00ea uma olhada no conte\u00fado abaixo.<\/p>\n<h2 class=\"wp-block-heading\"><strong>Revista Oeste<\/strong><\/h2>\n<p>A Edi\u00e7\u00e3o 268 da Revista <strong>Oeste<\/strong> vai al\u00e9m do texto de Isabela Jord\u00e3o. A publica\u00e7\u00e3o digital conta com reportagens especiais e artigos de J. R. Guzzo, Silvio Navarro, Augusto Nunes, Alexandre Garcia, Guilherme Fiuza, Carlo Cauti, Adalberto Piotto, Ubiratan Jorge Iorio, Cristyan Costa, Ana Paula Henkel, Roberto Motta, Rodrigo Constantino, Dagomir Marquezi, Brendan O\u2019Neill (da <strong><em>Spiked<\/em><\/strong>), Jeffrey A. Tucker e Daniela Giorno.<\/p>\n<p><em>Startup<\/em> de jornalismo on-line, a Revista <strong>Oeste<\/strong> est\u00e1 no ar desde mar\u00e7o de 2020. Sem aceitar an\u00fancios de \u00f3rg\u00e3os p\u00fablicos, o projeto \u00e9 financiado diretamente por seus assinantes. Para fazer parte da comunidade que apoia a publica\u00e7\u00e3o digital que defende a liberdade e o liberalismo econ\u00f4mico,  basta <strong>clicar aqui<\/strong>, escolher o plano e seguir os passos indicados.<\/p>\n<p><strong>Leia tamb\u00e9m: \u201cA falta de perspectivas de um empreendedor no Brasil\u201d, reportagem de Isabela Jord\u00e3o publicada na Edi\u00e7\u00e3o 268 da Revista Oeste<\/strong><\/p>\n<\/p><\/div>\n<p><script async src=\"\/\/www.instagram.com\/embed.js\"><\/script><br \/>\n<br \/><br \/>\n<br \/>Fonte: <a href=\"https:\/\/revistaoeste.com\/economia\/video-como-um-bolo-de-cenoura-explica-a-alta-carga-tributaria-do-brasil\/\">Revista oeste<\/a><\/p>\n","protected":false},"excerpt":{"rendered":"<p>Em v\u00eddeo que circula nas redes sociais, a vereadora Manu Vieira (PL), de Florian\u00f3polis, usou peda\u00e7os de bolo de cenoura para ilustrar um dado estarrecedor: o Brasil \u00e9 um dos pa\u00edses onde mais se perde tempo apenas para pagar impostos. + Leia mais not\u00edcias de Economia em Oeste Com bandeirinhas fincadas nos peda\u00e7os de bolo, [&hellip;]<\/p>\n","protected":false},"author":5,"featured_media":19638,"comment_status":"open","ping_status":"open","sticky":false,"template":"","format":"standard","meta":{"_seopress_robots_primary_cat":"","_seopress_titles_title":"","_seopress_titles_desc":"","_seopress_robots_index":"","footnotes":""},"categories":[45],"tags":[],"class_list":["post-19637","post","type-post","status-publish","format-standard","has-post-thumbnail","hentry","category-economia"],"_links":{"self":[{"href":"https:\/\/mussicom.com\/noticias\/wp-json\/wp\/v2\/posts\/19637","targetHints":{"allow":["GET"]}}],"collection":[{"href":"https:\/\/mussicom.com\/noticias\/wp-json\/wp\/v2\/posts"}],"about":[{"href":"https:\/\/mussicom.com\/noticias\/wp-json\/wp\/v2\/types\/post"}],"author":[{"embeddable":true,"href":"https:\/\/mussicom.com\/noticias\/wp-json\/wp\/v2\/users\/5"}],"replies":[{"embeddable":true,"href":"https:\/\/mussicom.com\/noticias\/wp-json\/wp\/v2\/comments?post=19637"}],"version-history":[{"count":0,"href":"https:\/\/mussicom.com\/noticias\/wp-json\/wp\/v2\/posts\/19637\/revisions"}],"wp:featuredmedia":[{"embeddable":true,"href":"https:\/\/mussicom.com\/noticias\/wp-json\/wp\/v2\/media\/19638"}],"wp:attachment":[{"href":"https:\/\/mussicom.com\/noticias\/wp-json\/wp\/v2\/media?parent=19637"}],"wp:term":[{"taxonomy":"category","embeddable":true,"href":"https:\/\/mussicom.com\/noticias\/wp-json\/wp\/v2\/categories?post=19637"},{"taxonomy":"post_tag","embeddable":true,"href":"https:\/\/mussicom.com\/noticias\/wp-json\/wp\/v2\/tags?post=19637"}],"curies":[{"name":"wp","href":"https:\/\/api.w.org\/{rel}","templated":true}]}}