{"id":19633,"date":"2025-05-11T19:05:49","date_gmt":"2025-05-11T22:05:49","guid":{"rendered":"https:\/\/mussicom.com\/mumia-de-5-mil-anos-e-achada-em-deposito-de-lixo-no-peru\/"},"modified":"2025-05-11T19:05:49","modified_gmt":"2025-05-11T22:05:49","slug":"mumia-de-5-mil-anos-e-achada-em-deposito-de-lixo-no-peru","status":"publish","type":"post","link":"https:\/\/mussicom.com\/noticias\/mumia-de-5-mil-anos-e-achada-em-deposito-de-lixo-no-peru\/","title":{"rendered":"M\u00famia de 5 mil anos \u00e9 achada em dep\u00f3sito de lixo no Peru"},"content":{"rendered":"<p> <br \/>\n<\/p>\n<div id=\"hd80s9wa1h892edh8192\">\n<p><strong>Arque\u00f3logos<\/strong> descobriram uma m\u00famia com mais de 5 mil anos enterrada em meio a restos descartados no S\u00edtio de \u00c1spero, na costa do Peru. O enterro fora dos t\u00famulos cerimoniais, t\u00edpicos da cultura Caral, pode mudar o que se sabe sobre uma das civiliza\u00e7\u00f5es mais antigas das Am\u00e9ricas.<\/p>\n<p><strong>+ Leia mais not\u00edcias de Mundo em Oeste <\/strong><\/p>\n<p>O corpo ainda preserva pele, cabelo e unhas \u2014 um grau de conserva\u00e7\u00e3o raro para restos humanos t\u00e3o antigos. Segundo o <strong>Minist\u00e9rio da Cultura do Peru<\/strong>, os arque\u00f3logos encontraram a m\u00famia em um antigo centro urbano da civiliza\u00e7\u00e3o Caral, que floresceu entre 3000 a.C. e 1800 a.C.<\/p>\n<p>O local do sepultamento surpreendeu os pesquisadores. Em vez de receber os ritos funer\u00e1rios usuais, o indiv\u00edduo foi enterrado em um dep\u00f3sito de lixo. Para os especialistas, isso pode indicar que a pessoa ocupava posi\u00e7\u00e3o social inferior ou foi marginalizada pela comunidade.<\/p>\n<figure class=\"wp-block-embed aligncenter is-type-video is-provider-youtube wp-block-embed-youtube wp-embed-aspect-16-9 wp-has-aspect-ratio\">\n<div class=\"wp-block-embed__wrapper\">\n<div class=\"perfmatters-lazy-youtube\" data-src=\"https:\/\/www.youtube.com\/embed\/P3RdoiHLSYw\" data-id=\"P3RdoiHLSYw\" data-query=\"feature=oembed\" onclick=\"perfmattersLazyLoadYouTube(this);\">\n<div><img fetchpriority=\"high\" decoding=\"async\" src=\"https:\/\/i.ytimg.com\/vi\/P3RdoiHLSYw\/hqdefault.jpg\" alt=\"YouTube video\" width=\"480\" height=\"360\" data-pin-nopin=\"true\" nopin=\"nopin\"\/><\/div>\n<\/div>\n<p><noscript><iframe title=\"A ci\u00eancia avan\u00e7a no Brasil perante muitos desafios\" width=\"800\" height=\"450\" src=\"https:\/\/www.youtube.com\/embed\/P3RdoiHLSYw?feature=oembed\" frameborder=\"0\" allow=\"accelerometer; autoplay; clipboard-write; encrypted-media; gyroscope; picture-in-picture; web-share\" referrerpolicy=\"strict-origin-when-cross-origin\" allowfullscreen><\/iframe><\/noscript>\n<\/div>\n<\/figure>\n<p>A teoria levanta uma nova hip\u00f3tese sobre a estrutura social de Caral: uma sociedade hierarquizada, em que nem todos tinham direito ao mesmo tratamento nem mesmo depois da morte. A descoberta leva os estudiosos a sugerir que o sistema de estratifica\u00e7\u00e3o era mais r\u00edgido do que indicavam os estudos anteriores.<\/p>\n<h2 class=\"wp-block-heading\"><strong>Preserva\u00e7\u00e3o da m\u00famia indica poss\u00edvel t\u00e9cnica ancestral<\/strong><\/h2>\n<p>Apesar do local degradado, o corpo permaneceu em impressionante estado de conserva\u00e7\u00e3o. Isso abriu espa\u00e7o para especula\u00e7\u00f5es sobre o uso de pr\u00e1ticas rudimentares de conserva\u00e7\u00e3o ou mumifica\u00e7\u00e3o, at\u00e9 ent\u00e3o pouco documentadas na cultura Caral.<\/p>\n<p>Os pesquisadores ainda n\u00e3o chegaram a um consenso sobre a origem da preserva\u00e7\u00e3o, mas consideram que o uso de t\u00e9cnicas emp\u00edricas refor\u00e7a o valor da descoberta. O caso se soma a outros estudos que investigam como civiliza\u00e7\u00f5es antigas tratavam seus mortos \u2014 n\u00e3o apenas os l\u00edderes, mas tamb\u00e9m os cidad\u00e3os comuns.<\/p>\n<p><strong>+ Leia tamb\u00e9m: \u201cComo a ci\u00eancia mede as ondas do mar; entenda\u201d <\/strong><\/p>\n<p>Para os arque\u00f3logos, a descoberta destaca a necessidade de investigar \u00e1reas al\u00e9m dos templos e monumentos. Espa\u00e7os cotidianos, como dep\u00f3sitos e zonas de descarte, podem esconder pistas cruciais sobre a vida \u2014 e a morte \u2014 das camadas menos privilegiadas.<\/p>\n<p>A m\u00famia de \u00c1spero se torna, assim, uma chave para compreender n\u00e3o apenas a sociedade Caral, mas tamb\u00e9m a complexidade das rela\u00e7\u00f5es sociais em civiliza\u00e7\u00f5es pr\u00e9-colombianas.<\/p>\n<\/p><\/div>\n<p><br \/>\n<br \/>Fonte: <a href=\"https:\/\/revistaoeste.com\/mundo\/mumia-de-5-mil-anos-e-achada-em-deposito-de-lixo-no-peru\/\">Revista Oeste<\/a><\/p>\n","protected":false},"excerpt":{"rendered":"<p>Arque\u00f3logos descobriram uma m\u00famia com mais de 5 mil anos enterrada em meio a restos descartados no S\u00edtio de \u00c1spero, na costa do Peru. O enterro fora dos t\u00famulos cerimoniais, t\u00edpicos da cultura Caral, pode mudar o que se sabe sobre uma das civiliza\u00e7\u00f5es mais antigas das Am\u00e9ricas. + Leia mais not\u00edcias de Mundo em [&hellip;]<\/p>\n","protected":false},"author":5,"featured_media":19634,"comment_status":"open","ping_status":"open","sticky":false,"template":"","format":"standard","meta":{"_seopress_robots_primary_cat":"","_seopress_titles_title":"","_seopress_titles_desc":"","_seopress_robots_index":"","footnotes":""},"categories":[48],"tags":[],"class_list":["post-19633","post","type-post","status-publish","format-standard","has-post-thumbnail","hentry","category-internacional"],"_links":{"self":[{"href":"https:\/\/mussicom.com\/noticias\/wp-json\/wp\/v2\/posts\/19633","targetHints":{"allow":["GET"]}}],"collection":[{"href":"https:\/\/mussicom.com\/noticias\/wp-json\/wp\/v2\/posts"}],"about":[{"href":"https:\/\/mussicom.com\/noticias\/wp-json\/wp\/v2\/types\/post"}],"author":[{"embeddable":true,"href":"https:\/\/mussicom.com\/noticias\/wp-json\/wp\/v2\/users\/5"}],"replies":[{"embeddable":true,"href":"https:\/\/mussicom.com\/noticias\/wp-json\/wp\/v2\/comments?post=19633"}],"version-history":[{"count":0,"href":"https:\/\/mussicom.com\/noticias\/wp-json\/wp\/v2\/posts\/19633\/revisions"}],"wp:featuredmedia":[{"embeddable":true,"href":"https:\/\/mussicom.com\/noticias\/wp-json\/wp\/v2\/media\/19634"}],"wp:attachment":[{"href":"https:\/\/mussicom.com\/noticias\/wp-json\/wp\/v2\/media?parent=19633"}],"wp:term":[{"taxonomy":"category","embeddable":true,"href":"https:\/\/mussicom.com\/noticias\/wp-json\/wp\/v2\/categories?post=19633"},{"taxonomy":"post_tag","embeddable":true,"href":"https:\/\/mussicom.com\/noticias\/wp-json\/wp\/v2\/tags?post=19633"}],"curies":[{"name":"wp","href":"https:\/\/api.w.org\/{rel}","templated":true}]}}