{"id":19580,"date":"2025-05-11T13:04:49","date_gmt":"2025-05-11T16:04:49","guid":{"rendered":"https:\/\/mussicom.com\/juiz-tem-conduta-avaliada-pelo-cnj-por-manter-descontos\/"},"modified":"2025-05-11T13:04:49","modified_gmt":"2025-05-11T16:04:49","slug":"juiz-tem-conduta-avaliada-pelo-cnj-por-manter-descontos","status":"publish","type":"post","link":"https:\/\/mussicom.com\/noticias\/juiz-tem-conduta-avaliada-pelo-cnj-por-manter-descontos\/","title":{"rendered":"juiz tem conduta avaliada pelo CNJ por manter descontos"},"content":{"rendered":"<p> <br \/>\n<\/p>\n<div id=\"hd80s9wa1h892edh8192\">\n<p>O <strong>Conselho Nacional de Justi\u00e7a<\/strong> (CNJ) vai avaliar a conduta do juiz Marco Ant\u00f4nio Mendes Ribeiro, da comarca de S\u00e3o Miguel (RN). Ele negou uma liminar a um idoso de 84 anos, do interior do Estado, para suspender descontos n\u00e3o autorizados em sua aposentadoria do <strong>Instituto Nacional do Seguro Social<\/strong> (INSS).<\/p>\n<p>Embora tenha reconhecido a ilegalidade dos descontos, o juiz n\u00e3o viu urg\u00eancia suficiente para atender ao pedido do aposentado. Mendes Ribeiro argumentou que os valores descontados eram baixos, os abatimentos ocorriam h\u00e1 \u201ctempo consider\u00e1vel\u201d e n\u00e3o havia \u201cperigo de dano concreto\u201d. A apura\u00e7\u00e3o \u00e9 da emissora CNN.\u00a0<\/p>\n<p><strong>+ Leia mais not\u00edcias de <\/strong><strong>Pol\u00edtica<\/strong><strong> em Oeste<\/strong><\/p>\n<p>O aposentado autor do pedido recebe um sal\u00e1rio m\u00ednimo, de R$ 1.412. Ele passou a ter R$ 28,24 descontados mensalmente desde abril de 2024, referentes a uma contribui\u00e7\u00e3o para a Associa\u00e7\u00e3o dos Aposentados e Pensionistas Nacional (AAPEN).\u00a0<\/p>\n<figure class=\"wp-block-image aligncenter size-full\"><picture><source data-srcset=\"https:\/\/medias.revistaoeste.com\/wp-content\/uploads\/2025\/05\/Idosos-aguardam-na-fila-da-Previdencia-Social-administrada-pelo-INSS-em-Curitiba.jpg.webp 860w, https:\/\/medias.revistaoeste.com\/wp-content\/uploads\/2025\/05\/Idosos-aguardam-na-fila-da-Previdencia-Social-administrada-pelo-INSS-em-Curitiba-300x199.jpg.webp 300w, https:\/\/medias.revistaoeste.com\/wp-content\/uploads\/2025\/05\/Idosos-aguardam-na-fila-da-Previdencia-Social-administrada-pelo-INSS-em-Curitiba-150x99.jpg.webp 150w\" data-sizes=\"(max-width: 860px) 100vw, 860px\" type=\"image\/webp\"><img fetchpriority=\"high\" decoding=\"async\" width=\"860\" height=\"570\" src=\"https:\/\/medias.revistaoeste.com\/wp-content\/uploads\/2025\/05\/Idosos-aguardam-na-fila-da-Previdencia-Social-administrada-pelo-INSS-em-Curitiba.jpg\" alt=\"Idosos aguardam na fila da Previd\u00eancia Social, administrada pelo INSS, em Curitiba\" class=\"wp-image-1988223\" srcset=\"https:\/\/medias.revistaoeste.com\/wp-content\/uploads\/2025\/05\/Idosos-aguardam-na-fila-da-Previdencia-Social-administrada-pelo-INSS-em-Curitiba.jpg 860w, https:\/\/medias.revistaoeste.com\/wp-content\/uploads\/2025\/05\/Idosos-aguardam-na-fila-da-Previdencia-Social-administrada-pelo-INSS-em-Curitiba-300x199.jpg 300w, https:\/\/medias.revistaoeste.com\/wp-content\/uploads\/2025\/05\/Idosos-aguardam-na-fila-da-Previdencia-Social-administrada-pelo-INSS-em-Curitiba-150x99.jpg 150w\" sizes=\"(max-width: 860px) 100vw, 860px\" data-eio=\"p\"\/><\/source><\/picture><figcaption class=\"wp-element-caption\">Idosos aguardam na fila da Previd\u00eancia Social, administrada pelo INSS, em Curitiba | Foto: Divulga\u00e7\u00e3o\/Ag\u00eancia Senado<\/figcaption><\/figure>\n<p>A entidade est\u00e1 entre as associa\u00e7\u00f5es investigadas pela <strong>Pol\u00edcia Federal<\/strong> e pela Controladoria Geral da Uni\u00e3o (CGU) por integrar o \u201cn\u00facleo\u201d do esquema criminoso no INSS. As fraudes, que come\u00e7aram em 2019, podem chegar a R$ 6,3 bilh\u00f5es.<\/p>\n<p>O juiz do Rio Grande do Norte negou o pedido de tutela de urg\u00eancia por avaliar que os descontos n\u00e3o comprometiam o sustento do idoso de 84 anos. \u201cO valor cobrado mensalmente pela parte r\u00e9, mesmo que, em tese, seja il\u00edcito, \u00e9 irris\u00f3rio, de forma a n\u00e3o conseguir retirar a subsist\u00eancia da parte promovente\u201d, escreveu na decis\u00e3o.<\/p>\n<p>Diante da negativa, a defesa recorreu ao Tribunal de Justi\u00e7a do Rio Grande do Norte. Durante esse per\u00edodo, os descontos continuaram por mais sete meses e foram suspensos s\u00f3 em mar\u00e7o deste ano, quando o desembargador Luiz Alberto Dantas Filho concedeu liminar favor\u00e1vel ao aposentado e intimou a AAPEN.\u00a0<\/p>\n<p>O magistrado de segunda inst\u00e2ncia destacou a necessidade de cautela e a exist\u00eancia de ind\u00edcios de contrata\u00e7\u00e3o fraudulenta.\u00a0<\/p>\n<figure class=\"wp-block-image aligncenter size-full\"><picture><source data-srcset=\"https:\/\/medias.revistaoeste.com\/wp-content\/uploads\/2025\/05\/INSS-6.jpg.webp 800w, https:\/\/medias.revistaoeste.com\/wp-content\/uploads\/2025\/05\/INSS-6-300x178.jpg.webp 300w, https:\/\/medias.revistaoeste.com\/wp-content\/uploads\/2025\/05\/INSS-6-150x89.jpg.webp 150w\" data-sizes=\"(max-width: 800px) 100vw, 800px\" type=\"image\/webp\"><img decoding=\"async\" width=\"800\" height=\"474\" alt=\"Fachada do INSS em Bras\u00edlia - 2.11.2023 | Foto: Rafa Neddermeyer\/Ag\u00eancia Brasil\" class=\"wp-image-1983101 perfmatters-lazy\" data-eio=\"p\" src=\"https:\/\/medias.revistaoeste.com\/wp-content\/uploads\/2025\/05\/INSS-6.jpg\" srcset=\"https:\/\/medias.revistaoeste.com\/wp-content\/uploads\/2025\/05\/INSS-6.jpg 800w, https:\/\/medias.revistaoeste.com\/wp-content\/uploads\/2025\/05\/INSS-6-300x178.jpg 300w, https:\/\/medias.revistaoeste.com\/wp-content\/uploads\/2025\/05\/INSS-6-150x89.jpg 150w\" data-sizes=\"(max-width: 800px) 100vw, 800px\"\/><img decoding=\"async\" width=\"800\" height=\"474\" src=\"https:\/\/medias.revistaoeste.com\/wp-content\/uploads\/2025\/05\/INSS-6.jpg\" alt=\"Fachada do INSS em Bras\u00edlia - 2.11.2023 | Foto: Rafa Neddermeyer\/Ag\u00eancia Brasil\" class=\"wp-image-1983101\" srcset=\"https:\/\/medias.revistaoeste.com\/wp-content\/uploads\/2025\/05\/INSS-6.jpg 800w, https:\/\/medias.revistaoeste.com\/wp-content\/uploads\/2025\/05\/INSS-6-300x178.jpg 300w, https:\/\/medias.revistaoeste.com\/wp-content\/uploads\/2025\/05\/INSS-6-150x89.jpg 150w\" sizes=\"(max-width: 800px) 100vw, 800px\" data-eio=\"p\"\/><\/source><\/picture><figcaption class=\"wp-element-caption\">Fachada do INSS em Bras\u00edlia \u2013 2.11.2023 | Foto: Rafa Neddermeyer\/Ag\u00eancia Brasil<\/figcaption><\/figure>\n<p>\u201cPor cautela natural para o momento, restou demonstrada a necessidade de suspens\u00e3o dos descontos sobre os vencimentos do agravado, sobretudo considerando que a continuidade da situa\u00e7\u00e3o terminaria por prejudicar seus rendimentos, por um contrato sob fundada suspeita de contrata\u00e7\u00e3o fraudulenta\u201d, escreveu Dantas Filho.<\/p>\n<h2 class=\"wp-block-heading\"><strong>Juiz que negou liminar a aposentado do INSS pode ser alvo de san\u00e7\u00f5es<\/strong><\/h2>\n<p>O epis\u00f3dio resultou em uma reclama\u00e7\u00e3o disciplinar ao CNJ contra o juiz Marco Ant\u00f4nio Mendes Ribeiro, da primeira inst\u00e2ncia. A defesa alega que ele desconhece a realidade de pessoas de baixa renda e pediu que outro magistrado assuma o caso para garantir imparcialidade na an\u00e1lise.<\/p>\n<p>Ainda n\u00e3o h\u00e1 previs\u00e3o para a avalia\u00e7\u00e3o da conduta do juiz pelo CNJ, que est\u00e1 sob relatoria do corregedor nacional de Justi\u00e7a, ministro Mauro Campbell Marques. O juiz pode ser alvo de san\u00e7\u00f5es se for aberta sindic\u00e2ncia ou procedimento administrativo contra ele.<\/p>\n<\/p><\/div>\n<p><br \/>\n<br \/>Fonte: <a href=\"https:\/\/revistaoeste.com\/politica\/juiz-que-manteve-descontos-de-aposentado-do-inss-tem-conduta-avaliada-pelo-cnj\/\">Ag\u00eancia Brasil<\/a><\/p>\n","protected":false},"excerpt":{"rendered":"<p>O Conselho Nacional de Justi\u00e7a (CNJ) vai avaliar a conduta do juiz Marco Ant\u00f4nio Mendes Ribeiro, da comarca de S\u00e3o Miguel (RN). Ele negou uma liminar a um idoso de 84 anos, do interior do Estado, para suspender descontos n\u00e3o autorizados em sua aposentadoria do Instituto Nacional do Seguro Social (INSS). Embora tenha reconhecido a [&hellip;]<\/p>\n","protected":false},"author":5,"featured_media":19581,"comment_status":"open","ping_status":"open","sticky":false,"template":"","format":"standard","meta":{"_seopress_robots_primary_cat":"","_seopress_titles_title":"","_seopress_titles_desc":"","_seopress_robots_index":"","footnotes":""},"categories":[47,1],"tags":[],"class_list":["post-19580","post","type-post","status-publish","format-standard","has-post-thumbnail","hentry","category-politica","category-ultimas-noticias"],"_links":{"self":[{"href":"https:\/\/mussicom.com\/noticias\/wp-json\/wp\/v2\/posts\/19580","targetHints":{"allow":["GET"]}}],"collection":[{"href":"https:\/\/mussicom.com\/noticias\/wp-json\/wp\/v2\/posts"}],"about":[{"href":"https:\/\/mussicom.com\/noticias\/wp-json\/wp\/v2\/types\/post"}],"author":[{"embeddable":true,"href":"https:\/\/mussicom.com\/noticias\/wp-json\/wp\/v2\/users\/5"}],"replies":[{"embeddable":true,"href":"https:\/\/mussicom.com\/noticias\/wp-json\/wp\/v2\/comments?post=19580"}],"version-history":[{"count":0,"href":"https:\/\/mussicom.com\/noticias\/wp-json\/wp\/v2\/posts\/19580\/revisions"}],"wp:featuredmedia":[{"embeddable":true,"href":"https:\/\/mussicom.com\/noticias\/wp-json\/wp\/v2\/media\/19581"}],"wp:attachment":[{"href":"https:\/\/mussicom.com\/noticias\/wp-json\/wp\/v2\/media?parent=19580"}],"wp:term":[{"taxonomy":"category","embeddable":true,"href":"https:\/\/mussicom.com\/noticias\/wp-json\/wp\/v2\/categories?post=19580"},{"taxonomy":"post_tag","embeddable":true,"href":"https:\/\/mussicom.com\/noticias\/wp-json\/wp\/v2\/tags?post=19580"}],"curies":[{"name":"wp","href":"https:\/\/api.w.org\/{rel}","templated":true}]}}