{"id":19539,"date":"2025-05-11T07:57:34","date_gmt":"2025-05-11T10:57:34","guid":{"rendered":"https:\/\/mussicom.com\/stf-concede-prisao-domiciliar-a-roberto-jefferson\/"},"modified":"2025-05-11T07:57:34","modified_gmt":"2025-05-11T10:57:34","slug":"stf-concede-prisao-domiciliar-a-roberto-jefferson","status":"publish","type":"post","link":"https:\/\/mussicom.com\/noticias\/stf-concede-prisao-domiciliar-a-roberto-jefferson\/","title":{"rendered":"STF concede pris\u00e3o domiciliar a Roberto Jefferson"},"content":{"rendered":"<p> <br \/>\n<\/p>\n<div id=\"hd80s9wa1h892edh8192\">\n<p>O ministro Alexandre de Moraes, do <strong>Supremo Tribunal Federal (STF)<\/strong>, autorizou neste s\u00e1bado, 10, a transfer\u00eancia de Roberto Jefferson para o regime de pris\u00e3o domiciliar. A decis\u00e3o atende a um pedido da defesa com base em laudos m\u00e9dicos.<\/p>\n<p>Jefferson, ex-deputado federal e figura hist\u00f3rica do PTB, est\u00e1 preso desde 2022, depois de atirar contra agentes da Pol\u00edcia Federal que cumpriam mandados em sua casa. Na \u00e9poca, ele resistiu com viol\u00eancia \u00e0 a\u00e7\u00e3o judicial, fato que agravou sua situa\u00e7\u00e3o perante o STF.<\/p>\n<p><strong>+ Leia mais not\u00edcias de Pol\u00edtica em Oeste <\/strong><\/p>\n<p>A mudan\u00e7a no regime de pris\u00e3o foi respaldada por um parecer da <strong>Procuradoria-Geral da Rep\u00fablica (PGR)<\/strong>, emitido na sexta-feira 9. O \u00f3rg\u00e3o se manifestou favor\u00e1vel \u00e0 medida depois de receber documentos do hospital onde Jefferson est\u00e1 internado.<\/p>\n<p>Segundo a decis\u00e3o de Moraes, o ex-parlamentar dever\u00e1 permanecer em casa com tornozeleira eletr\u00f4nica. Al\u00e9m disso, est\u00e1 proibido de conceder entrevistas, utilizar redes sociais e sair do pa\u00eds. O objetivo \u00e9 restringir qualquer comunica\u00e7\u00e3o p\u00fablica que possa ferir o processo judicial em curso.<\/p>\n<figure class=\"wp-block-embed aligncenter is-type-video is-provider-youtube wp-block-embed-youtube wp-embed-aspect-16-9 wp-has-aspect-ratio\">\n<div class=\"wp-block-embed__wrapper\">\n<div class=\"perfmatters-lazy-youtube\" data-src=\"https:\/\/www.youtube.com\/embed\/AEg4bk7mdvY\" data-id=\"AEg4bk7mdvY\" data-query=\"start=1&amp;feature=oembed\" onclick=\"perfmattersLazyLoadYouTube(this);\">\n<div><img fetchpriority=\"high\" decoding=\"async\" src=\"https:\/\/i.ytimg.com\/vi\/AEg4bk7mdvY\/hqdefault.jpg\" alt=\"YouTube video\" width=\"480\" height=\"360\" data-pin-nopin=\"true\" nopin=\"nopin\"\/><\/div>\n<\/div>\n<p><noscript><iframe title=\"&#039;N\u00e3o serve como prova&#039;: Moraes criticou participa\u00e7\u00e3o de ju\u00edzes em dela\u00e7\u00e3o; relembre\" width=\"800\" height=\"450\" src=\"https:\/\/www.youtube.com\/embed\/AEg4bk7mdvY?feature=oembed\" frameborder=\"0\" allow=\"accelerometer; autoplay; clipboard-write; encrypted-media; gyroscope; picture-in-picture; web-share\" referrerpolicy=\"strict-origin-when-cross-origin\" allowfullscreen><\/iframe><\/noscript>\n<\/div>\n<\/figure>\n<blockquote class=\"wp-block-quote is-layout-flow wp-block-quote-is-layout-flow\">\n<p>\u201cO r\u00e9u dever\u00e1 requerer previamente autoriza\u00e7\u00e3o para deslocamentos por quest\u00f5es de sa\u00fade, com exce\u00e7\u00e3o de situa\u00e7\u00f5es de urg\u00eancia e emerg\u00eancia, as quais dever\u00e3o ser justificadas no prazo de 48 (quarenta e oito) horas ap\u00f3s o respectivo ato m\u00e9dico\u201d, diz trecho do texto redigido por Moraes. \u00a0<\/p>\n<\/blockquote>\n<p>Os relat\u00f3rios m\u00e9dicos apresentados descrevem um quadro de sa\u00fade grave. Jefferson sofre de desnutri\u00e7\u00e3o, crises convulsivas, diabetes, depress\u00e3o severa e poss\u00edvel foco infeccioso na boca. H\u00e1 ainda hist\u00f3rico de c\u00e2ncer no p\u00e2ncreas, c\u00f3lon e tireoide.<\/p>\n<h2 class=\"wp-block-heading\"><strong>De delator do mensal\u00e3o a r\u00e9u por cr\u00edticas ao STF<\/strong><\/h2>\n<p>Roberto Jefferson, conhecido tamb\u00e9m como Bob Jeff, construiu sua trajet\u00f3ria pol\u00edtica ao longo das d\u00e9cadas de 1980 e 1990. Tornou-se nacionalmente conhecido em 2005, ao denunciar o esc\u00e2ndalo do mensal\u00e3o durante o governo Lula. Foi condenado e preso por corrup\u00e7\u00e3o passiva e lavagem de dinheiro.<\/p>\n<p><strong>+ Leia tamb\u00e9m: \u201cPrimeira Turma do STF j\u00e1 tem maioria para condenar Zambelli\u201d <\/strong><\/p>\n<p>Nos \u00faltimos anos, Jefferson aderiu \u00e0 base bolsonarista. Usava v\u00eddeos armados para criticar ministros do STF, postura que o levou \u00e0 pris\u00e3o preventiva durante o inqu\u00e9rito das mil\u00edcias digitais \u2014 meses antes do epis\u00f3dio com os policiais federais.<\/p>\n<\/p><\/div>\n<p><br \/>\n<br \/>Fonte: <a href=\"https:\/\/revistaoeste.com\/politica\/stf-conceede-prisao-domiciliar-a-roberto-jefferson\/\">Ag\u00eancia Brasil<\/a><\/p>\n","protected":false},"excerpt":{"rendered":"<p>O ministro Alexandre de Moraes, do Supremo Tribunal Federal (STF), autorizou neste s\u00e1bado, 10, a transfer\u00eancia de Roberto Jefferson para o regime de pris\u00e3o domiciliar. A decis\u00e3o atende a um pedido da defesa com base em laudos m\u00e9dicos. Jefferson, ex-deputado federal e figura hist\u00f3rica do PTB, est\u00e1 preso desde 2022, depois de atirar contra agentes [&hellip;]<\/p>\n","protected":false},"author":5,"featured_media":19540,"comment_status":"open","ping_status":"open","sticky":false,"template":"","format":"standard","meta":{"_seopress_robots_primary_cat":"","_seopress_titles_title":"","_seopress_titles_desc":"","_seopress_robots_index":"","footnotes":""},"categories":[47,1],"tags":[],"class_list":["post-19539","post","type-post","status-publish","format-standard","has-post-thumbnail","hentry","category-politica","category-ultimas-noticias"],"_links":{"self":[{"href":"https:\/\/mussicom.com\/noticias\/wp-json\/wp\/v2\/posts\/19539","targetHints":{"allow":["GET"]}}],"collection":[{"href":"https:\/\/mussicom.com\/noticias\/wp-json\/wp\/v2\/posts"}],"about":[{"href":"https:\/\/mussicom.com\/noticias\/wp-json\/wp\/v2\/types\/post"}],"author":[{"embeddable":true,"href":"https:\/\/mussicom.com\/noticias\/wp-json\/wp\/v2\/users\/5"}],"replies":[{"embeddable":true,"href":"https:\/\/mussicom.com\/noticias\/wp-json\/wp\/v2\/comments?post=19539"}],"version-history":[{"count":0,"href":"https:\/\/mussicom.com\/noticias\/wp-json\/wp\/v2\/posts\/19539\/revisions"}],"wp:featuredmedia":[{"embeddable":true,"href":"https:\/\/mussicom.com\/noticias\/wp-json\/wp\/v2\/media\/19540"}],"wp:attachment":[{"href":"https:\/\/mussicom.com\/noticias\/wp-json\/wp\/v2\/media?parent=19539"}],"wp:term":[{"taxonomy":"category","embeddable":true,"href":"https:\/\/mussicom.com\/noticias\/wp-json\/wp\/v2\/categories?post=19539"},{"taxonomy":"post_tag","embeddable":true,"href":"https:\/\/mussicom.com\/noticias\/wp-json\/wp\/v2\/tags?post=19539"}],"curies":[{"name":"wp","href":"https:\/\/api.w.org\/{rel}","templated":true}]}}