{"id":19499,"date":"2025-05-10T23:14:36","date_gmt":"2025-05-11T02:14:36","guid":{"rendered":"https:\/\/mussicom.com\/irmaos-menendez-podem-deixar-a-prisao-apos-nova-audiencia-entenda\/"},"modified":"2025-05-10T23:14:36","modified_gmt":"2025-05-11T02:14:36","slug":"irmaos-menendez-podem-deixar-a-prisao-apos-nova-audiencia-entenda","status":"publish","type":"post","link":"https:\/\/mussicom.com\/noticias\/irmaos-menendez-podem-deixar-a-prisao-apos-nova-audiencia-entenda\/","title":{"rendered":"Irm\u00e3os Menendez podem deixar a pris\u00e3o ap\u00f3s nova audi\u00eancia; entenda"},"content":{"rendered":"<p> <br \/>\n<\/p>\n<div>\n<p>Ap\u00f3s meses de atrasos e quase interrup\u00e7\u00f5es, <strong>Erik<\/strong> e <strong>Lyle Menendez<\/strong> ter\u00e3o sua primeira grande chance de deixar a pris\u00e3o em uma audi\u00eancia na pr\u00f3xima semana. Nesta sexta-feira, 9, um juiz de Los Angeles, Estados Unidos, decidiu que a etapa para avaliar uma eventual nova senten\u00e7a seja retomada na pr\u00f3xima ter\u00e7a-feira.\u00a0Familiares e especialistas \u2014 e possivelmente os pr\u00f3prios <strong>Erik<\/strong> e <strong>Lyle<\/strong> \u2014 devem testemunhar sobre quais s\u00e3o as condi\u00e7\u00f5es deles ap\u00f3s 35 anos presos.<\/p>\n<p>O juiz <strong>Michael Jesic<\/strong> reativou a audi\u00eancia crucial em um dram\u00e1tico confronto que come\u00e7ou com o advogado de defesa <strong>Mark Geragos<\/strong> retirando seu pedido para afastar o promotor <strong>Nathan Hochman<\/strong> do caso. O promotor, ent\u00e3o, tentou bloquear o pedido dos irm\u00e3os utilizando um relat\u00f3rio de avalia\u00e7\u00e3o de risco para afirmar que eles &#8220;n\u00e3o est\u00e3o prontos&#8221; para a liberta\u00e7\u00e3o.<\/p>\n<p>Esse relat\u00f3rio, que n\u00e3o est\u00e1 finalizado, foi criado em meio ao pedido dos\u00a0<strong>Menendez<\/strong> para que o caso seja reconsiderado. Ap\u00f3s revisar a avalia\u00e7\u00e3o e afirmar que o documento \u00e9 &#8220;subjetivo&#8221; e cheio de ressalvas, o juiz decidiu que n\u00e3o h\u00e1 motivos para interromper a discuss\u00e3o de uma nova senten\u00e7a iniciada em outubro de 2024.<\/p>\n<p>Na \u00e9poca, o ent\u00e3o promotor <strong>George Gasc\u00f3n<\/strong> defendeu a nova senten\u00e7a sob a justificativa de que os irm\u00e3os eram jovens quando foram presos por matar os pais em 1989 \u2014 <strong>Erik<\/strong> tinha 18 anos e <strong>Lyle<\/strong> 21 \u2014 e que o comportamento deles na pris\u00e3o foi exemplar. Assim, ele recomendou que a pena de pris\u00e3o perp\u00e9tua fosse anulada e convertida em 50 anos de pris\u00e3o perp\u00e9tua, o que, segundo a legisla\u00e7\u00e3o americana, os tornaria eleg\u00edveis para liberdade condicional.<\/p>\n<p>&#8220;Ao n\u00e3o permitir que o promotor se retire, agora h\u00e1 uma presun\u00e7\u00e3o, e a presun\u00e7\u00e3o \u00e9 que, a menos que <strong>Erik<\/strong> ou <strong>Lyle<\/strong> sejam propensos a cometer um novo crime violento grave \u2014 algo que ningu\u00e9m est\u00e1 sugerindo \u2014 a presun\u00e7\u00e3o \u00e9 que eles devem ser re-sentenciados,&#8221; disse <strong>Geragos<\/strong>, o advogado de defesa, aos rep\u00f3rteres ap\u00f3s a audi\u00eancia.<\/p>\n<p>&#8220;Temos a m\u00e1xima f\u00e9 no juiz <strong>Jesic<\/strong> para fazer a coisa certa, e na pr\u00f3xima ter\u00e7a ou quarta-feira eles ser\u00e3o re-sentenciados. E esperamos que ent\u00e3o voltem para onde pertencem, que \u00e9 com sua fam\u00edlia. Essa \u00e9 nossa esperan\u00e7a.&#8221;<\/p>\n<p>Durante a audi\u00eancia, <strong>Hochman<\/strong> revelou detalhes no relat\u00f3rio de avalia\u00e7\u00e3o de risco que n\u00e3o eram conhecidos anteriormente. Ele disse que <strong>Lyle<\/strong> foi citado por possuir um celular em viola\u00e7\u00e3o \u00e0s regras da pris\u00e3o tr\u00eas vezes em 2024. Ele tamb\u00e9m afirmou que <strong>Erik<\/strong> foi encontrado com um celular em janeiro de 2025.<\/p>\n<p>De acordo com <strong>Hochman<\/strong>, o documento relatou que <strong>Lyle<\/strong> minimizou suas supostas viola\u00e7\u00f5es e &#8220;frequentemente menosprezou seus comportamentos&#8221;, al\u00e9m de apresentar &#8220;tra\u00e7os de personalidade narcisistas e antissociais&#8221; que o levaram a &#8220;procurar a maneira mais f\u00e1cil de conseguir o que quer&#8221;.<\/p>\n<p>Neste ponto, <strong>Geragos<\/strong> interrompeu e protestou. Ele acusou <strong>Hochman<\/strong> de montar um &#8220;espet\u00e1culo publicit\u00e1rio&#8221; ao revelar detalhes do relat\u00f3rio confidencial em tribunal aberto. Ao negar a tentativa de <strong>Hochman<\/strong> de impedir a audi\u00eancia de re-senten\u00e7a, o juiz chamou as descobertas dos psic\u00f3logos no relat\u00f3rio de &#8220;subjetivas&#8221; e sujeitas a mudan\u00e7as. Ele tamb\u00e9m observou que os psic\u00f3logos n\u00e3o estavam dispon\u00edveis para serem questionados pela defesa.<\/p>\n<p>Do lado de fora do tribunal, <strong>Geragos<\/strong> criticou o procurador mais uma vez. &#8220;Quando ele trouxe isso \u00e0 tona, eu ia dizer: &#8216;Sr. Hochman, est\u00e3o falando sobre voc\u00ea e [suas] potenciais tend\u00eancias narcisistas?&#8217; Essa foi minha rea\u00e7\u00e3o imediata. Voc\u00ea pode imaginar como seria uma avalia\u00e7\u00e3o psicol\u00f3gica do Sr. Hochman neste caso? Seria selvagem chegar \u00e0s conclus\u00f5es,&#8221; disse.<\/p>\n<p>O advogado afirmou saber sobre as viola\u00e7\u00f5es relacionadas ao celular e j\u00e1 as havia compartilhado com os procuradores anteriores no esfor\u00e7o pela nova senten\u00e7a.<\/p>\n<p><strong>Anamaria Baralt<\/strong>, uma prima de <strong>Lyle<\/strong> e <strong>Erik<\/strong> que atua como porta-voz da fam\u00edlia, disse ap\u00f3s a audi\u00eancia que continua esperan\u00e7osa de que os irm\u00e3os conquistar\u00e3o sua liberdade. Ela e outros membros da fam\u00edlia deixaram claro que apoiam a libera\u00e7\u00e3o antecipada. Ela disse que <strong>Lyle<\/strong> em particular teve que passar anos em deten\u00e7\u00e3o de seguran\u00e7a m\u00e1xima com &#8220;as pessoas mais perigosas&#8221; e nunca teve uma infra\u00e7\u00e3o violenta atr\u00e1s das grades.<\/p>\n<p>&#8220;Voc\u00ea quer me dizer que ele vai ser liberado daquele ambiente e subitamente se tornar violento? Isso n\u00e3o faz sentido. Esse n\u00e3o \u00e9 um argumento racional&#8221;, disse, pedindo que julgamento considere um &#8220;contexto maior&#8221;. Por fim, ela afirmou que os irm\u00e3os j\u00e1 pagaram uma grande d\u00edvida \u00e0 sociedade. &#8220;Eles est\u00e3o prontos para essa segunda chance&#8221;, concluiu <strong>Baralt<\/strong>.<\/p>\n<p><em>Artigo publicado em 9 de maio de 2025 na Rolling Stone. Para ler o original em ingl\u00eas, clique aqui.<\/em><\/p>\n<p><strong>+++LEIA MAIS: Esposa de Lyle Menendez esclarece suposta trai\u00e7\u00e3o: &#8220;Nos separamos&#8221;<\/strong><\/p>\n<p><strong>+++LEIA MAIS: Ex-Menudo pede justi\u00e7a por abuso cometido por Jos\u00e9 Menendez, pai dos irm\u00e3os Menendez<\/strong><\/p>\n<\/div>\n<p><br \/>\n<br \/>Fonte: <a href=\"https:\/\/rollingstone.com.br\/noticia\/irmaos-menendez-podem-deixar-a-prisao-apos-nova-audiencia-entenda\/\">rollingstone.com.br<\/a><\/p>\n","protected":false},"excerpt":{"rendered":"<p>Ap\u00f3s meses de atrasos e quase interrup\u00e7\u00f5es, Erik e Lyle Menendez ter\u00e3o sua primeira grande chance de deixar a pris\u00e3o em uma audi\u00eancia na pr\u00f3xima semana. Nesta sexta-feira, 9, um juiz de Los Angeles, Estados Unidos, decidiu que a etapa para avaliar uma eventual nova senten\u00e7a seja retomada na pr\u00f3xima ter\u00e7a-feira.\u00a0Familiares e especialistas \u2014 e [&hellip;]<\/p>\n","protected":false},"author":5,"featured_media":19500,"comment_status":"open","ping_status":"open","sticky":false,"template":"","format":"standard","meta":{"_seopress_robots_primary_cat":"","_seopress_titles_title":"","_seopress_titles_desc":"","_seopress_robots_index":"","footnotes":""},"categories":[51],"tags":[],"class_list":["post-19499","post","type-post","status-publish","format-standard","has-post-thumbnail","hentry","category-musica"],"_links":{"self":[{"href":"https:\/\/mussicom.com\/noticias\/wp-json\/wp\/v2\/posts\/19499","targetHints":{"allow":["GET"]}}],"collection":[{"href":"https:\/\/mussicom.com\/noticias\/wp-json\/wp\/v2\/posts"}],"about":[{"href":"https:\/\/mussicom.com\/noticias\/wp-json\/wp\/v2\/types\/post"}],"author":[{"embeddable":true,"href":"https:\/\/mussicom.com\/noticias\/wp-json\/wp\/v2\/users\/5"}],"replies":[{"embeddable":true,"href":"https:\/\/mussicom.com\/noticias\/wp-json\/wp\/v2\/comments?post=19499"}],"version-history":[{"count":0,"href":"https:\/\/mussicom.com\/noticias\/wp-json\/wp\/v2\/posts\/19499\/revisions"}],"wp:featuredmedia":[{"embeddable":true,"href":"https:\/\/mussicom.com\/noticias\/wp-json\/wp\/v2\/media\/19500"}],"wp:attachment":[{"href":"https:\/\/mussicom.com\/noticias\/wp-json\/wp\/v2\/media?parent=19499"}],"wp:term":[{"taxonomy":"category","embeddable":true,"href":"https:\/\/mussicom.com\/noticias\/wp-json\/wp\/v2\/categories?post=19499"},{"taxonomy":"post_tag","embeddable":true,"href":"https:\/\/mussicom.com\/noticias\/wp-json\/wp\/v2\/tags?post=19499"}],"curies":[{"name":"wp","href":"https:\/\/api.w.org\/{rel}","templated":true}]}}