{"id":19474,"date":"2025-05-10T20:11:56","date_gmt":"2025-05-10T23:11:56","guid":{"rendered":"https:\/\/mussicom.com\/lorde-diz-que-seu-vestido-do-met-gala-foi-um-easter-egg-do-seu-novo-disco-virgin\/"},"modified":"2025-05-10T20:11:56","modified_gmt":"2025-05-10T23:11:56","slug":"lorde-diz-que-seu-vestido-do-met-gala-foi-um-easter-egg-do-seu-novo-disco-virgin","status":"publish","type":"post","link":"https:\/\/mussicom.com\/noticias\/lorde-diz-que-seu-vestido-do-met-gala-foi-um-easter-egg-do-seu-novo-disco-virgin\/","title":{"rendered":"Lorde diz que seu vestido do Met Gala foi um easter egg do seu novo disco, Virgin"},"content":{"rendered":"<p> <br \/>\n<\/p>\n<div>\n<p>O retorno de <strong>Lorde<\/strong> ao <strong>Met Gala<\/strong> n\u00e3o foi apenas fashion \u2014 foi tamb\u00e9m musical. A cantora neozelandesa usou um conjunto sob medida de <strong>Thom Browne<\/strong> que, segundo ela, esconde uma \u201cpista\u201d sobre seu pr\u00f3ximo \u00e1lbum, intitulado <em><strong>Virgin<\/strong><\/em>, previsto para o dia 27 de junho.<\/p>\n<p>\u201cEssa \u00e9 a minha cria\u00e7\u00e3o\u201d, disse <strong>Lorde<\/strong> em entrevista a <strong>Emma Chamberlain<\/strong> no tapete vermelho para a <strong>Vogue<\/strong>.<\/p>\n<blockquote class=\"citacao\"><p>\u00c9 uma esp\u00e9cie de easter egg. Tudo ser\u00e1 revelado. Eu adoro as costas abertas. Para mim, representa onde estou em rela\u00e7\u00e3o ao g\u00eanero. Me sinto homem e mulher, sabe?\u201d.<\/p><\/blockquote>\n<p>O <strong>Met Gala<\/strong> deste ano teve como tema a exposi\u00e7\u00e3o <em><strong>Superfine: Tailoring Black Style<\/strong><\/em>. Em seu <em>Instagram<\/em>, <strong>Lorde<\/strong> agradeceu ao estilista pelo \u201cvisual de m\u00edstica moderna\u201d:<\/p>\n<p>\u201cFoi incr\u00edvel sentir tanta alegria, energia, dor, cura e retomada no tapete e dentro da sala. Sou grata por ter sido convidada para esse espa\u00e7o\u201d, escreveu. \u201cSenti todas as partes de mim que se uniram nos anos desde minha \u00faltima vez ali. Minha pele estava um caos, mas meu interior brilhava\u201d.<\/p>\n<p><em><strong>Virgin<\/strong><\/em> marca o primeiro \u00e1lbum da artista em quatro anos. Produzido por <strong>Lorde<\/strong> e <strong>Jim-E Stack<\/strong>, o disco conta com colabora\u00e7\u00f5es de <strong>Dev Hynes<\/strong>, <strong>Daniel Nigro<\/strong>, <strong>Fabiana Palladino<\/strong>, <strong>Andrew Aged<\/strong> e <strong>Buddy Ross<\/strong>.<\/p>\n<p>O primeiro single, <strong>\u201cWhat Was That\u201d<\/strong>, traz batidas hipn\u00f3ticas e synth-pop que remetem \u00e0 era <em><strong>Melodrama<\/strong><\/em>.<\/p>\n<p>Em e-mail enviado aos f\u00e3s, a artista descreveu o \u00e1lbum como um reflexo de sua feminilidade \u201ccrua, primal, inocente, elegante, espiritual, masculina\u201d:<\/p>\n<blockquote class=\"citacao\"><p>Estou orgulhosa e com medo desse \u00e1lbum\u201d, escreveu. \u201cN\u00e3o h\u00e1 onde me esconder. Acredito que colocar nossas partes mais profundas na m\u00fasica \u00e9 o que nos liberta\u201d.<\/p><\/blockquote>\n<p>Em entrevista \u00e0 <em>Document<\/em>, ela ainda refletiu sobre o processo:<\/p>\n<blockquote class=\"citacao\"><p>Voltei de Londres para Nova York depois de um per\u00edodo turbulento. Terminei um relacionamento, encarei de frente as quest\u00f5es com meu corpo e comecei a sentir meu g\u00eanero se expandir. Estar de volta em casa trouxe uma grande onda de l<\/p><\/blockquote>\n<\/div>\n<p><br \/>\n<br \/>Fonte: <a href=\"https:\/\/rollingstone.com.br\/musica\/lorde-diz-que-seu-vestido-do-met-gala-foi-um-easter-egg-do-seu-novo-disco-virgin\/\">rollingstone.com.br<\/a><\/p>\n","protected":false},"excerpt":{"rendered":"<p>O retorno de Lorde ao Met Gala n\u00e3o foi apenas fashion \u2014 foi tamb\u00e9m musical. A cantora neozelandesa usou um conjunto sob medida de Thom Browne que, segundo ela, esconde uma \u201cpista\u201d sobre seu pr\u00f3ximo \u00e1lbum, intitulado Virgin, previsto para o dia 27 de junho. \u201cEssa \u00e9 a minha cria\u00e7\u00e3o\u201d, disse Lorde em entrevista a [&hellip;]<\/p>\n","protected":false},"author":5,"featured_media":19475,"comment_status":"open","ping_status":"open","sticky":false,"template":"","format":"standard","meta":{"_seopress_robots_primary_cat":"","_seopress_titles_title":"","_seopress_titles_desc":"","_seopress_robots_index":"","footnotes":""},"categories":[51],"tags":[],"class_list":["post-19474","post","type-post","status-publish","format-standard","has-post-thumbnail","hentry","category-musica"],"_links":{"self":[{"href":"https:\/\/mussicom.com\/noticias\/wp-json\/wp\/v2\/posts\/19474","targetHints":{"allow":["GET"]}}],"collection":[{"href":"https:\/\/mussicom.com\/noticias\/wp-json\/wp\/v2\/posts"}],"about":[{"href":"https:\/\/mussicom.com\/noticias\/wp-json\/wp\/v2\/types\/post"}],"author":[{"embeddable":true,"href":"https:\/\/mussicom.com\/noticias\/wp-json\/wp\/v2\/users\/5"}],"replies":[{"embeddable":true,"href":"https:\/\/mussicom.com\/noticias\/wp-json\/wp\/v2\/comments?post=19474"}],"version-history":[{"count":0,"href":"https:\/\/mussicom.com\/noticias\/wp-json\/wp\/v2\/posts\/19474\/revisions"}],"wp:featuredmedia":[{"embeddable":true,"href":"https:\/\/mussicom.com\/noticias\/wp-json\/wp\/v2\/media\/19475"}],"wp:attachment":[{"href":"https:\/\/mussicom.com\/noticias\/wp-json\/wp\/v2\/media?parent=19474"}],"wp:term":[{"taxonomy":"category","embeddable":true,"href":"https:\/\/mussicom.com\/noticias\/wp-json\/wp\/v2\/categories?post=19474"},{"taxonomy":"post_tag","embeddable":true,"href":"https:\/\/mussicom.com\/noticias\/wp-json\/wp\/v2\/tags?post=19474"}],"curies":[{"name":"wp","href":"https:\/\/api.w.org\/{rel}","templated":true}]}}