{"id":19425,"date":"2025-05-10T16:06:49","date_gmt":"2025-05-10T19:06:49","guid":{"rendered":"https:\/\/mussicom.com\/dom-joaquim-mol-assume-como-bispo-co-adjutor-da-diocese-de-santos\/"},"modified":"2025-05-10T16:06:49","modified_gmt":"2025-05-10T19:06:49","slug":"dom-joaquim-mol-assume-como-bispo-co-adjutor-da-diocese-de-santos","status":"publish","type":"post","link":"https:\/\/mussicom.com\/noticias\/dom-joaquim-mol-assume-como-bispo-co-adjutor-da-diocese-de-santos\/","title":{"rendered":"Dom Joaquim Mol assume como bispo co-adjutor da Diocese de Santos"},"content":{"rendered":"<p> <br \/>\n<\/p>\n<div>\n<p>Cerca de quatro mil cat\u00f3licos se reuniram na manh\u00e3 deste s\u00e1bado, na Santos Convention Center, para a celebra\u00e7\u00e3o eucar\u00edstica que marcou o in\u00edcio da miss\u00e3o episcopal de Dom Joaquim Mol como novo bispo co-adjutor da Diocese de Santos. A cerim\u00f4nia de posse contou com a presen\u00e7a de bispos de diversas dioceses do Estado de S\u00e3o Paulo, incluindo Dom Tarc\u00edsio Scaramussa \u2013 que ocupa a cadeira de bispo das nove cidades at\u00e9 setembro, quando completa 75 anos e far\u00e1 sua ren\u00fancia can\u00f4nica compuls\u00f3ria \u2013 e Dom Jacyr Braido, bispo em\u00e9rito da regi\u00e3o<\/p>\n<p>Ap\u00f3s receber o b\u00e1culo (esp\u00e9cie de cajado curvado, que representa o papel de pastor de rebanho perante os fi\u00e9is cat\u00f3licos), Dom Mol conduziu a missa e, em sua homilia, destacou como dever\u00e1 ser seu trabalho a frente da diocese santista.<\/p>\n<p>\u201cA igreja \u00e9 comunidade. N\u00e3o \u00e9 aquela que fica ou que espera; \u00e9 aquela que se desloca indo ao encontro das pessoas. A que tem sa\u00edda mission\u00e1ria para as periferias existenciais, sociais, ecol\u00f3gicas e geogr\u00e1ficas. Ir para essas periferias necessitadas aproxima ainda mais a igreja de Jesus Cristo. E eu estou aqui para amar e servir. Contem comigo\u201d, declarou.<\/p>\n<p>Na acolhida, o prefeito Rog\u00e9rio Santos destacou os simbolismos que a cidade carrega o os comparou ao bispo rec\u00e9m empossado. \u201cA cidade que tem na sua bandeira caridade e liberdade agora recebe o mineiro que usa dessas caracter\u00edsticas para desenvolver seu trabalho episcopal em nossa regi\u00e3o. Vivemos um momento de saudade e luto, pela perda do papa Francisco, mas o senhor nos traz um momento de esperan\u00e7a e expectativa. E o senhor nos traz esse sentimento, de levantar e agir, de que aquilo que falamos precisa refletir em nossas a\u00e7\u00f5es. Que o senhor seja feliz em nossa Diocese e que possamos trabalhar juntos\u201d<\/p>\n<p>Al\u00e9m de Rog\u00e9rio, estiveram presente os deputados federais Paulo Alexandre Barbosa (PSDB) e Rosana Valle (PL), a vice prefeita Audrey Kleys, mais os vereadores Renata Bravo (PSD), Cac\u00e1 Teixeira (PSDB) e Allison Sales (PL).<\/p>\n<\/div>\n<p><br \/>\n<br \/>Fonte: <a href=\"https:\/\/jornaldaorla.com.br\/noticias\/dom-joaquim-mol-assume-como-bispo-co-adjutor-da-diocese-de-santos\/\">Jornal Da Orla<\/a><\/p>\n","protected":false},"excerpt":{"rendered":"<p>Cerca de quatro mil cat\u00f3licos se reuniram na manh\u00e3 deste s\u00e1bado, na Santos Convention Center, para a celebra\u00e7\u00e3o eucar\u00edstica que marcou o in\u00edcio da miss\u00e3o episcopal de Dom Joaquim Mol como novo bispo co-adjutor da Diocese de Santos. A cerim\u00f4nia de posse contou com a presen\u00e7a de bispos de diversas dioceses do Estado de S\u00e3o [&hellip;]<\/p>\n","protected":false},"author":5,"featured_media":19426,"comment_status":"open","ping_status":"open","sticky":false,"template":"","format":"standard","meta":{"_seopress_robots_primary_cat":"","_seopress_titles_title":"","_seopress_titles_desc":"","_seopress_robots_index":"","footnotes":""},"categories":[52],"tags":[],"class_list":["post-19425","post","type-post","status-publish","format-standard","has-post-thumbnail","hentry","category-santoseregiao"],"_links":{"self":[{"href":"https:\/\/mussicom.com\/noticias\/wp-json\/wp\/v2\/posts\/19425","targetHints":{"allow":["GET"]}}],"collection":[{"href":"https:\/\/mussicom.com\/noticias\/wp-json\/wp\/v2\/posts"}],"about":[{"href":"https:\/\/mussicom.com\/noticias\/wp-json\/wp\/v2\/types\/post"}],"author":[{"embeddable":true,"href":"https:\/\/mussicom.com\/noticias\/wp-json\/wp\/v2\/users\/5"}],"replies":[{"embeddable":true,"href":"https:\/\/mussicom.com\/noticias\/wp-json\/wp\/v2\/comments?post=19425"}],"version-history":[{"count":0,"href":"https:\/\/mussicom.com\/noticias\/wp-json\/wp\/v2\/posts\/19425\/revisions"}],"wp:featuredmedia":[{"embeddable":true,"href":"https:\/\/mussicom.com\/noticias\/wp-json\/wp\/v2\/media\/19426"}],"wp:attachment":[{"href":"https:\/\/mussicom.com\/noticias\/wp-json\/wp\/v2\/media?parent=19425"}],"wp:term":[{"taxonomy":"category","embeddable":true,"href":"https:\/\/mussicom.com\/noticias\/wp-json\/wp\/v2\/categories?post=19425"},{"taxonomy":"post_tag","embeddable":true,"href":"https:\/\/mussicom.com\/noticias\/wp-json\/wp\/v2\/tags?post=19425"}],"curies":[{"name":"wp","href":"https:\/\/api.w.org\/{rel}","templated":true}]}}