{"id":19419,"date":"2025-05-10T15:44:44","date_gmt":"2025-05-10T18:44:44","guid":{"rendered":"https:\/\/mussicom.com\/brasilcentrismo-de-cabeca-para-baixo\/"},"modified":"2025-05-10T15:44:44","modified_gmt":"2025-05-10T18:44:44","slug":"brasilcentrismo-de-cabeca-para-baixo","status":"publish","type":"post","link":"https:\/\/mussicom.com\/noticias\/brasilcentrismo-de-cabeca-para-baixo\/","title":{"rendered":"Brasilcentrismo de cabe\u00e7a para baixo"},"content":{"rendered":"<p> <br \/>\n<\/p>\n<div>\n<p class=\"postParagraph_post-paragraph-innerHtml__Q5vwc\">Circulava pelas redes sociais uma foto de Lula segurando e lendo um livro (<em>O Aleph<\/em>, de Paulo Coelho) de cabe\u00e7a para baixo. Muitos da direita a compartilharam milhares de vezes. Mas a foto, na verdade, \u00e9 manipulada, \u00e9 fake.<\/p>\n<p class=\"postParagraph_post-paragraph-innerHtml__Q5vwc\">Nessa quinta-feira (08), M\u00e1rcio Pochmann, presidente do IBGE, publicou um novo mapa-m\u00fandi com o Brasil no centro e o mundo \u201cao contr\u00e1rio\u201d do que estamos acostumados, com o sul no norte e vice-versa. Deve ter muita gente vibrando com essa grande afirma\u00e7\u00e3o de \u201cpol\u00edtica externa ativa e altiva\u201d, pol\u00edtica de pot\u00eancia e ato muscular contra a opress\u00e3o das plutocracias imperialistas do norte global!<\/p>\n<p class=\"postParagraph_post-paragraph__juWZN\">Meses atr\u00e1s, Pochmann j\u00e1 havia mandado imprimir mapas oficiais com o Brasil no centro do mundo, mas desta vez estavam \u201cinvertidos\u201d.<\/p>\n<p class=\"postParagraph_post-paragraph__juWZN\">\u00c9 verdade que quem est\u00e1 em cima e no centro, afinal, \u00e9 uma mera conven\u00e7\u00e3o. Mas por que chegamos a essa conven\u00e7\u00e3o, com a Europa no centro e no norte?<\/p>\n<p class=\"postParagraph_post-paragraph__juWZN\">O mapa mais conhecido \u00e9 o Mercator, criado em 1569 na B\u00e9lgica para os navegadores e exploradores da \u00e9poca. O objetivo era representar bem grandes os mares e estreitos mais navegados. E as grandes navega\u00e7\u00f5es oce\u00e2nicas eram muito desenvolvidas quase exclusivamente por europeus. Por isso, nesse mapa, h\u00e1 algumas distor\u00e7\u00f5es, como o fato de que a \u00c1frica e o M\u00e9xico parecem menores, e a Europa, o Alasca e a Groenl\u00e2ndia parecem maiores, etc.<\/p>\n<p class=\"postParagraph_post-paragraph__juWZN\">Para fazer frente a essas quest\u00f5es, foi criado, em 1855, o mapa Gall-Peters, que n\u00e3o se preocupa com essas quest\u00f5es dos estreitos e das navega\u00e7\u00f5es e foca nas propor\u00e7\u00f5es certas dos continentes. Dessa forma, a \u00c1frica e a Europa ficam menores do que estamos geralmente acostumados a ver. Esse mapa tamb\u00e9m tem distor\u00e7\u00f5es: para preservar o tamanho da \u00e1rea, acaba mudando a forma dos continentes.<\/p>\n<p class=\"postParagraph_post-paragraph__juWZN\">Existem outros mapas, como o Winkel-Tripel, que parece ser o usado pelo IBGE.<\/p>\n<p class=\"postParagraph_post-paragraph__juWZN\">Todos os mapas t\u00eam seus pr\u00f3s e contras. Transpor um geoide (a forma do planeta Terra) em um mapa bidimensional sempre gera imperfei\u00e7\u00f5es.<\/p>\n<p class=\"postParagraph_post-paragraph__juWZN\">Parece algo trivial, mas n\u00e3o \u00e9. Alegam que a posi\u00e7\u00e3o no mapa tem um valor simb\u00f3lico de proje\u00e7\u00e3o de poder.<\/p>\n<p class=\"postParagraph_post-paragraph__juWZN\">Nas \u00faltimas d\u00e9cadas, tem crescido o p\u00f3s-colonialismo e a escola de pensamento \u201cdecolonialista\u201d. Simplificando, a ideia \u00e9 a seguinte: todo o conhecimento \u00e9 baseado no conhecimento que adv\u00e9m da Europa e dos pa\u00edses do norte global, em uma vis\u00e3o euroc\u00eantrica e, portanto, alinhada aos interesses coloniais, imperialistas, capitalistas. Se queremos realmente nos tornar independentes, temos que nos libertar desse tipo de falso conhecimento e produzir conhecimento pr\u00f3prio, nosso, reiniciando e revirando ao avesso tudo.<\/p>\n<p class=\"postParagraph_post-paragraph-innerHtml__Q5vwc\">Olhar uma quest\u00e3o por outros e v\u00e1rios pontos de vista \u00e9 sempre bem-vindo, adicionar perspectivas pode agregar valor \u2014 o mesmo Max Weber j\u00e1 destacava a import\u00e2ncia da <em>verstehen<\/em>, a capacidade de se p\u00f4r na perspectiva do outro. N\u00e3o por uma quest\u00e3o emotiva, mas para enxergar melhor. Mas reiniciar tudo e substituir por substituir n\u00e3o agrega nada, s\u00f3 satisfaz o ressentimento de alguns. A culpa \u00e9 sempre dos outros. E perdemos tempo com isso, em lugar de fazer os deveres de casa necess\u00e1rios.<\/p>\n<p class=\"postParagraph_post-paragraph__juWZN\">Por sorte, ningu\u00e9m \u00e9 obrigado a usar o mesmo mapa, um mapa de 1500 que focava nas navega\u00e7\u00f5es. Se h\u00e1 mapas que funcionam melhor para fins did\u00e1ticos e para as exig\u00eancias de 2025, \u00f3timo! Mas pensar que a Europa domina porque aparece e se enxerga maior nos mapas \u00e9 o contr\u00e1rio: fez mapas assim porque dominava e precisava de mapas para navegar. Esse mapa n\u00e3o impediu que os EUA superassem a Europa e que pa\u00edses como Israel, Chile, Coreia do Sul, Singapura, Nova Zel\u00e2ndia, Dubai e outros chegassem a n\u00edveis de renda per capita de primeiro mundo.<\/p>\n<p class=\"postParagraph_post-paragraph__juWZN\">\u00c9 \u201cpensamento m\u00e1gico\u201d, \u00e9 a ideia segundo a qual, ao afirmar uma coisa, ao desenh\u00e1-la e imprimi-la em um mapa, ela se tornar\u00e1 realidade! Ressentimento, misticismo primitivo, pensamento pr\u00e9-cient\u00edfico e QI baixo.<\/p>\n<p class=\"postParagraph_post-paragraph__juWZN\">O Brasil est\u00e1 de cabe\u00e7a para baixo mesmo \u2014 agora est\u00e1 certificado at\u00e9 pelo IBGE. A foto de Lula era um meme; o IBGE a tornou realidade.<\/p>\n<\/div>\n<p><br \/>\n<br \/>Fonte: <a href=\"https:\/\/www.gazetadopovo.com.br\/vozes\/adriano-gianturco\/brasilcentrismo-de-cabeca-para-baixo\/\">Revista Oeste<\/a><\/p>\n","protected":false},"excerpt":{"rendered":"<p>Circulava pelas redes sociais uma foto de Lula segurando e lendo um livro (O Aleph, de Paulo Coelho) de cabe\u00e7a para baixo. Muitos da direita a compartilharam milhares de vezes. Mas a foto, na verdade, \u00e9 manipulada, \u00e9 fake. Nessa quinta-feira (08), M\u00e1rcio Pochmann, presidente do IBGE, publicou um novo mapa-m\u00fandi com o Brasil no [&hellip;]<\/p>\n","protected":false},"author":5,"featured_media":19420,"comment_status":"open","ping_status":"open","sticky":false,"template":"","format":"standard","meta":{"_seopress_robots_primary_cat":"","_seopress_titles_title":"","_seopress_titles_desc":"","_seopress_robots_index":"","footnotes":""},"categories":[1],"tags":[],"class_list":["post-19419","post","type-post","status-publish","format-standard","has-post-thumbnail","hentry","category-ultimas-noticias"],"_links":{"self":[{"href":"https:\/\/mussicom.com\/noticias\/wp-json\/wp\/v2\/posts\/19419","targetHints":{"allow":["GET"]}}],"collection":[{"href":"https:\/\/mussicom.com\/noticias\/wp-json\/wp\/v2\/posts"}],"about":[{"href":"https:\/\/mussicom.com\/noticias\/wp-json\/wp\/v2\/types\/post"}],"author":[{"embeddable":true,"href":"https:\/\/mussicom.com\/noticias\/wp-json\/wp\/v2\/users\/5"}],"replies":[{"embeddable":true,"href":"https:\/\/mussicom.com\/noticias\/wp-json\/wp\/v2\/comments?post=19419"}],"version-history":[{"count":0,"href":"https:\/\/mussicom.com\/noticias\/wp-json\/wp\/v2\/posts\/19419\/revisions"}],"wp:featuredmedia":[{"embeddable":true,"href":"https:\/\/mussicom.com\/noticias\/wp-json\/wp\/v2\/media\/19420"}],"wp:attachment":[{"href":"https:\/\/mussicom.com\/noticias\/wp-json\/wp\/v2\/media?parent=19419"}],"wp:term":[{"taxonomy":"category","embeddable":true,"href":"https:\/\/mussicom.com\/noticias\/wp-json\/wp\/v2\/categories?post=19419"},{"taxonomy":"post_tag","embeddable":true,"href":"https:\/\/mussicom.com\/noticias\/wp-json\/wp\/v2\/tags?post=19419"}],"curies":[{"name":"wp","href":"https:\/\/api.w.org\/{rel}","templated":true}]}}