{"id":19401,"date":"2025-05-10T13:42:42","date_gmt":"2025-05-10T16:42:42","guid":{"rendered":"https:\/\/mussicom.com\/o-que-inspirou-a-escolha-do-nome\/"},"modified":"2025-05-10T13:42:42","modified_gmt":"2025-05-10T16:42:42","slug":"o-que-inspirou-a-escolha-do-nome","status":"publish","type":"post","link":"https:\/\/mussicom.com\/noticias\/o-que-inspirou-a-escolha-do-nome\/","title":{"rendered":"o que inspirou a escolha do nome"},"content":{"rendered":"<p> <br \/>\n<\/p>\n<div>\n<p class=\"postParagraph_post-paragraph-innerHtml__Q5vwc\"><strong>&#8211; Podcast 15 Minutos fala sobre o que inspirou a escolha do cardeal Robert Francis Prevost pelo nome de Le\u00e3o XIV<\/strong><\/p>\n<p class=\"postParagraph_post-paragraph-innerHtml__Q5vwc\">*) \u00c9 sabido que a escolha do nome por um novo papa sempre t\u00eam significados. N\u00e3o \u00e9 diferente com o rec\u00e9m-anunciado papa Le\u00e3o XIV.\u00a0<\/p>\n<p class=\"postParagraph_post-paragraph__juWZN\">Como publicou a reportagem da Gazeta do Povo, \u201cse Le\u00e3o XIV seguir o precedente do \u00faltimo pont\u00edfice a adotar o pr\u00e9-nome, \u00e9 razo\u00e1vel esperar que o novo l\u00edder da Igreja Cat\u00f3lica esteja preocupado com a justi\u00e7a social\u201d.<\/p>\n<p class=\"postParagraph_post-paragraph-innerHtml__Q5vwc\">Le\u00e3o XIII deixou como legado a enc\u00edclica Rerum Novarum, que em portugu\u00eas quer dizer &#8220;Sobre as Novas Coisas&#8221;). O documento tratava do pleito dos trabalhadores e pedia um sistema econ\u00f4mico mais solid\u00e1rio. Mas, ao contr\u00e1rio do que alguns possam pensar, n\u00e3o h\u00e1 rela\u00e7\u00e3o com marxismo ou \u201cesquerdismos\u201d.\u00a0<\/p>\n<p class=\"postParagraph_post-paragraph-innerHtml__Q5vwc\">Esse epis\u00f3dio do <strong>podcast 15 Minutos<\/strong> fala sobre o que pode estar por tr\u00e1s da escolha do cardeal Robert Francis Prevost pelo nome de Le\u00e3o XIV. O convidado \u00e9 o <strong>Gabriel de Arruda Castro, da editoria de Ideias<\/strong>, que escreveu sobre o tema.\u00a0<\/p>\n<div class=\"postViewMore_post-view-more-container___5wai\" data-mrf-recirculation=\"Post - Veja tamb\u00e9m\">\n<p class=\"gp-styles-module-size-small-afeYRa gp-styles-module-font-family2-afeYRa gp-styles-module-color-secondary-afeYRa gp-styles-module-weight-bold-afeYRa\">VEJA TAMB\u00c9M:<\/p>\n<ul class=\"postViewMore_post-view-more-list__CU_CE\">\n<li class=\"postViewMore_post-view-more-item__2MzRb\"><span class=\"postViewMore_post-view-more-link-icon___stPC\"><svg xmlns=\"http:\/\/www.w3.org\/2000\/svg\" width=\"16\" height=\"16\" viewbox=\"0 0 16 16\"><rect width=\"16\" height=\"16\" fill=\"none\"\/><g transform=\"translate(3 3)\"><path d=\"M22.5,15l3.4,3.4-3.4,3.4\" transform=\"translate(-15.896 -11.793)\" fill=\"none\" stroke=\"#717171\" stroke-linecap=\"round\" stroke-width=\"1.4\"\/><path d=\"M6,6v4.2a2.452,2.452,0,0,0,2.5,2.4H16\" transform=\"translate(-6 -6)\" fill=\"none\" stroke=\"#717171\" stroke-linecap=\"round\" stroke-width=\"1.4\"\/><\/g><\/svg><\/span><span class=\"postViewMore_post-view-more-link-text__hO_kM\">Inspira\u00e7\u00e3o de novo papa, Le\u00e3o XIII pediu fim da escravid\u00e3o no Brasil<\/span><\/li>\n<\/ul>\n<\/div>\n<p class=\"postParagraph_post-paragraph-innerHtml__Q5vwc\">***<br \/>O podcast 15 minutos \u00e9 um espa\u00e7o para discuss\u00e3o de assuntos importantes, sempre com an\u00e1lise e a participa\u00e7\u00e3o da equipe de jornalistas da Gazeta do Povo. De segunda a sexta, de forma leve e din\u00e2mica, com a dura\u00e7\u00e3o que cabe na correria do seu dia. Apresenta\u00e7\u00e3o \u00e9 do jornalista M\u00e1rcio Miranda.<\/p>\n<p class=\"postParagraph_post-paragraph-innerHtml__Q5vwc\">***<br \/><strong>Ficha t\u00e9cnica:<\/strong> \u201815 minutos\u2019, podcast de not\u00edcias da Gazeta do Povo #<strong>Apresenta\u00e7\u00e3o e roteiro:<\/strong> M\u00e1rcio Miranda; <strong>dire\u00e7\u00e3o de conte\u00fado:<\/strong> Rodrigo Fernandes; <strong> sonoriza\u00e7\u00e3o: <\/strong>Leonardo Bechtloff; <strong>estrat\u00e9gia de distribui\u00e7\u00e3o:<\/strong> Marcus Ayres.<\/p>\n<\/div>\n<p><br \/>\n<br \/>Fonte: <a href=\"https:\/\/www.gazetadopovo.com.br\/mundo\/por-que-escolha-nome-leao-xiv\/\">Revista Oeste<\/a><\/p>\n","protected":false},"excerpt":{"rendered":"<p>&#8211; Podcast 15 Minutos fala sobre o que inspirou a escolha do cardeal Robert Francis Prevost pelo nome de Le\u00e3o XIV *) \u00c9 sabido que a escolha do nome por um novo papa sempre t\u00eam significados. N\u00e3o \u00e9 diferente com o rec\u00e9m-anunciado papa Le\u00e3o XIV.\u00a0 Como publicou a reportagem da Gazeta do Povo, \u201cse Le\u00e3o [&hellip;]<\/p>\n","protected":false},"author":5,"featured_media":5863,"comment_status":"open","ping_status":"open","sticky":false,"template":"","format":"standard","meta":{"_seopress_robots_primary_cat":"","_seopress_titles_title":"","_seopress_titles_desc":"","_seopress_robots_index":"","footnotes":""},"categories":[1],"tags":[],"class_list":["post-19401","post","type-post","status-publish","format-standard","has-post-thumbnail","hentry","category-ultimas-noticias"],"_links":{"self":[{"href":"https:\/\/mussicom.com\/noticias\/wp-json\/wp\/v2\/posts\/19401","targetHints":{"allow":["GET"]}}],"collection":[{"href":"https:\/\/mussicom.com\/noticias\/wp-json\/wp\/v2\/posts"}],"about":[{"href":"https:\/\/mussicom.com\/noticias\/wp-json\/wp\/v2\/types\/post"}],"author":[{"embeddable":true,"href":"https:\/\/mussicom.com\/noticias\/wp-json\/wp\/v2\/users\/5"}],"replies":[{"embeddable":true,"href":"https:\/\/mussicom.com\/noticias\/wp-json\/wp\/v2\/comments?post=19401"}],"version-history":[{"count":0,"href":"https:\/\/mussicom.com\/noticias\/wp-json\/wp\/v2\/posts\/19401\/revisions"}],"wp:featuredmedia":[{"embeddable":true,"href":"https:\/\/mussicom.com\/noticias\/wp-json\/wp\/v2\/media\/5863"}],"wp:attachment":[{"href":"https:\/\/mussicom.com\/noticias\/wp-json\/wp\/v2\/media?parent=19401"}],"wp:term":[{"taxonomy":"category","embeddable":true,"href":"https:\/\/mussicom.com\/noticias\/wp-json\/wp\/v2\/categories?post=19401"},{"taxonomy":"post_tag","embeddable":true,"href":"https:\/\/mussicom.com\/noticias\/wp-json\/wp\/v2\/tags?post=19401"}],"curies":[{"name":"wp","href":"https:\/\/api.w.org\/{rel}","templated":true}]}}