{"id":19379,"date":"2025-05-10T11:49:36","date_gmt":"2025-05-10T14:49:36","guid":{"rendered":"https:\/\/mussicom.com\/trump-e-o-papel-do-dolar\/"},"modified":"2025-05-10T11:49:36","modified_gmt":"2025-05-10T14:49:36","slug":"trump-e-o-papel-do-dolar","status":"publish","type":"post","link":"https:\/\/mussicom.com\/noticias\/trump-e-o-papel-do-dolar\/","title":{"rendered":"&#8216;Trump e o papel do d\u00f3lar&#8217;"},"content":{"rendered":"<p> <br \/>\n<\/p>\n<div id=\"hd80s9wa1h892edh8192\">\n<p class=\"has-text-align-right\"><strong>(*) por Antonio Carlos Porto Gon\u00e7alves<\/strong><\/p>\n<p>Uma exporta\u00e7\u00e3o industrial europeia para os <strong>EUA<\/strong> \u00e9 tarifada em 5%, digamos. J\u00e1 uma exporta\u00e7\u00e3o dos EUA para a Europa \u00e9 tarifada em 25%. Em m\u00e9dia, cinco vezes mais \u2014 e circulam muitos carros Mercedes nos EUA e poucos Cadillacs na Europa. Coisa similar acontece com outros pa\u00edses, com os produtos norte-americanos sendo mais taxados. Segundo Trump, isso gera desemprego nos EUA e um d\u00e9ficit comercial vultoso e cont\u00ednuo nos \u00faltimos 70 anos. Mas por que o d\u00e9ficit cr\u00f4nico n\u00e3o gera uma cont\u00ednua desvaloriza\u00e7\u00e3o do d\u00f3lar? Porque o resto do mundo demanda essa moeda como divisa internacional: o maior \u201cproduto de exporta\u00e7\u00e3o\u201d norte-americano \u00e9 a sua moeda.<\/p>\n<p><strong>+ Leia not\u00edcias de Economia em Oeste<\/strong><\/p>\n<p>O <strong>d\u00f3lar<\/strong> \u00e9 exportado via d\u00e9ficit comercial dos EUA: o mundo envia bens e servi\u00e7os com maior valor para os EUA e recebe, em troca, bens e servi\u00e7os com menor valor, mais os d\u00f3lares da diferen\u00e7a. H\u00e1 tamb\u00e9m um d\u00e9ficit externo norte-americano em conta de capital, menos cont\u00ednuo. Isso significa que, em m\u00e9dia, os norte-americanos adquirem ativos valiosos no resto do mundo, pagando com d\u00f3lares. Enfim, os EUA, ao emitirem a moeda cobi\u00e7ada pelos demais pa\u00edses para compor suas divisas, recebem bens e servi\u00e7os e adquirem ativos no resto do mundo, pagando-os com \u201cpapel pintado de verde\u201d. Os outros pa\u00edses recebem d\u00f3lares, em geral aplicando-os na compra de t\u00edtulos do Tesouro Norte-Americano. A demanda \u00e9 t\u00e3o grande que os juros pagos pelos EUA s\u00e3o m\u00ednimos, ocasionalmente negativos, permitindo que a enorme d\u00edvida p\u00fablica seja financi\u00e1vel.<\/p>\n<figure class=\"wp-block-embed is-type-video is-provider-youtube wp-block-embed-youtube wp-embed-aspect-16-9 wp-has-aspect-ratio\">\n<div class=\"wp-block-embed__wrapper\">\n<div class=\"perfmatters-lazy-youtube\" data-src=\"https:\/\/www.youtube.com\/embed\/PP0bQ3WqAzA\" data-id=\"PP0bQ3WqAzA\" data-query=\"feature=oembed\" onclick=\"perfmattersLazyLoadYouTube(this);\">\n<div><img fetchpriority=\"high\" decoding=\"async\" src=\"https:\/\/i.ytimg.com\/vi\/PP0bQ3WqAzA\/hqdefault.jpg\" alt=\"YouTube video\" width=\"480\" height=\"360\" data-pin-nopin=\"true\" nopin=\"nopin\"\/><\/div>\n<\/div>\n<p><noscript><iframe title=\"Trump nomeia homossexual para cargo-chave e silencia lacradores\" width=\"800\" height=\"450\" src=\"https:\/\/www.youtube.com\/embed\/PP0bQ3WqAzA?feature=oembed\" frameborder=\"0\" allow=\"accelerometer; autoplay; clipboard-write; encrypted-media; gyroscope; picture-in-picture; web-share\" referrerpolicy=\"strict-origin-when-cross-origin\" allowfullscreen><\/iframe><\/noscript>\n<\/div>\n<\/figure>\n<h2 class=\"wp-block-heading\">Decis\u00e3o de Trump pode dar certo<\/h2>\n<p>\u00c9 o arranjo que o ex-presidente da <strong>Fran\u00e7a De Gaulle<\/strong> chamou de \u201cprivil\u00e9gio exorbitante\u201d: ser o pa\u00eds cuja moeda nacional \u00e9 tamb\u00e9m a internacional. Manter esse privil\u00e9gio depende do tamanho da economia norte-americana e tamb\u00e9m de ter institui\u00e7\u00f5es confi\u00e1veis, isto \u00e9, governo central democr\u00e1tico (elei\u00e7\u00f5es e oposi\u00e7\u00e3o livres, mandatos definidos), Poderes independentes, governos provinciais fortes, Justi\u00e7a seguindo regras pr\u00e9vias e assim por diante. S\u00e3o as garantias para os detentores de d\u00f3lares; algumas grandes economias modernas, autocr\u00e1ticas, n\u00e3o as exibem.<\/p>\n<p>Curiosamente, Trump vem tentando eliminar o d\u00e9ficit comercial e o investimento norte-americano no exterior sem considerar que correspondem \u00e0 vantagem de emitir a moeda internacional. Alega que defende o emprego dos norte-americanos, numa ocasi\u00e3o de m\u00ednima taxa de desemprego nos EUA. Falta assessoria competente. Parece que n\u00e3o entende o que est\u00e1 fazendo, mas \u00e9 poss\u00edvel que consiga seus objetivos devido \u00e0 falta de confian\u00e7a gerada.<\/p>\n<figure class=\"wp-block-embed is-type-video is-provider-youtube wp-block-embed-youtube wp-embed-aspect-16-9 wp-has-aspect-ratio\">\n<div class=\"wp-block-embed__wrapper\">\n<div class=\"perfmatters-lazy-youtube\" data-src=\"https:\/\/www.youtube.com\/embed\/sCtdPJp1frU\" data-id=\"sCtdPJp1frU\" data-query=\"feature=oembed\" onclick=\"perfmattersLazyLoadYouTube(this);\">\n<div><img decoding=\"async\" alt=\"YouTube video\" width=\"480\" height=\"360\" data-pin-nopin=\"true\" nopin=\"nopin\" class=\"perfmatters-lazy\" src=\"https:\/\/i.ytimg.com\/vi\/sCtdPJp1frU\/hqdefault.jpg\"\/><img decoding=\"async\" src=\"https:\/\/i.ytimg.com\/vi\/sCtdPJp1frU\/hqdefault.jpg\" alt=\"YouTube video\" width=\"480\" height=\"360\" data-pin-nopin=\"true\" nopin=\"nopin\"\/><\/div>\n<\/div>\n<p><noscript><iframe title=\"Ana Paula Henkel: &#039;Faria Lima aposta em d\u00f3lar a R$ 10 at\u00e9 mar\u00e7o de 2025&#039;\" width=\"800\" height=\"450\" src=\"https:\/\/www.youtube.com\/embed\/sCtdPJp1frU?feature=oembed\" frameborder=\"0\" allow=\"accelerometer; autoplay; clipboard-write; encrypted-media; gyroscope; picture-in-picture; web-share\" referrerpolicy=\"strict-origin-when-cross-origin\" allowfullscreen><\/iframe><\/noscript>\n<\/div>\n<\/figure><\/div>\n<p><br \/>\n<br \/>Fonte: <a href=\"https:\/\/revistaoeste.com\/economia\/trump-e-o-papel-do-dolar\/\">Revista oeste<\/a><\/p>\n","protected":false},"excerpt":{"rendered":"<p>(*) por Antonio Carlos Porto Gon\u00e7alves Uma exporta\u00e7\u00e3o industrial europeia para os EUA \u00e9 tarifada em 5%, digamos. J\u00e1 uma exporta\u00e7\u00e3o dos EUA para a Europa \u00e9 tarifada em 25%. Em m\u00e9dia, cinco vezes mais \u2014 e circulam muitos carros Mercedes nos EUA e poucos Cadillacs na Europa. Coisa similar acontece com outros pa\u00edses, com [&hellip;]<\/p>\n","protected":false},"author":5,"featured_media":19380,"comment_status":"open","ping_status":"open","sticky":false,"template":"","format":"standard","meta":{"_seopress_robots_primary_cat":"","_seopress_titles_title":"","_seopress_titles_desc":"","_seopress_robots_index":"","footnotes":""},"categories":[45],"tags":[],"class_list":["post-19379","post","type-post","status-publish","format-standard","has-post-thumbnail","hentry","category-economia"],"_links":{"self":[{"href":"https:\/\/mussicom.com\/noticias\/wp-json\/wp\/v2\/posts\/19379","targetHints":{"allow":["GET"]}}],"collection":[{"href":"https:\/\/mussicom.com\/noticias\/wp-json\/wp\/v2\/posts"}],"about":[{"href":"https:\/\/mussicom.com\/noticias\/wp-json\/wp\/v2\/types\/post"}],"author":[{"embeddable":true,"href":"https:\/\/mussicom.com\/noticias\/wp-json\/wp\/v2\/users\/5"}],"replies":[{"embeddable":true,"href":"https:\/\/mussicom.com\/noticias\/wp-json\/wp\/v2\/comments?post=19379"}],"version-history":[{"count":0,"href":"https:\/\/mussicom.com\/noticias\/wp-json\/wp\/v2\/posts\/19379\/revisions"}],"wp:featuredmedia":[{"embeddable":true,"href":"https:\/\/mussicom.com\/noticias\/wp-json\/wp\/v2\/media\/19380"}],"wp:attachment":[{"href":"https:\/\/mussicom.com\/noticias\/wp-json\/wp\/v2\/media?parent=19379"}],"wp:term":[{"taxonomy":"category","embeddable":true,"href":"https:\/\/mussicom.com\/noticias\/wp-json\/wp\/v2\/categories?post=19379"},{"taxonomy":"post_tag","embeddable":true,"href":"https:\/\/mussicom.com\/noticias\/wp-json\/wp\/v2\/tags?post=19379"}],"curies":[{"name":"wp","href":"https:\/\/api.w.org\/{rel}","templated":true}]}}