{"id":19333,"date":"2025-05-10T06:34:40","date_gmt":"2025-05-10T09:34:40","guid":{"rendered":"https:\/\/mussicom.com\/leao-xiv-e-mais-latino-americano-que-norte-americano-dizem-cardeais-brasileiros\/"},"modified":"2025-05-10T06:34:40","modified_gmt":"2025-05-10T09:34:40","slug":"leao-xiv-e-mais-latino-americano-que-norte-americano-dizem-cardeais-brasileiros","status":"publish","type":"post","link":"https:\/\/mussicom.com\/noticias\/leao-xiv-e-mais-latino-americano-que-norte-americano-dizem-cardeais-brasileiros\/","title":{"rendered":"Le\u00e3o XIV \u00e9 mais latino-americano que norte-americano, dizem cardeais brasileiros"},"content":{"rendered":"<p> <br \/>\n<\/p>\n<div>\n<p class=\"postParagraph_post-paragraph-innerHtml__Q5vwc\">Por muito tempo, acreditou-se que jamais haveria um papa vindo dos Estados Unidos \u2013 ao menos n\u00e3o enquanto o pa\u00eds fosse uma superpot\u00eancia econ\u00f4mica e militar. A elei\u00e7\u00e3o do cardeal Robert Prevost ao pontificado parece ter mudado essa escrita. Mas os cardeais brasileiros que participaram do conclave rec\u00e9m-terminado consideram Le\u00e3o XIV muito mais um filho da Am\u00e9rica Latina que dos Estados Unidos, gra\u00e7as ao seu hist\u00f3rico de mission\u00e1rio e bispo no Peru. Em entrevista coletiva concedida no Pontif\u00edcio Col\u00e9gio Pio Brasileiro, onde os cardeais estavam hospedados antes do conclave e para onde retornaram na tarde desta sexta-feira, eles deram suas impress\u00f5es sobre o novo papa e disseram o que esperam dele.<\/p>\n<p class=\"postParagraph_post-paragraph__juWZN\">\u201cEle tem uma hist\u00f3ria muito bonita. Nasceu nos Estados Unidos, mas tem sangue franc\u00eas, italiano e espanhol. Viveu muit\u00edssimos anos no Peru. \u00c9 um privil\u00e9gio termos no papado algu\u00e9m com essa vis\u00e3o de mundo\u201d, acrescentou dom Jaime Spengler, cardeal-arcebispo de Porto Alegre e presidente da Confer\u00eancia Nacional dos Bispos do Brasil (CNBB). \u201cConvivi com o cardeal Prevost no Dicast\u00e9rio para os Bispos, e ele \u00e9 um homem que conhece a realidade da Igreja no mundo, e especialmente na Am\u00e9rica Latina\u201d, disse o cardeal-arcebispo de Salvador, dom S\u00e9rgio da Rocha, para quem a elei\u00e7\u00e3o de Prevost mostra que \u201ca Igreja na Am\u00e9rica Latina tem uma caminhada pastoral de relev\u00e2ncia internacional, dando ao mundo o segundo papa seguido\u201d. Dom Odilo Scherer, cardeal-arcebispo de S\u00e3o Paulo, foi ainda mais enf\u00e1tico: \u201cele \u00e9 mais peruano que norte-americano\u201d.<\/p>\n<h2 class=\"postParagraph_post-paragraph__juWZN postParagraph_type-tag-h2__TtFkT\">Le\u00e3o XIV n\u00e3o ser\u00e1 repeti\u00e7\u00e3o de Francisco<\/h2>\n<p class=\"postParagraph_post-paragraph-innerHtml__Q5vwc\">Os cardeais foram un\u00e2nimes em afirmar que Le\u00e3o XIV imprimir\u00e1 sua pr\u00f3pria marca, e que os cardeais n\u00e3o estavam atr\u00e1s de uma \u201cc\u00f3pia xerox\u201d de seu antecessor. \u201cFrancisco \u00e9 irrepet\u00edvel como qualquer um de n\u00f3s \u00e9 irrepet\u00edvel. Le\u00e3o XIV n\u00e3o ser\u00e1 a repeti\u00e7\u00e3o de nenhum papa, ser\u00e1 apenas ele mesmo\u201d, afirmou dom Leonardo Steiner, cardeal-arcebispo de Manaus. J\u00e1 dom Paulo C\u00e9zar Costa, cardeal-arcebispo de Bras\u00edlia, falou em \u201cdescontinuidade na continuidade\u201d, explicando que h\u00e1 uma linha comum em todos os papas posteriores ao Conc\u00edlio Vaticano II, que \u00e9 a de lidar com as grandes quest\u00f5es na humanidade. No entanto, em outros assuntos, incluindo temas internos da Igreja, cada papa imprime sua marca. \u201cO legado de Francisco n\u00e3o ser\u00e1 esquecido, mas o novo papa j\u00e1 mostrou, por algumas atitudes, que ser\u00e1 Le\u00e3o, n\u00e3o Francisco\u201d, disse.<\/p>\n<h2 class=\"postParagraph_post-paragraph__juWZN postParagraph_type-tag-h2__TtFkT\">Novo pont\u00edfice n\u00e3o vai fugir de temas controversos, acreditam cardeais<\/h2>\n<p class=\"postParagraph_post-paragraph-innerHtml__Q5vwc\">Questionados sobre temas considerados controversos na Igreja, como a ordena\u00e7\u00e3o de homens casados, o acesso das mulheres ao sacramento da Ordem, ou as b\u00ean\u00e7\u00e3os para casais homoafetivos, os cardeais brasileiros n\u00e3o citaram nenhum posicionamento espec\u00edfico do ent\u00e3o cardeal Prevost, mas disseram acreditar que Le\u00e3o XIV n\u00e3o fugir\u00e1 do debate. \u201cLe\u00e3o escuta muito, vai ouvir bastante antes de se pronunciar sobre qualquer coisa\u201d, afirmou dom Leonardo. Defensor da ordena\u00e7\u00e3o sacerdotal de homens casados, o arcebispo de Manaus ainda previu que esse tema voltar\u00e1 \u00e0 tona. \u201cO debate sobre <em>viri probati<\/em> n\u00e3o vir\u00e1 da Am\u00e9rica Latina, mas da Europa, que est\u00e1 sem padres. A Igreja toda vai discutir isso. N\u00e3o se trata de eliminar o celibato, mas de dar passos; as igrejas orientais j\u00e1 t\u00eam padres casados\u201d, disse o cardeal.<\/p>\n<p class=\"postParagraph_post-paragraph-innerHtml__Q5vwc\">Quanto \u00e0s mulheres, dom Jaime lembrou que o papa Francisco criou um grupo de trabalho para analisar o papel das mulheres nos prim\u00f3rdios da Igreja. \u201c\u00c9 preciso dar tempo, e que haja discernimento, com ora\u00e7\u00e3o e di\u00e1logo fraterno. As mulheres ajudam muito na Igreja, e o futuro a Deus pertence\u201d, disse o arcebispo de Porto Alegre, acrescentando ainda que as b\u00ean\u00e7\u00e3os previstas no documento <em>Fiducia supplicans<\/em> n\u00e3o podem ser equiparadas a sacramentos. \u201cH\u00e1 uma s\u00e9rie de regras bem espec\u00edficas l\u00e1\u201d, esclareceu.<\/p>\n<h2 class=\"postParagraph_post-paragraph__juWZN postParagraph_type-tag-h2__TtFkT\">Papa deve atuar com for\u00e7a no cen\u00e1rio internacional<\/h2>\n<p class=\"postParagraph_post-paragraph__juWZN\">Questionados sobre a atua\u00e7\u00e3o internacional de Le\u00e3o XIV, que abriu seu discurso aos fi\u00e9is na Pra\u00e7a de S\u00e3o Pedro falando de paz, os cardeais brasileiros acreditam em uma atua\u00e7\u00e3o firme do novo papa. \u201cTemos um papa id\u00f4neo para o momento atual. Em um momento de guerra e divis\u00e3o, ele fala de paz pelo di\u00e1logo, na verdade, na justi\u00e7a e no amor\u201d, avaliou dom Raymundo Damasceno, cardeal-arcebispo em\u00e9rito de Aparecida, que n\u00e3o votou no conclave por ter mais de 80 anos. Esse pedido de paz \u201cdeu o tom\u201d de sua \u201cpol\u00edtica internacional\u201d, para dom Odilo.<\/p>\n<p class=\"postParagraph_post-paragraph-innerHtml__Q5vwc\">Dom Jaime lembrou tamb\u00e9m as palavras do novo papa sobre \u201cconstruir pontes\u201d e ser \u201cfarol nas noites escuras\u201d: \u201co Ocidente vive uma crise das democracias, e as institui\u00e7\u00f5es de media\u00e7\u00e3o internacional tamb\u00e9m est\u00e3o fracas. O papa quer que a Igreja seja sal, luz e fermento na comunidade internacional\u201d, afirmou o arcebispo de Porto Alegre. Ele disse n\u00e3o saber como ser\u00e1 a rela\u00e7\u00e3o do novo papa com o presidente norte-americano, Donald Trump, mas tanto dom Odilo quanto dom Orani Tempesta, cardeal-arcebispo do Rio de Janeiro, lembraram as cr\u00edticas \u00e0 pol\u00edtica migrat\u00f3ria de Trump feitas por v\u00e1rios bispos dos Estados Unidos, aos quais o ent\u00e3o cardeal Prevost se juntou.<\/p>\n<h2 class=\"postParagraph_post-paragraph__juWZN postParagraph_type-tag-h2__TtFkT\">Escolha do nome pode ser homenagem a papas ou a amigo de S\u00e3o Francisco<\/h2>\n<p class=\"postParagraph_post-paragraph__juWZN\">Os cardeais foram bastante questionados a respeito da escolha do nome pontif\u00edcio de Le\u00e3o XIV. Dom Orani disse que n\u00e3o arrisca mais nada. \u201cDa \u00faltima vez, fui dizer que provavelmente Jorge Mario Bergoglio tinha se inspirado em S\u00e3o Francisco Xavier, que era jesu\u00edta como ele, e vejam s\u00f3 no que deu\u201d, brincou. Embora ainda acreditem que a escolha seja mesmo uma homenagem a Le\u00e3o XIII, o papa que deu o pontap\u00e9 inicial na Doutrina Social da Igreja, outras hip\u00f3teses foram surgindo ao longo da coletiva.<\/p>\n<p class=\"postParagraph_post-paragraph__juWZN\">Dom Jaime e dom Odilo lembraram, por exemplo, S\u00e3o Le\u00e3o Magno, o primeiro papa com este nome, e disseram que ele foi fundamental para o desenvolvimento da cristologia \u2013 Le\u00e3o Magno foi papa durante o Conc\u00edlio de Calced\u00f4nia, que confirmou a doutrina de que Jesus \u00e9 verdadeiro Deus e verdadeiro homem, com duas naturezas em uma \u00fanica pessoa, a chamada \u201cuni\u00e3o hipost\u00e1tica\u201d. \u201cNa prega\u00e7\u00e3o que fez no in\u00edcio do conclave, Raniero Cantalamessa afirmou que precis\u00e1vamos retomar a boa cristologia\u201d, disse dom Odilo, acrescentando ainda que em 2025 s\u00e3o comemorados os 1,7 mil anos de outro conc\u00edlio, o de Niceia, que tamb\u00e9m deu uma contribui\u00e7\u00e3o decisiva para a cristologia.<\/p>\n<p class=\"postParagraph_post-paragraph__juWZN\">Por fim, dom Leonardo ainda mencionou Frei Le\u00e3o, um grande amigo de S\u00e3o Francisco de Assis \u2013 neste caso, a escolha seria um sinal forte de liga\u00e7\u00e3o com o papa Francisco, recentemente falecido. De qualquer forma, disseram os cardeais, todas essas d\u00favidas provavelmente s\u00f3 ser\u00e3o resolvidas quando Le\u00e3o XIV se encontrar com os jornalistas que cobriram o conclave, na pr\u00f3xima segunda-feira.<\/p>\n<h2 class=\"postParagraph_post-paragraph__juWZN postParagraph_type-tag-h2__TtFkT\">Uma decis\u00e3o tomada de joelhos<\/h2>\n<p class=\"postParagraph_post-paragraph-innerHtml__Q5vwc\">\u201cEu participei de dois conclaves e posso dizer: esque\u00e7am o filme\u201d, afirmou dom Odilo, em refer\u00eancia ao recente longa-metragem <em>Conclave<\/em>, estrelado por Ralph Fiennes e Stanley Tucci. \u201c\u00c9 muita ora\u00e7\u00e3o, e s\u00f3 depois vota\u00e7\u00e3o\u201d, disse o arcebispo de S\u00e3o Paulo, confirmando o que dom Jaime havia dito na abertura da coletiva ao dizer que \u201crezamos muito e intensamente\u201d durante a escolha do novo papa. \u201cNa prociss\u00e3o entre a Capela Paulina e a Capela Sistina, fomos cantando a ladainha dos santos; isso nos recordou que n\u00e3o est\u00e1vamos sozinhos ali, est\u00e1vamos acompanhados por uma multid\u00e3o. Isso toca quem participa de algo assim pela primeira vez\u201d, acrescentou dom Leonardo. Dom Raymundo ainda disse que os cardeais mais velhos, n\u00e3o eleitores, tamb\u00e9m se uniram em ora\u00e7\u00e3o pelos colegas que estavam no conclave.<\/p>\n<p class=\"postParagraph_post-paragraph-innerHtml__Q5vwc\">\u201cNos intervalos \u00e9 claro que n\u00f3s conversamos, isso faz parte do processo. Mas n\u00e3o existe com\u00edcio nem negocia\u00e7\u00e3o, pois os crit\u00e9rios da f\u00e9 n\u00e3o s\u00e3o crit\u00e9rios humanos\u201d, afirmou ainda dom Odilo, mencionando o efeito que o local de vota\u00e7\u00e3o tem sobre os cardeais. \u201cVotar diante do <em>Ju\u00edzo Final<\/em>, de Michelangelo, \u00e9 algo muito forte, que fala muito fundo em todos n\u00f3s\u201d, descreveu. Dom Paulo C\u00e9zar, de Bras\u00edlia, ainda lembrou que, ap\u00f3s ter sido eleito, Le\u00e3o XIV pediu para passar alguns momentos em ora\u00e7\u00e3o na Capela Paulina antes de aparecer diante da multid\u00e3o que o esperava na Pra\u00e7a de S\u00e3o Pedro. \u201cA homilia de hoje mostra que ele tem a f\u00e9 de Pedro\u201d, completou o cardeal.<\/p>\n<\/div>\n<p><br \/>\n<br \/>Fonte: <a href=\"https:\/\/www.gazetadopovo.com.br\/vozes\/marcio-antonio-campos\/cardeais-brasileiros-opiniao-papa-leao-xiv\/\">Revista Oeste<\/a><\/p>\n","protected":false},"excerpt":{"rendered":"<p>Por muito tempo, acreditou-se que jamais haveria um papa vindo dos Estados Unidos \u2013 ao menos n\u00e3o enquanto o pa\u00eds fosse uma superpot\u00eancia econ\u00f4mica e militar. A elei\u00e7\u00e3o do cardeal Robert Prevost ao pontificado parece ter mudado essa escrita. Mas os cardeais brasileiros que participaram do conclave rec\u00e9m-terminado consideram Le\u00e3o XIV muito mais um filho [&hellip;]<\/p>\n","protected":false},"author":5,"featured_media":19334,"comment_status":"open","ping_status":"open","sticky":false,"template":"","format":"standard","meta":{"_seopress_robots_primary_cat":"","_seopress_titles_title":"","_seopress_titles_desc":"","_seopress_robots_index":"","footnotes":""},"categories":[1],"tags":[],"class_list":["post-19333","post","type-post","status-publish","format-standard","has-post-thumbnail","hentry","category-ultimas-noticias"],"_links":{"self":[{"href":"https:\/\/mussicom.com\/noticias\/wp-json\/wp\/v2\/posts\/19333","targetHints":{"allow":["GET"]}}],"collection":[{"href":"https:\/\/mussicom.com\/noticias\/wp-json\/wp\/v2\/posts"}],"about":[{"href":"https:\/\/mussicom.com\/noticias\/wp-json\/wp\/v2\/types\/post"}],"author":[{"embeddable":true,"href":"https:\/\/mussicom.com\/noticias\/wp-json\/wp\/v2\/users\/5"}],"replies":[{"embeddable":true,"href":"https:\/\/mussicom.com\/noticias\/wp-json\/wp\/v2\/comments?post=19333"}],"version-history":[{"count":0,"href":"https:\/\/mussicom.com\/noticias\/wp-json\/wp\/v2\/posts\/19333\/revisions"}],"wp:featuredmedia":[{"embeddable":true,"href":"https:\/\/mussicom.com\/noticias\/wp-json\/wp\/v2\/media\/19334"}],"wp:attachment":[{"href":"https:\/\/mussicom.com\/noticias\/wp-json\/wp\/v2\/media?parent=19333"}],"wp:term":[{"taxonomy":"category","embeddable":true,"href":"https:\/\/mussicom.com\/noticias\/wp-json\/wp\/v2\/categories?post=19333"},{"taxonomy":"post_tag","embeddable":true,"href":"https:\/\/mussicom.com\/noticias\/wp-json\/wp\/v2\/tags?post=19333"}],"curies":[{"name":"wp","href":"https:\/\/api.w.org\/{rel}","templated":true}]}}