{"id":19328,"date":"2025-05-10T05:33:48","date_gmt":"2025-05-10T08:33:48","guid":{"rendered":"https:\/\/mussicom.com\/lula-sauda-o-papa-e-pede-paz-ao-lado-de-um-criminoso-de-guerra\/"},"modified":"2025-05-10T05:33:48","modified_gmt":"2025-05-10T08:33:48","slug":"lula-sauda-o-papa-e-pede-paz-ao-lado-de-um-criminoso-de-guerra","status":"publish","type":"post","link":"https:\/\/mussicom.com\/noticias\/lula-sauda-o-papa-e-pede-paz-ao-lado-de-um-criminoso-de-guerra\/","title":{"rendered":"Lula sa\u00fada o papa e pede paz ao lado de um criminoso de guerra"},"content":{"rendered":"<p> <br \/>\n<\/p>\n<div>\n<p class=\"postParagraph_post-paragraph-innerHtml__Q5vwc\">Foi com um caloroso abra\u00e7o que o ditador Vladimir Putin recebeu o presidente Lula e sua comitiva no Kremlin, na R\u00fassia. O mandat\u00e1rio brasileiro viajou ao pa\u00eds para participar do anivers\u00e1rio de 80 anos da vit\u00f3ria russa sobre a Alemanha nazista. Al\u00e9m dos cumprimentos e dos sorrisos, Putin tamb\u00e9m entregou um buque de flores para Janja, que saracoteava pelo pa\u00eds h\u00e1 alguns dias fazendo turismo diplom\u00e1tico. O l\u00edder russo aproveitou a data festiva para reunir parte de seus aliados. O que deveria ser uma celebra\u00e7\u00e3o contra o nazismo se tornou apenas um convescote de ditadores. Pela m\u00e9dia dos participantes, fosse vivo, at\u00e9 Hitler acabaria convidado.<\/p>\n<p class=\"postParagraph_post-paragraph-innerHtml__Q5vwc\">Enquanto inimigos da democracia ocidental comiam acepipes em Moscou, a Igreja Cat\u00f3lica, perseguida em boa parte dos pa\u00edses representados no encontro com Putin, escolhia seu novo papa. Nascido nos Estados Unidos, Robert Francis Prevost acabou sendo eleito pelo conclave e adotou o nome de Le\u00e3o XIV. Foi imediatamente celebrado pelos povos de todo o mundo. Lula, que j\u00e1 estava na R\u00fassia, comemorou desejando ao novo pont\u00edfice que \u201cd\u00ea continuidade ao legado do papa Francisco\u201d. Aproveitou tamb\u00e9m para declarar que \u201cn\u00e3o precisamos de guerras, \u00f3dio e intoler\u00e2ncia\u201d, e sim de \u201csolidariedade e humanismo\u201d.<\/p>\n<blockquote class=\"postQuote_post-quote-container__KXTpH\">\n<div class=\"postQuote_post-quote-content__wp4c4\">\n<p>N\u00e3o \u00e9 poss\u00edvel pregar a paz abra\u00e7ando um criminoso de guerra. N\u00e3o \u00e9 poss\u00edvel condenar a intoler\u00e2ncia e o \u00f3dio se associando a quem persegue opositores<\/p>\n<\/div>\n<\/blockquote>\n<p class=\"postParagraph_post-paragraph__juWZN\">Qual \u00e9 o valor de uma declara\u00e7\u00e3o dessas dada no exato momento em que seu autor confraterniza com um tirano e criminoso de guerra? Lula e o ditador russo se abra\u00e7am enquanto a Ucr\u00e2nia \u00e9 bombardeada para atender a sanha expansionista de Putin, que \u00e9 respons\u00e1vel por lan\u00e7ar a Europa em seu maior conflito armado desde 1945. \u00c9 um genocida que persegue opositores e que tem contra ele uma ordem de pris\u00e3o expedida pelo Tribunal Penal Internacional.<\/p>\n<p class=\"postParagraph_post-paragraph__juWZN\">N\u00e3o \u00e9 poss\u00edvel pregar a paz abra\u00e7ando um criminoso de guerra. N\u00e3o \u00e9 poss\u00edvel condenar a intoler\u00e2ncia e o \u00f3dio se associando a quem persegue opositores. N\u00e3o \u00e9 poss\u00edvel defender o multilateralismo se colocando ao lado de quem amea\u00e7a e ataca na\u00e7\u00f5es vizinhas.<\/p>\n<div class=\"postViewMore_post-view-more-container___5wai\" data-mrf-recirculation=\"Post - Veja tamb\u00e9m\">\n<p class=\"gp-styles-module-size-small-afeYRa gp-styles-module-font-family2-afeYRa gp-styles-module-color-secondary-afeYRa gp-styles-module-weight-bold-afeYRa\">VEJA TAMB\u00c9M:<\/p>\n<ul class=\"postViewMore_post-view-more-list__CU_CE\">\n<li class=\"postViewMore_post-view-more-item__2MzRb\"><span class=\"postViewMore_post-view-more-link-icon___stPC\"><svg xmlns=\"http:\/\/www.w3.org\/2000\/svg\" width=\"16\" height=\"16\" viewbox=\"0 0 16 16\"><rect width=\"16\" height=\"16\" fill=\"none\"\/><g transform=\"translate(3 3)\"><path d=\"M22.5,15l3.4,3.4-3.4,3.4\" transform=\"translate(-15.896 -11.793)\" fill=\"none\" stroke=\"#717171\" stroke-linecap=\"round\" stroke-width=\"1.4\"\/><path d=\"M6,6v4.2a2.452,2.452,0,0,0,2.5,2.4H16\" transform=\"translate(-6 -6)\" fill=\"none\" stroke=\"#717171\" stroke-linecap=\"round\" stroke-width=\"1.4\"\/><\/g><\/svg><\/span><span class=\"postViewMore_post-view-more-link-text__hO_kM\">O \u201cPapa Comunista\u201d e a estupidez odiosa de nosso tempo<\/span><\/li>\n<\/ul>\n<\/div>\n<p class=\"postParagraph_post-paragraph__juWZN\">Se tivesse ao menos senso de equil\u00edbrio, Lula atenderia o convite ucraniano para visitar o pa\u00eds depois de sua sa\u00edda da R\u00fassia. Ele prefere, entretanto, encontrar apenas o agressor, esnobando o agredido. O alegado objetivo da viagem de Lula \u00e9 ampliar neg\u00f3cios com a R\u00fassia. Isso significa que, atrav\u00e9s de trocas comerciais, a diplomacia brasileira pretende subsidiar a m\u00e1quina de guerra russa, cuja economia est\u00e1 toda voltada para o projeto de invas\u00e3o da Ucr\u00e2nia.<\/p>\n<p class=\"postParagraph_post-paragraph-innerHtml__Q5vwc\">Na \u00faltima semana, o IBGE, presidido por Marcio Pochmann, publicou um mapa-mundi com o Brasil no centro e o hemisf\u00e9rio sul no norte. De certa forma, a aberra\u00e7\u00e3o geogr\u00e1fica parida com dinheiro p\u00fablico \u00e9 simb\u00f3lica de um mundo virado ao avesso em que o Brasil, deslocado ufanisticamente para cima, est\u00e1, na verdade, \u00e9 no fundo do po\u00e7o geopol\u00edtico.<\/p>\n<\/div>\n<p><br \/>\n<br \/>Fonte: <a href=\"https:\/\/www.gazetadopovo.com.br\/vozes\/guilherme-macalossi\/lula-sauda-o-papa-e-pede-paz-ao-lado-de-um-criminoso-de-guerra\/\">Revista Oeste<\/a><\/p>\n","protected":false},"excerpt":{"rendered":"<p>Foi com um caloroso abra\u00e7o que o ditador Vladimir Putin recebeu o presidente Lula e sua comitiva no Kremlin, na R\u00fassia. O mandat\u00e1rio brasileiro viajou ao pa\u00eds para participar do anivers\u00e1rio de 80 anos da vit\u00f3ria russa sobre a Alemanha nazista. Al\u00e9m dos cumprimentos e dos sorrisos, Putin tamb\u00e9m entregou um buque de flores para [&hellip;]<\/p>\n","protected":false},"author":5,"featured_media":19102,"comment_status":"open","ping_status":"open","sticky":false,"template":"","format":"standard","meta":{"_seopress_robots_primary_cat":"","_seopress_titles_title":"","_seopress_titles_desc":"","_seopress_robots_index":"","footnotes":""},"categories":[1],"tags":[],"class_list":["post-19328","post","type-post","status-publish","format-standard","has-post-thumbnail","hentry","category-ultimas-noticias"],"_links":{"self":[{"href":"https:\/\/mussicom.com\/noticias\/wp-json\/wp\/v2\/posts\/19328","targetHints":{"allow":["GET"]}}],"collection":[{"href":"https:\/\/mussicom.com\/noticias\/wp-json\/wp\/v2\/posts"}],"about":[{"href":"https:\/\/mussicom.com\/noticias\/wp-json\/wp\/v2\/types\/post"}],"author":[{"embeddable":true,"href":"https:\/\/mussicom.com\/noticias\/wp-json\/wp\/v2\/users\/5"}],"replies":[{"embeddable":true,"href":"https:\/\/mussicom.com\/noticias\/wp-json\/wp\/v2\/comments?post=19328"}],"version-history":[{"count":0,"href":"https:\/\/mussicom.com\/noticias\/wp-json\/wp\/v2\/posts\/19328\/revisions"}],"wp:featuredmedia":[{"embeddable":true,"href":"https:\/\/mussicom.com\/noticias\/wp-json\/wp\/v2\/media\/19102"}],"wp:attachment":[{"href":"https:\/\/mussicom.com\/noticias\/wp-json\/wp\/v2\/media?parent=19328"}],"wp:term":[{"taxonomy":"category","embeddable":true,"href":"https:\/\/mussicom.com\/noticias\/wp-json\/wp\/v2\/categories?post=19328"},{"taxonomy":"post_tag","embeddable":true,"href":"https:\/\/mussicom.com\/noticias\/wp-json\/wp\/v2\/tags?post=19328"}],"curies":[{"name":"wp","href":"https:\/\/api.w.org\/{rel}","templated":true}]}}