{"id":19303,"date":"2025-05-10T02:30:38","date_gmt":"2025-05-10T05:30:38","guid":{"rendered":"https:\/\/mussicom.com\/pensamos-em-convidar-o-papa-leao-xiv-para-vir-a-cop-30\/"},"modified":"2025-05-10T02:30:38","modified_gmt":"2025-05-10T05:30:38","slug":"pensamos-em-convidar-o-papa-leao-xiv-para-vir-a-cop-30","status":"publish","type":"post","link":"https:\/\/mussicom.com\/noticias\/pensamos-em-convidar-o-papa-leao-xiv-para-vir-a-cop-30\/","title":{"rendered":"\u201cPensamos em convidar o papa Le\u00e3o XIV para vir \u00e0 COP-30\u201d"},"content":{"rendered":"<p> <br \/>\n<\/p>\n<div>\n<p class=\"postParagraph_post-paragraph-innerHtml__Q5vwc\">Depois da entrevista coletiva que os cardeais brasileiros concederam no Col\u00e9gio Pio Brasileiro, nesta sexta-feira, eles tamb\u00e9m atenderam os jornalistas para pequenas entrevistas exclusivas, em que respondiam a poucas perguntas. Falando \u00e0 <strong>Gazeta do Povo<\/strong>, dom Jaime Spengler, arcebispo de Porto Alegre e presidente da CNBB, disse que pensa em convidar o papa Le\u00e3o XIV para vir ao Brasil ainda este ano, por ocasi\u00e3o da COP-30 \u2013 o ent\u00e3o cardeal Robert Prevost j\u00e1 tinha viagem marcada ao pa\u00eds para participar da Assembleia Geral da CNBB, mas o evento fora cancelado devido \u00e0 morte do papa Francisco.<\/p>\n<p class=\"postParagraph_post-paragraph-innerHtml__Q5vwc\"><strong>Nas congrega\u00e7\u00f5es gerais e na missa <em>Pro eligendo pontifice<\/em> falou-se muito de unidade. Sabemos que entre os cardeais existem diverg\u00eancias sobre v\u00e1rios temas, como b\u00ean\u00e7\u00e3os para casais homoafetivos, acesso \u00e0 ordena\u00e7\u00e3o sacerdotal, libera\u00e7\u00e3o da missa tridentina etc. Como o papa Le\u00e3o XIV vai construir essa unidade, e em que bases essa unidade tem de ser constru\u00edda?<\/strong><\/p>\n<p class=\"postParagraph_post-paragraph__juWZN\">A resposta \u00e9 simples: a unidade s\u00f3 pode ser constru\u00edda a partir do Evangelho. \u201cPara que todos sejam um\u201d, afirmou Jesus. Quanto a uma quest\u00e3o espec\u00edfica que voc\u00ea mencionou, a da missa tridentina, queria lembrar que o que existe na Igreja hoje \u00e9 a celebra\u00e7\u00e3o da Eucaristia segundo o missal de Paulo VI. Em alguns ambientes, o que foi permitido em alguns casos muito especiais foi a celebra\u00e7\u00e3o do missal renovado por Jo\u00e3o XXIII. E quem critica a missa de Paulo VI \u00e0s vezes se esquece de que o rito que n\u00f3s temos hoje \u00e9 muito mais pr\u00f3ximo \u00e0s origens do que o pr\u00f3prio rito dito \u201ctridentino\u201d.<\/p>\n<p class=\"postParagraph_post-paragraph-innerHtml__Q5vwc\"><strong>Antes mesmo do conclave, todos j\u00e1 sabiam muita coisa sobre os cardeais, o que eles fizeram, o que disseram, e quando sa\u00edsse o nome j\u00e1 haveria cat\u00f3licos torcendo o nariz, independentemente de quem fosse o eleito. Qual a postura do cat\u00f3lico diante da escolha de um papa que talvez n\u00e3o fosse o seu favorito, ou que tenha feito e dito coisas que esse cat\u00f3lico desaprova?<\/strong><\/p>\n<p class=\"postParagraph_post-paragraph-innerHtml__Q5vwc\">A resposta do cat\u00f3lico \u00e9 a perspectiva da f\u00e9. N\u00f3s cremos e professamos isto: quem escolhe, embora atrav\u00e9s da media\u00e7\u00e3o humana, \u00e9 o esp\u00edrito de Deus. A elei\u00e7\u00e3o do papa n\u00e3o \u00e9 fruto de conchavos ou acordos, digamos, \u201cpol\u00edticos\u201d. \u00c9 nesse sentido que devemos compreender a escolha realizada. Um segundo aspecto que \u00e0s vezes passa despercebido \u00e9 que uma pessoa como ele n\u00e3o se pertence mais. N\u00e3o acontece s\u00f3 com o papa: acontece na vida tamb\u00e9m matrimonial e na vida consagrada. Quando voc\u00ea assume e abra\u00e7a uma forma de vida, de alguma forma voc\u00ea tem de estar pronto para o que der e vier. Essa abertura de cora\u00e7\u00e3o, essa disponibilidade, tamb\u00e9m concede liberdade. Eu gosto de repetir que, quando algu\u00e9m gosta do que \u00e9 e ama o que faz, n\u00e3o importa para o que for chamado: ele se disp\u00f5e e, nessa disponibilidade, \u00e9 ajudado, como compreendemos e cremos, pela gra\u00e7a divina.<\/p>\n<p class=\"postParagraph_post-paragraph-innerHtml__Q5vwc\"><strong>A CNBB pretende convidar o papa para vir ao Brasil?<\/strong><\/p>\n<p class=\"postParagraph_post-paragraph-innerHtml__Q5vwc\">N\u00f3s j\u00e1 t\u00ednhamos convidado o cardeal Prevost para estar conosco na abertura da Assembleia Geral da CNBB que acontece em Aparecida todos os anos, mas a morte do papa Francisco levou ao cancelamento desta edi\u00e7\u00e3o. Esperamos poder encontr\u00e1-lo agora em junho, talvez para uma audi\u00eancia particular, n\u00e3o tanto em nome da CNBB, mas do Celam <em>[a confer\u00eancia episcopal da Am\u00e9rica Latina e do Caribe, que dom Jaime tamb\u00e9m preside]<\/em>. N\u00f3s temos a COP-30 em Bel\u00e9m e h\u00e1, sim, uma inten\u00e7\u00e3o de ao menos convid\u00e1-lo, ou at\u00e9 t\u00ea-lo, durante a COP-30. Afinal, o papa teve e tem uma voz autorizada para tratar das quest\u00f5es que envolvem as mudan\u00e7as clim\u00e1ticas.<\/p>\n<\/div>\n<p><br \/>\n<br \/>Fonte: <a href=\"https:\/\/www.gazetadopovo.com.br\/vozes\/marcio-antonio-campos\/entrevista-dom-jaime-spengler-convite-papa-leao-xiv-cop-30\/\">Revista Oeste<\/a><\/p>\n","protected":false},"excerpt":{"rendered":"<p>Depois da entrevista coletiva que os cardeais brasileiros concederam no Col\u00e9gio Pio Brasileiro, nesta sexta-feira, eles tamb\u00e9m atenderam os jornalistas para pequenas entrevistas exclusivas, em que respondiam a poucas perguntas. Falando \u00e0 Gazeta do Povo, dom Jaime Spengler, arcebispo de Porto Alegre e presidente da CNBB, disse que pensa em convidar o papa Le\u00e3o XIV [&hellip;]<\/p>\n","protected":false},"author":5,"featured_media":19304,"comment_status":"open","ping_status":"open","sticky":false,"template":"","format":"standard","meta":{"_seopress_robots_primary_cat":"","_seopress_titles_title":"","_seopress_titles_desc":"","_seopress_robots_index":"","footnotes":""},"categories":[1],"tags":[],"class_list":["post-19303","post","type-post","status-publish","format-standard","has-post-thumbnail","hentry","category-ultimas-noticias"],"_links":{"self":[{"href":"https:\/\/mussicom.com\/noticias\/wp-json\/wp\/v2\/posts\/19303","targetHints":{"allow":["GET"]}}],"collection":[{"href":"https:\/\/mussicom.com\/noticias\/wp-json\/wp\/v2\/posts"}],"about":[{"href":"https:\/\/mussicom.com\/noticias\/wp-json\/wp\/v2\/types\/post"}],"author":[{"embeddable":true,"href":"https:\/\/mussicom.com\/noticias\/wp-json\/wp\/v2\/users\/5"}],"replies":[{"embeddable":true,"href":"https:\/\/mussicom.com\/noticias\/wp-json\/wp\/v2\/comments?post=19303"}],"version-history":[{"count":0,"href":"https:\/\/mussicom.com\/noticias\/wp-json\/wp\/v2\/posts\/19303\/revisions"}],"wp:featuredmedia":[{"embeddable":true,"href":"https:\/\/mussicom.com\/noticias\/wp-json\/wp\/v2\/media\/19304"}],"wp:attachment":[{"href":"https:\/\/mussicom.com\/noticias\/wp-json\/wp\/v2\/media?parent=19303"}],"wp:term":[{"taxonomy":"category","embeddable":true,"href":"https:\/\/mussicom.com\/noticias\/wp-json\/wp\/v2\/categories?post=19303"},{"taxonomy":"post_tag","embeddable":true,"href":"https:\/\/mussicom.com\/noticias\/wp-json\/wp\/v2\/tags?post=19303"}],"curies":[{"name":"wp","href":"https:\/\/api.w.org\/{rel}","templated":true}]}}