{"id":19275,"date":"2025-05-10T00:06:46","date_gmt":"2025-05-10T03:06:46","guid":{"rendered":"https:\/\/mussicom.com\/cnl-adere-ao-maio-amarelo-com-programacao-especial\/"},"modified":"2025-05-10T00:06:46","modified_gmt":"2025-05-10T03:06:46","slug":"cnl-adere-ao-maio-amarelo-com-programacao-especial","status":"publish","type":"post","link":"https:\/\/mussicom.com\/noticias\/cnl-adere-ao-maio-amarelo-com-programacao-especial\/","title":{"rendered":"CNL adere ao Maio Amarelo com programa\u00e7\u00e3o especial"},"content":{"rendered":"<p> <br \/>\n<\/p>\n<div id=\"texto\">\n<p>A Concession\u00e1ria Novo Litoral (CNL) dar\u00e1 in\u00edcio nesta quinta-feira, 8 de maio, \u00e0 programa\u00e7\u00e3o especial em comemora\u00e7\u00e3o ao Maio Amarelo, movimento pela seguran\u00e7a no tr\u00e2nsito que neste ano traz o tema &#8220;Mobilidade Humana, Responsabilidade Humana&#8221;.<\/p>\n<p>\u00a0<\/p>\n<p>Como parte do calend\u00e1rio, a concession\u00e1ria ir\u00e1 realizar a\u00e7\u00f5es voltadas para motoristas, motociclistas, ciclistas e pedestres em pontos estrat\u00e9gicos ao longo dos 212 quil\u00f4metros de rodovias que administra. Entre as iniciativas promovidas est\u00e3o rodadas do Pit Stop do Bem-Estar, com servi\u00e7os gratuitos e orienta\u00e7\u00f5es voltadas a motociclistas e motoristas. Na programa\u00e7\u00e3o do Caf\u00e9 na Passarela, equipes operacionais distribuem panfletos e d\u00e3o orienta\u00e7\u00f5es aos pedestres, assim como a Travessia Segura, que inclui tamb\u00e9m ciclistas no per\u00edmetro urbano das rodovias.<\/p>\n<p>\u00a0<\/p>\n<p>Em sua primeira programa\u00e7\u00e3o do Maio Amarelo, a CNL organizou as a\u00e7\u00f5es em Praia Grande, Bertioga, Itanha\u00e9m, Itariri e Mogi das Cruzes. &#8220;Ao mobilizar comunidades e usu\u00e1rios das rodovias, a CNL reafirma seu compromisso com a promo\u00e7\u00e3o de uma cultura de responsabilidade no tr\u00e2nsito. O Maio Amarelo \u00e9 uma oportunidade de envolver todos os atores da mobilidade em uma causa comum: salvar vidas nas rodovias e vias urbanas. A seguran\u00e7a vi\u00e1ria \u00e9 uma constru\u00e7\u00e3o coletiva&#8221;, afirma Luis Santos, gerente de Opera\u00e7\u00f5es.<\/p>\n<p><strong>\u00a0<\/strong><\/p>\n<p><strong>Confira a programa\u00e7\u00e3o de maio*:<\/strong><\/p>\n<p>12\/05 &#8211; Caf\u00e9 na Passarela<\/p>\n<p>6h \u00e0s 10h | SP-055 &#8211; Km 293+500 \u2013 Praia Grande<\/p>\n<p>Todos os usu\u00e1rios | Caf\u00e9 da manh\u00e3 e educa\u00e7\u00e3o para o tr\u00e2nsito<\/p>\n<p>\u00a0<\/p>\n<p>13\/05 &#8211; Travessia Segura<\/p>\n<p>16h \u00e0s 18h | SP-055 &#8211; Km 216+000 \u2013 Bertioga<\/p>\n<p>Pedestres | Caf\u00e9 da tarde e panfletagem educativa<\/p>\n<p>\u00a0<\/p>\n<p>15\/05 &#8211; Caf\u00e9 na Passarela<\/p>\n<p>6h \u00e0s 10h | SP-055 &#8211; Km 318+800 \u2013 Itanha\u00e9m<\/p>\n<p>Todos os usu\u00e1rios | Caf\u00e9 da manh\u00e3 e orienta\u00e7\u00e3o<\/p>\n<p>\u00a0<\/p>\n<p>19\/05 &#8211; Travessia Segura<\/p>\n<p>6h \u00e0s 10h | SP-055 &#8211; Km 367+950 \u2013 Itariri<\/p>\n<p>Pedestres e ciclistas | Caf\u00e9 da manh\u00e3 e a\u00e7\u00f5es educativas<\/p>\n<p>\u00a0<\/p>\n<p>21\/05 &#8211; Pit Stop do Bem-Estar<\/p>\n<p>8h \u00e0s 10h | SP-055 &#8211; Km 224+000 \u2013 Bertioga<\/p>\n<p>Motociclistas | Caf\u00e9 da manh\u00e3 e orienta\u00e7\u00e3o sobre antena corta-cerol<\/p>\n<p>\u00a0<\/p>\n<p>26\/05 &#8211; Pit Stop do Bem-Estar<\/p>\n<p>16h \u00e0s 18h | SP-055 &#8211; Km 233+400 (leste) \u2013 Bertioga<\/p>\n<p>Motoristas | Caf\u00e9 da tarde e orienta\u00e7\u00e3o sobre ultrapassagens<\/p>\n<p>\u00a0<\/p>\n<p>30\/05 &#8211; Travessia Segura<\/p>\n<p>6h \u00e0s 10h | SP-055 &#8211; Km 217+300 \u2013 Riviera<\/p>\n<p>Pedestres e ciclistas | Caf\u00e9 da manh\u00e3 e orienta\u00e7\u00e3o<\/p>\n<p><em>* Novas a\u00e7\u00f5es poder\u00e3o ser incorporadas ao longo do m\u00eas.<\/em><\/p>\n<p>\u00a0<\/p>\n<p><strong>Sobre a CNL<\/strong><\/p>\n<p>A CNL administra 212 km de rodovias nas regi\u00f5es do Alto Tiet\u00ea, Baixada Santista e Vale do Ribeira com suporte operacional em oito postos de Servi\u00e7o de Atendimento ao Usu\u00e1rio (SAU), estrategicamente distribu\u00eddos ao longo das rodovias, al\u00e9m de inspe\u00e7\u00e3o de tr\u00e1fego, guinchos leve e pesado, apoio mec\u00e2nico, captura de animais, caminh\u00f5es-pipa e atendimento pr\u00e9-hospitalar por ambul\u00e2ncia b\u00e1sica e avan\u00e7ada. O plano de amplia\u00e7\u00f5es e melhoramentos prev\u00ea investimentos de aproximadamente R$ 5 bilh\u00f5es, obras que v\u00e3o transformar os caminhos de seus usu\u00e1rios. Mais informa\u00e7\u00f5es:\u00a0www.novolitoral.com.br.<\/p>\n<\/p><\/div>\n<p><script async defer crossorigin=\"anonymous\" src=\"https:\/\/connect.facebook.net\/pt_BR\/sdk.js#xfbml=1&#038;version=v12.0&#038;appId=&#038;autoLogAppEvents=1\" nonce=\"ou0fI1lo\"><\/script><br \/>\n<br \/><br \/>\n<br \/>Fonte: <a href=\"https:\/\/www.bs9.com.br\/brasil\/receita-federal-em-santos-apreende-mais-de-800-kg-de-cocaina\/31564\/\">BS9<\/a><\/p>\n","protected":false},"excerpt":{"rendered":"<p>A Concession\u00e1ria Novo Litoral (CNL) dar\u00e1 in\u00edcio nesta quinta-feira, 8 de maio, \u00e0 programa\u00e7\u00e3o especial em comemora\u00e7\u00e3o ao Maio Amarelo, movimento pela seguran\u00e7a no tr\u00e2nsito que neste ano traz o tema &#8220;Mobilidade Humana, Responsabilidade Humana&#8221;. \u00a0 Como parte do calend\u00e1rio, a concession\u00e1ria ir\u00e1 realizar a\u00e7\u00f5es voltadas para motoristas, motociclistas, ciclistas e pedestres em pontos estrat\u00e9gicos [&hellip;]<\/p>\n","protected":false},"author":5,"featured_media":19276,"comment_status":"open","ping_status":"open","sticky":false,"template":"","format":"standard","meta":{"_seopress_robots_primary_cat":"","_seopress_titles_title":"","_seopress_titles_desc":"","_seopress_robots_index":"","footnotes":""},"categories":[52],"tags":[],"class_list":["post-19275","post","type-post","status-publish","format-standard","has-post-thumbnail","hentry","category-santoseregiao"],"_links":{"self":[{"href":"https:\/\/mussicom.com\/noticias\/wp-json\/wp\/v2\/posts\/19275","targetHints":{"allow":["GET"]}}],"collection":[{"href":"https:\/\/mussicom.com\/noticias\/wp-json\/wp\/v2\/posts"}],"about":[{"href":"https:\/\/mussicom.com\/noticias\/wp-json\/wp\/v2\/types\/post"}],"author":[{"embeddable":true,"href":"https:\/\/mussicom.com\/noticias\/wp-json\/wp\/v2\/users\/5"}],"replies":[{"embeddable":true,"href":"https:\/\/mussicom.com\/noticias\/wp-json\/wp\/v2\/comments?post=19275"}],"version-history":[{"count":0,"href":"https:\/\/mussicom.com\/noticias\/wp-json\/wp\/v2\/posts\/19275\/revisions"}],"wp:featuredmedia":[{"embeddable":true,"href":"https:\/\/mussicom.com\/noticias\/wp-json\/wp\/v2\/media\/19276"}],"wp:attachment":[{"href":"https:\/\/mussicom.com\/noticias\/wp-json\/wp\/v2\/media?parent=19275"}],"wp:term":[{"taxonomy":"category","embeddable":true,"href":"https:\/\/mussicom.com\/noticias\/wp-json\/wp\/v2\/categories?post=19275"},{"taxonomy":"post_tag","embeddable":true,"href":"https:\/\/mussicom.com\/noticias\/wp-json\/wp\/v2\/tags?post=19275"}],"curies":[{"name":"wp","href":"https:\/\/api.w.org\/{rel}","templated":true}]}}