{"id":19267,"date":"2025-05-09T23:27:43","date_gmt":"2025-05-10T02:27:43","guid":{"rendered":"https:\/\/mussicom.com\/a-exposicao-nas-midias-sociais-mostra-como-leao-xiv-e-proximo-das-pessoas\/"},"modified":"2025-05-09T23:27:43","modified_gmt":"2025-05-10T02:27:43","slug":"a-exposicao-nas-midias-sociais-mostra-como-leao-xiv-e-proximo-das-pessoas","status":"publish","type":"post","link":"https:\/\/mussicom.com\/noticias\/a-exposicao-nas-midias-sociais-mostra-como-leao-xiv-e-proximo-das-pessoas\/","title":{"rendered":"\u201cA exposi\u00e7\u00e3o nas m\u00eddias sociais mostra como Le\u00e3o XIV \u00e9 pr\u00f3ximo das pessoas\u201d"},"content":{"rendered":"<p> <br \/>\n<\/p>\n<div>\n<p class=\"postParagraph_post-paragraph-innerHtml__Q5vwc\">Depois da entrevista coletiva que os cardeais brasileiros concederam no Col\u00e9gio Pio Brasileiro, nesta sexta-feira, eles tamb\u00e9m atenderam os jornalistas para pequenas entrevistas exclusivas, em que respondiam a poucas perguntas. Falando \u00e0 <strong>Gazeta do Povo<\/strong>, dom Orani Tempesta, cardeal-arcebispo do Rio de Janeiro, comentou as implica\u00e7\u00f5es da presen\u00e7a do ent\u00e3o cardeal Robert Prevost, hoje papa Le\u00e3o XIV, nas m\u00eddias sociais, com fotos de seu per\u00edodo como bispo e superior dos agostinianos correndo o mundo em grande velocidade.<\/p>\n<p class=\"postParagraph_post-paragraph-innerHtml__Q5vwc\"><strong>Esse \u00e9 o terceiro conclave do s\u00e9culo 21, e um conclave que elege um papa com atividade nas m\u00eddias sociais. No X, o cardeal Prevost discutia e at\u00e9 se contrapunha a alguns pol\u00edticos dos Estados Unidos, incluindo o atual vice-presidente. Isso representa um desafio para esse novo papado? Le\u00e3o XIV pode ser um contraponto para o atual governo americano?<\/strong><\/p>\n<p class=\"postParagraph_post-paragraph-innerHtml__Q5vwc\">A comunica\u00e7\u00e3o est\u00e1 por todo lado e cada um tem seu perfil nas m\u00eddias para colocar suas opini\u00f5es. O papa Le\u00e3o XIV, enquanto cardeal Prevost, fazia isso. Agora, claro, isso depender um pouco do contexto do Vaticano, porque ele n\u00e3o fala mais em nome pessoal, mas em nome de toda a Igreja. Sem d\u00favida, sua opini\u00e3o e suas ideias ter\u00e3o muita influ\u00eancia; a Igreja preza a liberdade, que faz parte da Doutrina Social da Igreja. N\u00e3o podemos fugir disso, porque ela faz parte daquilo em que n\u00f3s acreditamos. Se cremos no Evangelho, na palavra de Deus, levamos a todos a preocupa\u00e7\u00e3o com uma vida com mais dignidade para todos.<\/p>\n<p class=\"postParagraph_post-paragraph-innerHtml__Q5vwc\"><strong>De qual dos \u00faltimos tr\u00eas papas \u2013 Jo\u00e3o Paulo II, Bento XVI e Francisco \u2013 o senhor acha que Le\u00e3o XIV deve se aproximar mais?<\/strong><\/p>\n<p class=\"postParagraph_post-paragraph__juWZN\">De todos eles, considerando a contribui\u00e7\u00e3o de cada um. Le\u00e3o XIV vai levar adiante tudo de importante que estes seus tr\u00eas antecessores trouxeram, mas tamb\u00e9m vai apresentar e discutir novas quest\u00f5es, que v\u00e3o aparecendo e s\u00e3o sempre numerosas.<\/p>\n<p class=\"postParagraph_post-paragraph-innerHtml__Q5vwc\"><strong>As redes sociais j\u00e1 est\u00e3o cheias de imagens de Le\u00e3o XIV jogando futebol, cantando em karaok\u00ea, andando a cavalo. Essa exposi\u00e7\u00e3o ajuda a Igreja Cat\u00f3lica a crescer em carisma e assim poder impulsionar a evangeliza\u00e7\u00e3o?<\/strong><\/p>\n<p class=\"postParagraph_post-paragraph__juWZN\">O que estamos vendo mostra bem como Le\u00e3o XIV \u00e9 pr\u00f3ximo das pessoas, seja ajudando durante uma enchente no Peru, andando a cavalo na evangeliza\u00e7\u00e3o, cantando&#8230; ele \u00e9 algu\u00e9m que est\u00e1 muito pr\u00f3ximo do seu povo, e tenho certeza de que continuar\u00e1 assim, porque o papa deu esse testemunho agora mesmo, depois da elei\u00e7\u00e3o, cumprimentando a todos os funcion\u00e1rios, almo\u00e7ando na Casa Santa Marta com as pessoas, indo para sua resid\u00eancia \u2013 que atualmente \u00e9 no Santo Of\u00edcio \u2013 e cumprimentando a todos tamb\u00e9m l\u00e1. Essa proximidade faz parte do seu carisma.<\/p>\n<\/div>\n<p><br \/>\n<br \/>Fonte: <a href=\"https:\/\/www.gazetadopovo.com.br\/vozes\/marcio-antonio-campos\/entrevista-dom-orani-tempesta-papa-leao-xiv-midias-sociais\/\">Revista Oeste<\/a><\/p>\n","protected":false},"excerpt":{"rendered":"<p>Depois da entrevista coletiva que os cardeais brasileiros concederam no Col\u00e9gio Pio Brasileiro, nesta sexta-feira, eles tamb\u00e9m atenderam os jornalistas para pequenas entrevistas exclusivas, em que respondiam a poucas perguntas. Falando \u00e0 Gazeta do Povo, dom Orani Tempesta, cardeal-arcebispo do Rio de Janeiro, comentou as implica\u00e7\u00f5es da presen\u00e7a do ent\u00e3o cardeal Robert Prevost, hoje papa [&hellip;]<\/p>\n","protected":false},"author":5,"featured_media":19268,"comment_status":"open","ping_status":"open","sticky":false,"template":"","format":"standard","meta":{"_seopress_robots_primary_cat":"","_seopress_titles_title":"","_seopress_titles_desc":"","_seopress_robots_index":"","footnotes":""},"categories":[1],"tags":[],"class_list":["post-19267","post","type-post","status-publish","format-standard","has-post-thumbnail","hentry","category-ultimas-noticias"],"_links":{"self":[{"href":"https:\/\/mussicom.com\/noticias\/wp-json\/wp\/v2\/posts\/19267","targetHints":{"allow":["GET"]}}],"collection":[{"href":"https:\/\/mussicom.com\/noticias\/wp-json\/wp\/v2\/posts"}],"about":[{"href":"https:\/\/mussicom.com\/noticias\/wp-json\/wp\/v2\/types\/post"}],"author":[{"embeddable":true,"href":"https:\/\/mussicom.com\/noticias\/wp-json\/wp\/v2\/users\/5"}],"replies":[{"embeddable":true,"href":"https:\/\/mussicom.com\/noticias\/wp-json\/wp\/v2\/comments?post=19267"}],"version-history":[{"count":0,"href":"https:\/\/mussicom.com\/noticias\/wp-json\/wp\/v2\/posts\/19267\/revisions"}],"wp:featuredmedia":[{"embeddable":true,"href":"https:\/\/mussicom.com\/noticias\/wp-json\/wp\/v2\/media\/19268"}],"wp:attachment":[{"href":"https:\/\/mussicom.com\/noticias\/wp-json\/wp\/v2\/media?parent=19267"}],"wp:term":[{"taxonomy":"category","embeddable":true,"href":"https:\/\/mussicom.com\/noticias\/wp-json\/wp\/v2\/categories?post=19267"},{"taxonomy":"post_tag","embeddable":true,"href":"https:\/\/mussicom.com\/noticias\/wp-json\/wp\/v2\/tags?post=19267"}],"curies":[{"name":"wp","href":"https:\/\/api.w.org\/{rel}","templated":true}]}}