{"id":19198,"date":"2025-05-09T17:40:30","date_gmt":"2025-05-09T20:40:30","guid":{"rendered":"https:\/\/mussicom.com\/pier-do-jardim-casqueiro-tera-casamento-comunitario\/"},"modified":"2025-05-09T17:40:30","modified_gmt":"2025-05-09T20:40:30","slug":"pier-do-jardim-casqueiro-tera-casamento-comunitario","status":"publish","type":"post","link":"https:\/\/mussicom.com\/noticias\/pier-do-jardim-casqueiro-tera-casamento-comunitario\/","title":{"rendered":"P\u00eder do Jardim Casqueiro ter\u00e1 casamento comunit\u00e1rio"},"content":{"rendered":"<p> <br \/>\n<\/p>\n<div>\n<p><strong>As inscri\u00e7\u00f5es foram prorrogadas at\u00e9 segunda, dia 12 de maio, e permanecem enquanto houver vagas<\/strong><\/p>\n<p>Casais que desejam oficializar a uni\u00e3o gratuitamente ainda podem participar do Casamento Comunit\u00e1rio 2025 promovido pela Prefeitura de Cubat\u00e3o, por meio da Secretaria Municipal de Assist\u00eancia Social (Semas), no p\u00eder do Jardim Casqueiro. As inscri\u00e7\u00f5es foram prorrogadas at\u00e9 segunda, dia 12 de maio, e permanecem enquanto houver vagas dispon\u00edveis.<\/p>\n<p>O projeto oferece 50 vagas para casais amparados por lei que comprovem car\u00eancia financeira, com prioridade para aqueles que t\u00eam maior n\u00famero de filhos. As inscri\u00e7\u00f5es devem ser feitas de segunda a sexta-feira, das 9h \u00e0s 16h, nos Centros de Refer\u00eancia de Assist\u00eancia Social (CRAS) de Cubat\u00e3o:<\/p>\n<p>CRAS Centro \u2013 Av. Nove de Abril, s\/n\u00ba \u2013 Parque Anilinas<\/p>\n<p>CRAS Vila Natal \u2013 Rua dos Cravos, 331 \u2013 Vila Natal<\/p>\n<p>CRAS Rubens Lara \u2013 Rua Rivaldo Alves Feitosa, s\/n\u00ba \u2013 Parque S\u00e3o Luiz<\/p>\n<p>CRAS CEU das Artes \u2013 Rua Janu\u00e1rio Pontes, s\/n\u00ba \u2013 Jardim Nova Rep\u00fablica (Bols\u00e3o 8)<\/p>\n<p><img alt=\"\" fetchpriority=\"high\" decoding=\"async\" class=\"aligncenter wp-image-233779 size-full\" src=\"https:\/\/jornaldaorla.com.br\/wp-content\/uploads\/2025\/05\/casamentp-comunitario-geral-1024x679-1.jpg\" alt=\"\" width=\"1024\" height=\"679\" srcset=\"https:\/\/jornaldaorla.com.br\/wp-content\/uploads\/2025\/05\/casamentp-comunitario-geral-1024x679-1.jpg 1024w, https:\/\/jornaldaorla.com.br\/wp-content\/uploads\/2025\/05\/casamentp-comunitario-geral-1024x679-1-300x199.jpg 300w, https:\/\/jornaldaorla.com.br\/wp-content\/uploads\/2025\/05\/casamentp-comunitario-geral-1024x679-1-768x509.jpg 768w\" sizes=\"(max-width: 1024px) 100vw, 1024px\" data-eio=\"l\"\/><\/p>\n<p><strong>Documentos necess\u00e1rios <\/strong><\/p>\n<p>Documento de identidade com foto (RG), CPF, comprovante de resid\u00eancia, Certid\u00e3o de nascimento ou de casamento atualizada (com averba\u00e7\u00e3o de div\u00f3rcio, se for o caso). Vale destacar que todas as certid\u00f5es devem estar com emiss\u00e3o de no m\u00e1ximo tr\u00eas meses.<\/p>\n<p>A cerim\u00f4nia, marcada para o dia 31 de maio, ser\u00e1 realizada no P\u00eder do Jardim Casqueiro. O evento promete repetir o sucesso das edi\u00e7\u00f5es anteriores, oferecendo estrutura completa para os noivos.<\/p>\n<\/div>\n<p><br \/>\n<br \/>Fonte: <a href=\"https:\/\/jornaldaorla.com.br\/noticias\/pier-do-jardim-casqueiro-tera-casamento-comunitario\/\">Jornal Da Orla<\/a><\/p>\n","protected":false},"excerpt":{"rendered":"<p>As inscri\u00e7\u00f5es foram prorrogadas at\u00e9 segunda, dia 12 de maio, e permanecem enquanto houver vagas Casais que desejam oficializar a uni\u00e3o gratuitamente ainda podem participar do Casamento Comunit\u00e1rio 2025 promovido pela Prefeitura de Cubat\u00e3o, por meio da Secretaria Municipal de Assist\u00eancia Social (Semas), no p\u00eder do Jardim Casqueiro. As inscri\u00e7\u00f5es foram prorrogadas at\u00e9 segunda, dia [&hellip;]<\/p>\n","protected":false},"author":5,"featured_media":19199,"comment_status":"open","ping_status":"open","sticky":false,"template":"","format":"standard","meta":{"_seopress_robots_primary_cat":"","_seopress_titles_title":"","_seopress_titles_desc":"","_seopress_robots_index":"","footnotes":""},"categories":[52],"tags":[],"class_list":["post-19198","post","type-post","status-publish","format-standard","has-post-thumbnail","hentry","category-santoseregiao"],"_links":{"self":[{"href":"https:\/\/mussicom.com\/noticias\/wp-json\/wp\/v2\/posts\/19198","targetHints":{"allow":["GET"]}}],"collection":[{"href":"https:\/\/mussicom.com\/noticias\/wp-json\/wp\/v2\/posts"}],"about":[{"href":"https:\/\/mussicom.com\/noticias\/wp-json\/wp\/v2\/types\/post"}],"author":[{"embeddable":true,"href":"https:\/\/mussicom.com\/noticias\/wp-json\/wp\/v2\/users\/5"}],"replies":[{"embeddable":true,"href":"https:\/\/mussicom.com\/noticias\/wp-json\/wp\/v2\/comments?post=19198"}],"version-history":[{"count":0,"href":"https:\/\/mussicom.com\/noticias\/wp-json\/wp\/v2\/posts\/19198\/revisions"}],"wp:featuredmedia":[{"embeddable":true,"href":"https:\/\/mussicom.com\/noticias\/wp-json\/wp\/v2\/media\/19199"}],"wp:attachment":[{"href":"https:\/\/mussicom.com\/noticias\/wp-json\/wp\/v2\/media?parent=19198"}],"wp:term":[{"taxonomy":"category","embeddable":true,"href":"https:\/\/mussicom.com\/noticias\/wp-json\/wp\/v2\/categories?post=19198"},{"taxonomy":"post_tag","embeddable":true,"href":"https:\/\/mussicom.com\/noticias\/wp-json\/wp\/v2\/tags?post=19198"}],"curies":[{"name":"wp","href":"https:\/\/api.w.org\/{rel}","templated":true}]}}