{"id":19165,"date":"2025-05-09T15:16:53","date_gmt":"2025-05-09T18:16:53","guid":{"rendered":"https:\/\/mussicom.com\/tarcisio-desiste-de-participar-de-evento-bancado-por-refinaria\/"},"modified":"2025-05-09T15:16:53","modified_gmt":"2025-05-09T18:16:53","slug":"tarcisio-desiste-de-participar-de-evento-bancado-por-refinaria","status":"publish","type":"post","link":"https:\/\/mussicom.com\/noticias\/tarcisio-desiste-de-participar-de-evento-bancado-por-refinaria\/","title":{"rendered":"Tarc\u00edsio desiste de participar de evento bancado por refinaria"},"content":{"rendered":"<p> <br \/>\n<\/p>\n<div id=\"hd80s9wa1h892edh8192\">\n<p>O governador de S\u00e3o Paulo, <strong>Tarc\u00edsio de Freitas (Republicanos)<\/strong>, desistiu de participar de um evento patrocinado pela <strong>refinaria Refit<\/strong> em Nova York. A empresa possui uma d\u00edvida de R$ 20,38 bilh\u00f5es em ICMS com S\u00e3o Paulo e Rio de Janeiro. A informa\u00e7\u00e3o \u00e9 do jornalista Cl\u00e1udio Dantas.<\/p>\n<p>Em mar\u00e7o, a Refit devia R$ 10,87 bilh\u00f5es ao Rio de Janeiro e R$ 9,51 bilh\u00f5es a S\u00e3o Paulo, conforme a PGE-RJ. O <em>F\u00f3rum Veja Brazil Insights Nova York<\/em> ser\u00e1 realizado em 13 de maio no luxuoso Hotel St. Regis, onde as di\u00e1rias ultrapassam R$ 10 mil. O evento vai abordar os principais desafios e oportunidades do Brasil no cen\u00e1rio internacional.<\/p>\n<figure class=\"wp-block-image aligncenter size-full is-resized\"><picture><source data-srcset=\"https:\/\/medias.revistaoeste.com\/wp-content\/uploads\/2025\/05\/convite-refit.jpg.webp 1280w, https:\/\/medias.revistaoeste.com\/wp-content\/uploads\/2025\/05\/convite-refit-300x200.jpg.webp 300w, https:\/\/medias.revistaoeste.com\/wp-content\/uploads\/2025\/05\/convite-refit-150x100.jpg.webp 150w\" data-sizes=\"(max-width: 1280px) 100vw, 1280px\" type=\"image\/webp\"><img fetchpriority=\"high\" decoding=\"async\" width=\"1280\" height=\"853\" src=\"https:\/\/medias.revistaoeste.com\/wp-content\/uploads\/2025\/05\/convite-refit.jpg\" alt=\"An\u00fancio do evento patrocinado pela refinaria Refit | Foto: Reprodu\u00e7\u00e3o\/Redes sociais\" class=\"wp-image-1987907\" style=\"width:600px;height:auto\" srcset=\"https:\/\/medias.revistaoeste.com\/wp-content\/uploads\/2025\/05\/convite-refit.jpg 1280w, https:\/\/medias.revistaoeste.com\/wp-content\/uploads\/2025\/05\/convite-refit-300x200.jpg 300w, https:\/\/medias.revistaoeste.com\/wp-content\/uploads\/2025\/05\/convite-refit-150x100.jpg 150w\" sizes=\"(max-width: 1280px) 100vw, 1280px\" data-eio=\"p\"\/><\/source><\/picture><figcaption class=\"wp-element-caption\">An\u00fancio do evento patrocinado pela refinaria Refit | Foto: Reprodu\u00e7\u00e3o\/Redes sociais<\/figcaption><\/figure>\n<p>Patrocinado por empresas como Refit, JBS e Cedae, al\u00e9m do governo do Rio de Janeiro, o f\u00f3rum contar\u00e1 com a presen\u00e7a confirmada do presidente do Supremo Tribunal Federal (STF), <strong>Lu\u00eds Roberto Barroso<\/strong>, e do governador fluminense Cl\u00e1udio Castro (PL-RJ).<\/p>\n<h2 class=\"wp-block-heading\">Al\u00e9m de Tarc\u00edsio: outras figuras convidadas para evento bancado por refinaria<\/h2>\n<figure class=\"wp-block-image aligncenter size-full is-resized\"><picture><source data-srcset=\"https:\/\/medias.revistaoeste.com\/wp-content\/uploads\/2025\/04\/FTA20250423140-1-scaled.jpg.webp 2560w, https:\/\/medias.revistaoeste.com\/wp-content\/uploads\/2025\/04\/FTA20250423140-1-300x200.jpg.webp 300w, https:\/\/medias.revistaoeste.com\/wp-content\/uploads\/2025\/04\/FTA20250423140-1-150x100.jpg.webp 150w\" data-sizes=\"(max-width: 2560px) 100vw, 2560px\" type=\"image\/webp\"><img decoding=\"async\" width=\"2560\" height=\"1703\" alt=\"barroso\" class=\"wp-image-1973140 perfmatters-lazy\" style=\"width:589px;height:auto\" data-eio=\"p\" src=\"https:\/\/medias.revistaoeste.com\/wp-content\/uploads\/2025\/04\/FTA20250423140-1-scaled.jpg\" srcset=\"https:\/\/medias.revistaoeste.com\/wp-content\/uploads\/2025\/04\/FTA20250423140-1-scaled.jpg 2560w, https:\/\/medias.revistaoeste.com\/wp-content\/uploads\/2025\/04\/FTA20250423140-1-300x200.jpg 300w, https:\/\/medias.revistaoeste.com\/wp-content\/uploads\/2025\/04\/FTA20250423140-1-150x100.jpg 150w\" data-sizes=\"(max-width: 2560px) 100vw, 2560px\"\/><img decoding=\"async\" width=\"2560\" height=\"1703\" src=\"https:\/\/medias.revistaoeste.com\/wp-content\/uploads\/2025\/04\/FTA20250423140-1-scaled.jpg\" alt=\"barroso\" class=\"wp-image-1973140\" style=\"width:589px;height:auto\" srcset=\"https:\/\/medias.revistaoeste.com\/wp-content\/uploads\/2025\/04\/FTA20250423140-1-scaled.jpg 2560w, https:\/\/medias.revistaoeste.com\/wp-content\/uploads\/2025\/04\/FTA20250423140-1-300x200.jpg 300w, https:\/\/medias.revistaoeste.com\/wp-content\/uploads\/2025\/04\/FTA20250423140-1-150x100.jpg 150w\" sizes=\"(max-width: 2560px) 100vw, 2560px\" data-eio=\"p\"\/><\/source><\/picture><figcaption class=\"wp-element-caption\">Barroso ser\u00e1 palestrante em evento da refinaria Refit | Foto: Ton Molina\/Fotoarea\/Estad\u00e3o Cont\u00e9udo<\/figcaption><\/figure>\n<p>Barroso deve ser um dos palestrantes do evento, que tamb\u00e9m ter\u00e1 como convidados os parlamentares Hugo Motta (Republicanos-PB) e Ciro Nogueira (PP-PI). J\u00e1 a ministra do Planejamento, Simone Tebet (MDB), n\u00e3o comparecer\u00e1, pois estar\u00e1 em viagem oficial com o presidente Lula \u00e0 R\u00fassia.<\/p>\n<p>Todos os custos de deslocamento, hospedagem e alimenta\u00e7\u00e3o dos participantes ser\u00e3o cobertos pelos patrocinadores. De acordo com o portal Poder360, o governador de Goi\u00e1s, Ronaldo Caiado (Uni\u00e3o Brasil), recusou o convite h\u00e1 cerca de 20 dias. <\/p>\n<h2 class=\"wp-block-heading\">Pol\u00eamicas envolvendo a Refit<\/h2>\n<p>A Refit, investigada em uma opera\u00e7\u00e3o da Pol\u00edcia Civil de S\u00e3o Paulo em dezembro de 2024, segue no centro de outras controv\u00e9rsias. A a\u00e7\u00e3o incluiu mandados de busca na Fera Lubrificantes, localizada em Guarulhos, empresa ligada a Ricardo Magro, propriet\u00e1rio da refinaria.<\/p>\n<p>Magro \u00e9 acusado de sonega\u00e7\u00e3o fiscal, mas afirma que \u201ctodos os fatos ser\u00e3o esclarecidos na Justi\u00e7a\u201d. Ele j\u00e1 foi preso em 2016 por suspeita de envolvimento no desvio de recursos da Petros. Em fevereiro de 2024, o governo federal apresentou um projeto de lei para regulamentar os chamados devedores contumazes \u2014 empresas que, de forma reiterada, deixam de pagar tributos.<\/p>\n<p>O texto define como devedor contumaz aquele que possui d\u00edvida superior a R$ 15 milh\u00f5es, sem questionamento administrativo ou judicial v\u00e1lido, e maior do que o patrim\u00f4nio declarado da empresa. <\/p>\n<p>No Senado, dois projetos tratam do tema: um, relatado por Veneziano Vital do R\u00eago (MDB-PB), j\u00e1 foi aprovado na CCJ; o outro, sob relatoria de Efraim Filho (Uni\u00e3o Brasil-PB), ainda aguarda an\u00e1lise em plen\u00e1rio.<\/p>\n<p><strong>+ Leia mais not\u00edcias de Pol\u00edtica em Oeste<\/strong><\/p>\n<\/p><\/div>\n<p><br \/>\n<br \/>Fonte: <a href=\"https:\/\/revistaoeste.com\/politica\/tarcisio-desiste-de-participar-de-evento-bancado-por-refinaria-com-divida-bilionaria\/\">Ag\u00eancia Brasil<\/a><\/p>\n","protected":false},"excerpt":{"rendered":"<p>O governador de S\u00e3o Paulo, Tarc\u00edsio de Freitas (Republicanos), desistiu de participar de um evento patrocinado pela refinaria Refit em Nova York. A empresa possui uma d\u00edvida de R$ 20,38 bilh\u00f5es em ICMS com S\u00e3o Paulo e Rio de Janeiro. A informa\u00e7\u00e3o \u00e9 do jornalista Cl\u00e1udio Dantas. Em mar\u00e7o, a Refit devia R$ 10,87 bilh\u00f5es [&hellip;]<\/p>\n","protected":false},"author":5,"featured_media":19166,"comment_status":"open","ping_status":"open","sticky":false,"template":"","format":"standard","meta":{"_seopress_robots_primary_cat":"","_seopress_titles_title":"","_seopress_titles_desc":"","_seopress_robots_index":"","footnotes":""},"categories":[47,1],"tags":[],"class_list":["post-19165","post","type-post","status-publish","format-standard","has-post-thumbnail","hentry","category-politica","category-ultimas-noticias"],"_links":{"self":[{"href":"https:\/\/mussicom.com\/noticias\/wp-json\/wp\/v2\/posts\/19165","targetHints":{"allow":["GET"]}}],"collection":[{"href":"https:\/\/mussicom.com\/noticias\/wp-json\/wp\/v2\/posts"}],"about":[{"href":"https:\/\/mussicom.com\/noticias\/wp-json\/wp\/v2\/types\/post"}],"author":[{"embeddable":true,"href":"https:\/\/mussicom.com\/noticias\/wp-json\/wp\/v2\/users\/5"}],"replies":[{"embeddable":true,"href":"https:\/\/mussicom.com\/noticias\/wp-json\/wp\/v2\/comments?post=19165"}],"version-history":[{"count":0,"href":"https:\/\/mussicom.com\/noticias\/wp-json\/wp\/v2\/posts\/19165\/revisions"}],"wp:featuredmedia":[{"embeddable":true,"href":"https:\/\/mussicom.com\/noticias\/wp-json\/wp\/v2\/media\/19166"}],"wp:attachment":[{"href":"https:\/\/mussicom.com\/noticias\/wp-json\/wp\/v2\/media?parent=19165"}],"wp:term":[{"taxonomy":"category","embeddable":true,"href":"https:\/\/mussicom.com\/noticias\/wp-json\/wp\/v2\/categories?post=19165"},{"taxonomy":"post_tag","embeddable":true,"href":"https:\/\/mussicom.com\/noticias\/wp-json\/wp\/v2\/tags?post=19165"}],"curies":[{"name":"wp","href":"https:\/\/api.w.org\/{rel}","templated":true}]}}