{"id":19163,"date":"2025-05-09T15:13:38","date_gmt":"2025-05-09T18:13:38","guid":{"rendered":"https:\/\/mussicom.com\/papa-leao-xiv-ja-visitou-o-brasil-e-tinha-viagem-marcada-ao-pais\/"},"modified":"2025-05-09T15:13:38","modified_gmt":"2025-05-09T18:13:38","slug":"papa-leao-xiv-ja-visitou-o-brasil-e-tinha-viagem-marcada-ao-pais","status":"publish","type":"post","link":"https:\/\/mussicom.com\/noticias\/papa-leao-xiv-ja-visitou-o-brasil-e-tinha-viagem-marcada-ao-pais\/","title":{"rendered":"Papa Le\u00e3o XIV j\u00e1 visitou o Brasil e tinha viagem marcada ao pa\u00eds"},"content":{"rendered":"<p> <br \/>\n<\/p>\n<div id=\"hd80s9wa1h892edh8192\">\n<p>O papa Le\u00e3o XIV, anteriormente cardeal <strong>Robert Prevost<\/strong>, tinha uma viagem programada ao Brasil para um evento da Confer\u00eancia Nacional dos Bispos do Brasil (CNBB). Em ao menos outras quatro ocasi\u00f5es, ele j\u00e1 esteve no pa\u00eds para eventos com a ordem dos agostinianos. <\/p>\n<p>A nova visita de Prevost ao Brasil estava prevista para ocorrer entre o final de abril e o in\u00edcio de maio, mas o evento da CNBB foi cancelado em raz\u00e3o da morte do papa Francisco e da subsequente elei\u00e7\u00e3o do novo pont\u00edfice.<\/p>\n<p><strong>+ Leia mais not\u00edcias de Mundo em Oeste<\/strong><\/p>\n<p>Segundo dom Ricardo Hoepers, secret\u00e1rio-geral da CNBB, Prevost aceitou prontamente o convite para participar da assembleia-geral dos bispos, o que demonstra seu apre\u00e7o pela Igreja no Brasil. O evento, que seria realizado em Aparecida (SP), incluiria um retiro espiritual para os bispos do pa\u00eds.<\/p>\n<p>Dom Ricardo destacou que Prevost j\u00e1 tinha adquirido as passagens a\u00e9reas e estava preparado para conduzir as medita\u00e7\u00f5es durante o retiro. Em fevereiro deste ano, a lideran\u00e7a da CNBB visitou Prevost, que na \u00e9poca era o prefeito do Dicast\u00e9rio para os Bispos, para formalizar o convite.<\/p>\n<figure class=\"wp-block-embed is-type-video is-provider-youtube wp-block-embed-youtube wp-embed-aspect-16-9 wp-has-aspect-ratio\">\n<div class=\"wp-block-embed__wrapper\">\n<div class=\"perfmatters-lazy-youtube\" data-src=\"https:\/\/www.youtube.com\/embed\/GwL7Tbbze2o\" data-id=\"GwL7Tbbze2o\" data-query=\"feature=oembed\" onclick=\"perfmattersLazyLoadYouTube(this);\">\n<div><img fetchpriority=\"high\" decoding=\"async\" src=\"https:\/\/i.ytimg.com\/vi\/GwL7Tbbze2o\/hqdefault.jpg\" alt=\"YouTube video\" width=\"480\" height=\"360\" data-pin-nopin=\"true\" nopin=\"nopin\"\/><\/div>\n<\/div>\n<p><noscript><iframe title=\"Le\u00e3o XIV: veja momento em que Robert Prevost \u00e9 anunciado novo papa da Igreja Cat\u00f3lica\" width=\"800\" height=\"450\" src=\"https:\/\/www.youtube.com\/embed\/GwL7Tbbze2o?feature=oembed\" frameborder=\"0\" allow=\"accelerometer; autoplay; clipboard-write; encrypted-media; gyroscope; picture-in-picture; web-share\" referrerpolicy=\"strict-origin-when-cross-origin\" allowfullscreen><\/iframe><\/noscript>\n<\/div>\n<\/figure>\n<p>O novo papa tem uma longa hist\u00f3ria de visitas ao Brasil. Ele esteve no pa\u00eds em v\u00e1rias ocasi\u00f5es, incluindo os anos de 2004, 2008, 2012 e 2013. Em 2004, visitou o Col\u00e9gio Santo Agostinho, em Belo Horizonte, e em 2008 esteve em Campinas, cidade pr\u00f3xima a S\u00e3o Paulo.<\/p>\n<h2 class=\"wp-block-heading\">Hist\u00f3rico de visitas ao Brasil<\/h2>\n<figure class=\"wp-block-image aligncenter size-full\"><picture><source data-srcset=\"https:\/\/medias.revistaoeste.com\/wp-content\/uploads\/2025\/05\/cq5dam.thumbnail.cropped.750.422.jpeg.webp 750w, https:\/\/medias.revistaoeste.com\/wp-content\/uploads\/2025\/05\/cq5dam.thumbnail.cropped.750.422-300x169.jpeg.webp 300w, https:\/\/medias.revistaoeste.com\/wp-content\/uploads\/2025\/05\/cq5dam.thumbnail.cropped.750.422-400x225.jpeg.webp 400w, https:\/\/medias.revistaoeste.com\/wp-content\/uploads\/2025\/05\/cq5dam.thumbnail.cropped.750.422-216x121.jpeg.webp 216w, https:\/\/medias.revistaoeste.com\/wp-content\/uploads\/2025\/05\/cq5dam.thumbnail.cropped.750.422-150x84.jpeg.webp 150w\" data-sizes=\"(max-width: 750px) 100vw, 750px\" type=\"image\/webp\"><img alt=\"\" decoding=\"async\" width=\"750\" height=\"422\" alt=\"\" class=\"wp-image-1986891 perfmatters-lazy\" data-eio=\"p\" src=\"https:\/\/medias.revistaoeste.com\/wp-content\/uploads\/2025\/05\/cq5dam.thumbnail.cropped.750.422.jpeg\" srcset=\"https:\/\/medias.revistaoeste.com\/wp-content\/uploads\/2025\/05\/cq5dam.thumbnail.cropped.750.422.jpeg 750w, https:\/\/medias.revistaoeste.com\/wp-content\/uploads\/2025\/05\/cq5dam.thumbnail.cropped.750.422-300x169.jpeg 300w, https:\/\/medias.revistaoeste.com\/wp-content\/uploads\/2025\/05\/cq5dam.thumbnail.cropped.750.422-400x225.jpeg 400w, https:\/\/medias.revistaoeste.com\/wp-content\/uploads\/2025\/05\/cq5dam.thumbnail.cropped.750.422-216x121.jpeg 216w, https:\/\/medias.revistaoeste.com\/wp-content\/uploads\/2025\/05\/cq5dam.thumbnail.cropped.750.422-150x84.jpeg 150w\" data-sizes=\"(max-width: 750px) 100vw, 750px\"\/><img alt=\"\" decoding=\"async\" width=\"750\" height=\"422\" src=\"https:\/\/medias.revistaoeste.com\/wp-content\/uploads\/2025\/05\/cq5dam.thumbnail.cropped.750.422.jpeg\" alt=\"\" class=\"wp-image-1986891\" srcset=\"https:\/\/medias.revistaoeste.com\/wp-content\/uploads\/2025\/05\/cq5dam.thumbnail.cropped.750.422.jpeg 750w, https:\/\/medias.revistaoeste.com\/wp-content\/uploads\/2025\/05\/cq5dam.thumbnail.cropped.750.422-300x169.jpeg 300w, https:\/\/medias.revistaoeste.com\/wp-content\/uploads\/2025\/05\/cq5dam.thumbnail.cropped.750.422-400x225.jpeg 400w, https:\/\/medias.revistaoeste.com\/wp-content\/uploads\/2025\/05\/cq5dam.thumbnail.cropped.750.422-216x121.jpeg 216w, https:\/\/medias.revistaoeste.com\/wp-content\/uploads\/2025\/05\/cq5dam.thumbnail.cropped.750.422-150x84.jpeg 150w\" sizes=\"(max-width: 750px) 100vw, 750px\" data-eio=\"p\"\/><\/source><\/picture><figcaption class=\"wp-element-caption\">Le\u00e3o XIV, o novo papa da Igreja Cat\u00f3lica | Foto: Reprodu\u00e7\u00e3o\/VaticanNews<\/figcaption><\/figure>\n<p>Durante suas visitas em 2012, Prevost passou pelos Estados de Minas Gerais, S\u00e3o Paulo e Paran\u00e1, e interagiu com comunidades agostinianas locais. Em 2013, participou da programa\u00e7\u00e3o oficial da Pr\u00e9-Jornada Mundial da Juventude em S\u00e3o Paulo, um evento de grande import\u00e2ncia para a Igreja Cat\u00f3lica.<\/p>\n<blockquote class=\"twitter-tweet\">\n<p lang=\"pt\" dir=\"ltr\">\ud83c\udf7b \ud83d\udcf8 Papa Le\u00e3o XIV bebendo cerveja durante visita ao Brasil em 2004, em Belo Horizonte (MG). <a href=\"https:\/\/t.co\/O3aLXSlnDz\">pic.twitter.com\/O3aLXSlnDz<\/a><\/p>\n<p>\u2014 R\u00e9publique (@republiqueBRA) <a href=\"https:\/\/twitter.com\/republiqueBRA\/status\/1920836286316777715?ref_src=twsrc%5Etfw\">May 9, 2025<\/a><\/p><\/blockquote>\n<p>Frei Jeferson Felipe Cruz, da Prov\u00edncia Agostiniana Nossa Senhora da Consola\u00e7\u00e3o do Brasil, descreveu Prevost como um homem reservado, mas muito cort\u00eas e sereno. \u201cNessa ocasi\u00e3o [<em>2012, em Minas Gerais<\/em>], eu fiz a profiss\u00e3o solene e tive a gra\u00e7a de emitir os votos nas m\u00e3os dele\u201d, disse.<\/p>\n<p><strong>Leia mais: \u201cUm pont\u00edfice al\u00e9m de r\u00f3tulos\u201d, artigo de Ana Paula Henkel publicado na Edi\u00e7\u00e3o 268 da Revista Oeste<\/strong><\/p>\n<p>Frei Maur\u00edcio Rocha, prior da Prov\u00edncia Agostiniana do Brasil, tamb\u00e9m falou sobre a liga\u00e7\u00e3o de Le\u00e3o XIV com a Am\u00e9rica Latina. Ele enfatizou a dedica\u00e7\u00e3o do papa em promover a unidade e o carisma agostiniano. A CNBB, juntamente com outras institui\u00e7\u00f5es cat\u00f3licas brasileiras, expressou grande alegria pela escolha de Le\u00e3o XIV como novo papa.<\/p>\n<p>Em comunicado oficial, o \u00f3rg\u00e3o saudou o novo l\u00edder, sob o destaque de \u201cprofunda alegria e gratid\u00e3o a Deus\u201d com que recebeu o sucessor de Francisco. A Arquidiocese de S\u00e3o Paulo tamb\u00e9m celebrou a elei\u00e7\u00e3o de Le\u00e3o XIV, de modo a ressaltar seu perfil mission\u00e1rio e experi\u00eancia internacional.<\/p>\n<h2 class=\"wp-block-heading\">Rea\u00e7\u00f5es \u00e0 elei\u00e7\u00e3o de papa Le\u00e3o XIV<\/h2>\n<figure class=\"wp-block-embed is-type-video is-provider-youtube wp-block-embed-youtube wp-embed-aspect-4-3 wp-has-aspect-ratio\">\n<div class=\"wp-block-embed__wrapper\">\n<div class=\"perfmatters-lazy-youtube\" data-src=\"https:\/\/www.youtube.com\/embed\/1qPjNDIcvJw\" data-id=\"1qPjNDIcvJw\" data-query=\"feature=oembed\" onclick=\"perfmattersLazyLoadYouTube(this);\">\n<div><img loading=\"lazy\" decoding=\"async\" alt=\"YouTube video\" width=\"480\" height=\"360\" data-pin-nopin=\"true\" nopin=\"nopin\" class=\"perfmatters-lazy\" src=\"https:\/\/i.ytimg.com\/vi\/1qPjNDIcvJw\/hqdefault.jpg\"\/><img loading=\"lazy\" decoding=\"async\" src=\"https:\/\/i.ytimg.com\/vi\/1qPjNDIcvJw\/hqdefault.jpg\" alt=\"YouTube video\" width=\"480\" height=\"360\" data-pin-nopin=\"true\" nopin=\"nopin\"\/><\/div>\n<\/div>\n<p><noscript><iframe title=\"OESTE URGENTE | NOVO PAPA \u00c9 AMERICANO | CONHE\u00c7A ROBERT PREVOST, O LE\u00c3O XIV\" width=\"800\" height=\"450\" src=\"https:\/\/www.youtube.com\/embed\/1qPjNDIcvJw?feature=oembed\" frameborder=\"0\" allow=\"accelerometer; autoplay; clipboard-write; encrypted-media; gyroscope; picture-in-picture; web-share\" referrerpolicy=\"strict-origin-when-cross-origin\" allowfullscreen><\/iframe><\/noscript>\n<\/div>\n<\/figure>\n<p>Segundo dom C\u00edcero Alves de Fran\u00e7a, bispo auxiliar da arquidiocese de S\u00e3o Paulo, Le\u00e3o XIV \u201c\u00e9 um mission\u00e1rio por excel\u00eancia, viveu fora de sua terra natal e topou com a mis\u00e9ria humana\u201d. Nascido em Chicago e poliglota, o novo papa \u00e9 visto como um religioso que transcende fronteiras.<\/p>\n<p>Viveu duas d\u00e9cadas no Peru, onde se tornou bispo e cidad\u00e3o naturalizado, liderou sua ordem religiosa internacionalmente e ocupou um dos cargos mais influentes no Vaticano. Para os frades agostinianos, o novo pont\u00edfice deve dar continuidade a muitas das obras iniciadas por papa Francisco, mas com sua pr\u00f3pria perspectiva.<\/p>\n<p><strong>Leia tamb\u00e9m: \u201cPapado em reflex\u00e3o\u201d, artigo de Ana Paula Henkel publicado na Edi\u00e7\u00e3o 266 da Revista Oeste<\/strong><\/p>\n<\/p><\/div>\n<p><script async src=\"\/\/platform.twitter.com\/widgets.js\" charset=\"utf-8\"><\/script><br \/>\n<br \/><br \/>\n<br \/>Fonte: <a href=\"https:\/\/www.revistaoeste.com\/mundo\/papa-leao-xiv-ja-visitou-o-brasil-e-tinha-viagem-marcada-ao-pais\/\">Revista Oeste<\/a><\/p>\n","protected":false},"excerpt":{"rendered":"<p>O papa Le\u00e3o XIV, anteriormente cardeal Robert Prevost, tinha uma viagem programada ao Brasil para um evento da Confer\u00eancia Nacional dos Bispos do Brasil (CNBB). Em ao menos outras quatro ocasi\u00f5es, ele j\u00e1 esteve no pa\u00eds para eventos com a ordem dos agostinianos. A nova visita de Prevost ao Brasil estava prevista para ocorrer entre [&hellip;]<\/p>\n","protected":false},"author":5,"featured_media":19164,"comment_status":"open","ping_status":"open","sticky":false,"template":"","format":"standard","meta":{"_seopress_robots_primary_cat":"","_seopress_titles_title":"","_seopress_titles_desc":"","_seopress_robots_index":"","footnotes":""},"categories":[48],"tags":[],"class_list":["post-19163","post","type-post","status-publish","format-standard","has-post-thumbnail","hentry","category-internacional"],"_links":{"self":[{"href":"https:\/\/mussicom.com\/noticias\/wp-json\/wp\/v2\/posts\/19163","targetHints":{"allow":["GET"]}}],"collection":[{"href":"https:\/\/mussicom.com\/noticias\/wp-json\/wp\/v2\/posts"}],"about":[{"href":"https:\/\/mussicom.com\/noticias\/wp-json\/wp\/v2\/types\/post"}],"author":[{"embeddable":true,"href":"https:\/\/mussicom.com\/noticias\/wp-json\/wp\/v2\/users\/5"}],"replies":[{"embeddable":true,"href":"https:\/\/mussicom.com\/noticias\/wp-json\/wp\/v2\/comments?post=19163"}],"version-history":[{"count":0,"href":"https:\/\/mussicom.com\/noticias\/wp-json\/wp\/v2\/posts\/19163\/revisions"}],"wp:featuredmedia":[{"embeddable":true,"href":"https:\/\/mussicom.com\/noticias\/wp-json\/wp\/v2\/media\/19164"}],"wp:attachment":[{"href":"https:\/\/mussicom.com\/noticias\/wp-json\/wp\/v2\/media?parent=19163"}],"wp:term":[{"taxonomy":"category","embeddable":true,"href":"https:\/\/mussicom.com\/noticias\/wp-json\/wp\/v2\/categories?post=19163"},{"taxonomy":"post_tag","embeddable":true,"href":"https:\/\/mussicom.com\/noticias\/wp-json\/wp\/v2\/tags?post=19163"}],"curies":[{"name":"wp","href":"https:\/\/api.w.org\/{rel}","templated":true}]}}