{"id":19143,"date":"2025-05-09T13:24:49","date_gmt":"2025-05-09T16:24:49","guid":{"rendered":"https:\/\/mussicom.com\/ex-diretora-do-bndes-lamenta-nao-ter-privatizado-mais\/"},"modified":"2025-05-09T13:24:49","modified_gmt":"2025-05-09T16:24:49","slug":"ex-diretora-do-bndes-lamenta-nao-ter-privatizado-mais","status":"publish","type":"post","link":"https:\/\/mussicom.com\/noticias\/ex-diretora-do-bndes-lamenta-nao-ter-privatizado-mais\/","title":{"rendered":"Ex-diretora do BNDES lamenta n\u00e3o ter privatizado mais"},"content":{"rendered":"<p> <br \/>\n<\/p>\n<div id=\"hd80s9wa1h892edh8192\">\n<p>Chamada de \u201ccarrasca das estatais\u201d durante sua atua\u00e7\u00e3o na Diretoria de Desestatiza\u00e7\u00e3o do <strong>Banco Nacional de Desenvolvimento Econ\u00f4mico e Social<\/strong> (BNDES), no governo FHC, Elena Landau avalia que a quantidade de empresas que ainda est\u00e3o nas m\u00e3os do Estado brasileiro \u00e9 alta. \u201cCoincid\u00eancia ou n\u00e3o, cada vez que o PT assume o governo, o resultado delas, assim como de seus fundos de pens\u00e3o, \u00e9 sofr\u00edvel, quando n\u00e3o \u00e9 desastroso.\u201d<\/p>\n<p>Em artigo publicado no jornal <em>O Estado de S. Paulo<\/em> na \u00faltima quinta-feira, 8, a economista e advogada afirma ver na privatiza\u00e7\u00e3o um meio de atrair investimentos e melhorar a efici\u00eancia econ\u00f4mica do pa\u00eds. No entanto, ao ver o atual desempenho das empresas p\u00fablicas federais, ela diz que s\u00f3 lamenta \u201cn\u00e3o ter feito mais\u201d .\u00a0<\/p>\n<p><strong>+ Leia mais not\u00edcias de <\/strong><strong>Economia<\/strong><strong> em Oeste<\/strong><\/p>\n<p>As estatais federais registraram rombo bilion\u00e1rio no acumulado de 2024, resultado que se manteve durante o primeiro trimestre deste ano.\u00a0<\/p>\n<blockquote class=\"twitter-tweet\">\n<p lang=\"pt\" dir=\"ltr\">A ministra da Gest\u00e3o e Inova\u00e7\u00e3o, Esther Dweck, explica que rombo n\u00e3o \u00e9 rombo. Tem cara de rombo, jeito de rombo, cheiro de rombo, mas n\u00e3o se identifica como um rombo. \u00c9 um transrombo. N\u00e3o por acaso, ela \u00e9 ministra da, entre outras coisas, INOVA\u00c7\u00c3O. <a href=\"https:\/\/t.co\/HKlNcpbQnL\">pic.twitter.com\/HKlNcpbQnL<\/a><\/p>\n<p>\u2014 Junio Amaral (@cabojunioamaral) <a href=\"https:\/\/twitter.com\/cabojunioamaral\/status\/1885392463373774936?ref_src=twsrc%5Etfw\">January 31, 2025<\/a><\/p><\/blockquote>\n<p>O <strong>governo Lula<\/strong> nomeou 323 pessoas para cargos em companhias nas quais o Estado tem participa\u00e7\u00e3o. De todos esses nomes, diz a ex-diretora do BNDES, o crit\u00e9rio n\u00e3o foi exatamente a compet\u00eancia. \u201cA prioridade foi agradar a aliados\u201d, com uma justificativa de \u201cdiversidade na gest\u00e3o\u201d.\u00a0<\/p>\n<p>Sob o pretexto da diversidade, o ex-piloto do avi\u00e3o presidencial Geraldo Correa Lyra Junior, virou conselheiro da empresa de energia el\u00e9trica Copel, em agosto de 2023, e a ministra da Igualdade Racial, Anielle Franco, e o (agora ex) ministro da Previd\u00eancia Social, Carlos Lupi, est\u00e3o no conselho da metal\u00fargica Tupy, na qual o BNDES tem participa\u00e7\u00e3o.\u00a0<\/p>\n<figure class=\"wp-block-image aligncenter size-full\"><picture><source data-srcset=\"https:\/\/medias.revistaoeste.com\/wp-content\/uploads\/2025\/03\/pt-tupy.jpg.webp 1032w, https:\/\/medias.revistaoeste.com\/wp-content\/uploads\/2025\/03\/pt-tupy-300x170.jpg.webp 300w, https:\/\/medias.revistaoeste.com\/wp-content\/uploads\/2025\/03\/pt-tupy-216x121.jpg.webp 216w, https:\/\/medias.revistaoeste.com\/wp-content\/uploads\/2025\/03\/pt-tupy-150x85.jpg.webp 150w\" data-sizes=\"(max-width: 1032px) 100vw, 1032px\" type=\"image\/webp\"><img fetchpriority=\"high\" decoding=\"async\" width=\"1032\" height=\"585\" src=\"https:\/\/medias.revistaoeste.com\/wp-content\/uploads\/2025\/03\/pt-tupy.jpg\" alt=\"Agradar os \u2018companheiros\u2019 \u00e9 a \u00e9tica da gest\u00e3o do PT, diz Estad\u00e3o\" class=\"wp-image-1935039\" srcset=\"https:\/\/medias.revistaoeste.com\/wp-content\/uploads\/2025\/03\/pt-tupy.jpg 1032w, https:\/\/medias.revistaoeste.com\/wp-content\/uploads\/2025\/03\/pt-tupy-300x170.jpg 300w, https:\/\/medias.revistaoeste.com\/wp-content\/uploads\/2025\/03\/pt-tupy-216x121.jpg 216w, https:\/\/medias.revistaoeste.com\/wp-content\/uploads\/2025\/03\/pt-tupy-150x85.jpg 150w\" sizes=\"(max-width: 1032px) 100vw, 1032px\" data-eio=\"p\"\/><\/source><\/picture><figcaption class=\"wp-element-caption\">Anielle Franco e Carlos Lupi, ministros da Igualdade Racial e da Previd\u00eancia, respectivamente, entraram em 2023 para o conselho da Tupy | Foto: Reprodu\u00e7\u00e3o\/X<\/figcaption><\/figure>\n<h2 class=\"wp-block-heading\"><strong>Privatiza\u00e7\u00e3o p\u00f5e o Estado em suas reais fun\u00e7\u00f5es, diz ex-diretora do BNDES<\/strong><\/h2>\n<p>Na vis\u00e3o de Elena Landau, a <strong>Opera\u00e7\u00e3o Lava Jato<\/strong> ampliou o apoio dos brasileiros \u00e0s privatiza\u00e7\u00f5es, mas pelos motivos errados. Segundo ela, o rep\u00fadio \u00e0 corrup\u00e7\u00e3o falou mais alto que os benef\u00edcios trazidos pela desestatiza\u00e7\u00e3o, como a universaliza\u00e7\u00e3o da energia e telecomunica\u00e7\u00e3o e uma aloca\u00e7\u00e3o mais eficiente dos recursos p\u00fablicos.<\/p>\n<p>A ex-diretora do BNDES lamenta a falta de comunica\u00e7\u00e3o mais efetiva sobre as vantagens de reduzir o papel do Estado. Por causa dessa lacuna, poucos vinculam o sucesso da Embraer, por exemplo, \u00e0 bem-sucedida privatiza\u00e7\u00e3o pela qual a empresa passou, em 1994.\u00a0<\/p>\n<p>Por meio da privatiza\u00e7\u00e3o, conclui Elena, o Estado \u00e9 colocado em suas reais fun\u00e7\u00f5es, \u201caquelas n\u00e3o pass\u00edveis de substitui\u00e7\u00e3o pelo setor privado\u201d.<\/p>\n<\/p><\/div>\n<p><script async src=\"\/\/platform.twitter.com\/widgets.js\" charset=\"utf-8\"><\/script><br \/>\n<br \/><br \/>\n<br \/>Fonte: <a href=\"https:\/\/revistaoeste.com\/economia\/ex-diretora-de-desestatizacao-do-bndes-lamenta-nao-ter-privatizado-mais\/\">Revista oeste<\/a><\/p>\n","protected":false},"excerpt":{"rendered":"<p>Chamada de \u201ccarrasca das estatais\u201d durante sua atua\u00e7\u00e3o na Diretoria de Desestatiza\u00e7\u00e3o do Banco Nacional de Desenvolvimento Econ\u00f4mico e Social (BNDES), no governo FHC, Elena Landau avalia que a quantidade de empresas que ainda est\u00e3o nas m\u00e3os do Estado brasileiro \u00e9 alta. \u201cCoincid\u00eancia ou n\u00e3o, cada vez que o PT assume o governo, o resultado [&hellip;]<\/p>\n","protected":false},"author":5,"featured_media":19144,"comment_status":"open","ping_status":"open","sticky":false,"template":"","format":"standard","meta":{"_seopress_robots_primary_cat":"","_seopress_titles_title":"","_seopress_titles_desc":"","_seopress_robots_index":"","footnotes":""},"categories":[45],"tags":[],"class_list":["post-19143","post","type-post","status-publish","format-standard","has-post-thumbnail","hentry","category-economia"],"_links":{"self":[{"href":"https:\/\/mussicom.com\/noticias\/wp-json\/wp\/v2\/posts\/19143","targetHints":{"allow":["GET"]}}],"collection":[{"href":"https:\/\/mussicom.com\/noticias\/wp-json\/wp\/v2\/posts"}],"about":[{"href":"https:\/\/mussicom.com\/noticias\/wp-json\/wp\/v2\/types\/post"}],"author":[{"embeddable":true,"href":"https:\/\/mussicom.com\/noticias\/wp-json\/wp\/v2\/users\/5"}],"replies":[{"embeddable":true,"href":"https:\/\/mussicom.com\/noticias\/wp-json\/wp\/v2\/comments?post=19143"}],"version-history":[{"count":0,"href":"https:\/\/mussicom.com\/noticias\/wp-json\/wp\/v2\/posts\/19143\/revisions"}],"wp:featuredmedia":[{"embeddable":true,"href":"https:\/\/mussicom.com\/noticias\/wp-json\/wp\/v2\/media\/19144"}],"wp:attachment":[{"href":"https:\/\/mussicom.com\/noticias\/wp-json\/wp\/v2\/media?parent=19143"}],"wp:term":[{"taxonomy":"category","embeddable":true,"href":"https:\/\/mussicom.com\/noticias\/wp-json\/wp\/v2\/categories?post=19143"},{"taxonomy":"post_tag","embeddable":true,"href":"https:\/\/mussicom.com\/noticias\/wp-json\/wp\/v2\/tags?post=19143"}],"curies":[{"name":"wp","href":"https:\/\/api.w.org\/{rel}","templated":true}]}}