{"id":19125,"date":"2025-05-09T11:54:37","date_gmt":"2025-05-09T14:54:37","guid":{"rendered":"https:\/\/mussicom.com\/chorinho-no-aquario-recebe-viviane-davoglio-em-celebracao-as-maes-neste-sabado\/"},"modified":"2025-05-09T11:54:37","modified_gmt":"2025-05-09T14:54:37","slug":"chorinho-no-aquario-recebe-viviane-davoglio-em-celebracao-as-maes-neste-sabado","status":"publish","type":"post","link":"https:\/\/mussicom.com\/noticias\/chorinho-no-aquario-recebe-viviane-davoglio-em-celebracao-as-maes-neste-sabado\/","title":{"rendered":"Chorinho no Aqu\u00e1rio recebe Viviane Davoglio em celebra\u00e7\u00e3o \u00e0s m\u00e3es neste s\u00e1bado"},"content":{"rendered":"<p> <br \/>\n<\/p>\n<div id=\"texto\">\n<p>O projeto cultural Chorinho no Aqu\u00e1rio trar\u00e1 uma edi\u00e7\u00e3o especial em comemora\u00e7\u00e3o ao final de semana do Dia das M\u00e3es. A cantora Viviane Davoglio comandar\u00e1 um repert\u00f3rio dedicado ao tema, ao lado de Bheto Alves (viol\u00e3o) e Edinho Schimidt (pandeiro).\u00a0A apresenta\u00e7\u00e3o \u00e9 gratuita e acontece\u00a0na\u00a0Pra\u00e7a Vereador\u00a0Luiz\u00a0La Scala, Ponta da Praia, \u00e0s 18 horas.<\/p>\n<p>\u00a0<\/p>\n<p>&#8220;Sempre que canto no Chorinho no Aqu\u00e1rio \u00e9 um momento \u00fanico, um encontro precioso de pessoas que apreciam a boa m\u00fasica. Desta vez vamos celebrar com muita alegria o amor de m\u00e3e&#8221;, conta ela. Entre as can\u00e7\u00f5es escolhidas est\u00e3o\u00a0<em>O Meu Guri<\/em>,\u00a0<em>Rosa<\/em>\u00a0e\u00a0<em>Nega Manhosa<\/em>. Composi\u00e7\u00f5es de Tom Jobim e Cartola tamb\u00e9m fazem parte do espet\u00e1culo.<\/p>\n<p>\u00a0<\/p>\n<p>O\u00a0Chorinho\u00a0no Aqu\u00e1rio \u00e9 uma realiza\u00e7\u00e3o da Organiza\u00e7\u00e3o Social Associa\u00e7\u00e3o dos Artistas e da Prefeitura de Santos, pela Secretaria de Cultura, com apoio institucional do Clube do Choro de Santos.<\/p>\n<p>\u00a0<\/p>\n<p><strong>Servi\u00e7o:<\/strong><\/p>\n<p>Projeto\u00a0Chorinho\u00a0no Aqu\u00e1rio<\/p>\n<p>Local: Pra\u00e7a Vereador\u00a0Luiz\u00a0La Scala &#8211; Aqu\u00e1rio Municipal &#8211; Ponta da Praia &#8211; Santos -SP<\/p>\n<p>Dia\/Hor\u00e1rio: todos os s\u00e1bados, \u00e0s 18 horas.<\/p>\n<p>Realiza\u00e7\u00e3o: Associa\u00e7\u00e3o dos Artistas e Prefeitura de Santos (Secretaria Municipal de Cultura)<\/p>\n<p>Apoio Institucional: Clube do Choro de Santos<\/p>\n<p>Entrada gratuita<\/p>\n<p>\u00a0<\/p>\n<p><em><u>Em caso de chuva a programa\u00e7\u00e3o pode sofrer altera\u00e7\u00e3o e ser remarcada para outra data.<\/u><\/em><\/p>\n<p>\u00a0<\/p>\n<p>Acompanhe as novidades nas redes sociais: @chorinhonoaquario (instagram) e\u00a0www.facebook.com\/chorinhonoaquario<\/p>\n<\/p><\/div>\n<p><script async defer crossorigin=\"anonymous\" src=\"https:\/\/connect.facebook.net\/pt_BR\/sdk.js#xfbml=1&#038;version=v12.0&#038;appId=&#038;autoLogAppEvents=1\" nonce=\"ou0fI1lo\"><\/script><br \/>\n<br \/><br \/>\n<br \/>Fonte: <a href=\"https:\/\/www.bs9.com.br\/litoral\/chorinho-no-aquario-recebe-viviane-davoglio-em-celebracao-as-maes\/31514\/\">BS9<\/a><\/p>\n","protected":false},"excerpt":{"rendered":"<p>O projeto cultural Chorinho no Aqu\u00e1rio trar\u00e1 uma edi\u00e7\u00e3o especial em comemora\u00e7\u00e3o ao final de semana do Dia das M\u00e3es. A cantora Viviane Davoglio comandar\u00e1 um repert\u00f3rio dedicado ao tema, ao lado de Bheto Alves (viol\u00e3o) e Edinho Schimidt (pandeiro).\u00a0A apresenta\u00e7\u00e3o \u00e9 gratuita e acontece\u00a0na\u00a0Pra\u00e7a Vereador\u00a0Luiz\u00a0La Scala, Ponta da Praia, \u00e0s 18 horas. \u00a0 &#8220;Sempre [&hellip;]<\/p>\n","protected":false},"author":5,"featured_media":19126,"comment_status":"open","ping_status":"open","sticky":false,"template":"","format":"standard","meta":{"_seopress_robots_primary_cat":"","_seopress_titles_title":"","_seopress_titles_desc":"","_seopress_robots_index":"","footnotes":""},"categories":[52],"tags":[],"class_list":["post-19125","post","type-post","status-publish","format-standard","has-post-thumbnail","hentry","category-santoseregiao"],"_links":{"self":[{"href":"https:\/\/mussicom.com\/noticias\/wp-json\/wp\/v2\/posts\/19125","targetHints":{"allow":["GET"]}}],"collection":[{"href":"https:\/\/mussicom.com\/noticias\/wp-json\/wp\/v2\/posts"}],"about":[{"href":"https:\/\/mussicom.com\/noticias\/wp-json\/wp\/v2\/types\/post"}],"author":[{"embeddable":true,"href":"https:\/\/mussicom.com\/noticias\/wp-json\/wp\/v2\/users\/5"}],"replies":[{"embeddable":true,"href":"https:\/\/mussicom.com\/noticias\/wp-json\/wp\/v2\/comments?post=19125"}],"version-history":[{"count":0,"href":"https:\/\/mussicom.com\/noticias\/wp-json\/wp\/v2\/posts\/19125\/revisions"}],"wp:featuredmedia":[{"embeddable":true,"href":"https:\/\/mussicom.com\/noticias\/wp-json\/wp\/v2\/media\/19126"}],"wp:attachment":[{"href":"https:\/\/mussicom.com\/noticias\/wp-json\/wp\/v2\/media?parent=19125"}],"wp:term":[{"taxonomy":"category","embeddable":true,"href":"https:\/\/mussicom.com\/noticias\/wp-json\/wp\/v2\/categories?post=19125"},{"taxonomy":"post_tag","embeddable":true,"href":"https:\/\/mussicom.com\/noticias\/wp-json\/wp\/v2\/tags?post=19125"}],"curies":[{"name":"wp","href":"https:\/\/api.w.org\/{rel}","templated":true}]}}