{"id":19107,"date":"2025-05-09T10:08:38","date_gmt":"2025-05-09T13:08:38","guid":{"rendered":"https:\/\/mussicom.com\/fumaca-branca-sai-da-chamine-da-capela-sistina\/"},"modified":"2025-05-09T10:08:38","modified_gmt":"2025-05-09T13:08:38","slug":"fumaca-branca-sai-da-chamine-da-capela-sistina","status":"publish","type":"post","link":"https:\/\/mussicom.com\/noticias\/fumaca-branca-sai-da-chamine-da-capela-sistina\/","title":{"rendered":"fuma\u00e7a branca sai da chamin\u00e9 da Capela Sistina"},"content":{"rendered":"<p> <br \/>\n<\/p>\n<div id=\"hd80s9wa1h892edh8192\">\n<p>\u00c0s 18h07 de Roma, 13h07 no hor\u00e1rio de Bras\u00edlia, desta quinta-feira, 8, a fuma\u00e7a branca saiu da chamin\u00e9 instalada na Capela Sistina. Sinal de que o conclave elegeu o novo papa.<\/p>\n<p>O nome do sucessor do papa Francisco deve ser conhecido em breve, em aproximadamente uma hora.<\/p>\n<p>Acompanhe ao vivo na <strong>Oeste <\/strong>a transmiss\u00e3o da cobertura sobre a escolha do novo papa.<\/p>\n<figure class=\"wp-block-embed is-type-video is-provider-youtube wp-block-embed-youtube wp-embed-aspect-4-3 wp-has-aspect-ratio\">\n<div class=\"wp-block-embed__wrapper\">\n<div class=\"perfmatters-lazy-youtube\" data-src=\"https:\/\/www.youtube.com\/embed\/1qPjNDIcvJw\" data-id=\"1qPjNDIcvJw\" data-query=\"feature=oembed\" onclick=\"perfmattersLazyLoadYouTube(this);\">\n<div><img fetchpriority=\"high\" decoding=\"async\" src=\"https:\/\/i.ytimg.com\/vi\/1qPjNDIcvJw\/hqdefault.jpg\" alt=\"YouTube video\" width=\"480\" height=\"360\" data-pin-nopin=\"true\" nopin=\"nopin\"\/><\/div>\n<\/div>\n<p><noscript><iframe title=\"OESTE URGENTE | NOVO PAPA \u00c9 AMERICANO | CONHE\u00c7A ROBERT PREVOST, O LE\u00c3O XIV\" width=\"800\" height=\"450\" src=\"https:\/\/www.youtube.com\/embed\/1qPjNDIcvJw?feature=oembed\" frameborder=\"0\" allow=\"accelerometer; autoplay; clipboard-write; encrypted-media; gyroscope; picture-in-picture; web-share\" referrerpolicy=\"strict-origin-when-cross-origin\" allowfullscreen><\/iframe><\/noscript>\n<\/div>\n<\/figure>\n<p>A elei\u00e7\u00e3o do novo pont\u00edfice ocorreu na quarta vota\u00e7\u00e3o, a primeira do per\u00edodo da tarde desta quinta, no segundo dia de conclave. Os cardeais formaram a maioria de 89 votos para escolher o sucessor de S\u00e3o Pedro.<\/p>\n<figure class=\"wp-block-embed is-type-rich is-provider-twitter wp-block-embed-twitter\"\/>\n<p>Saiba mais: <strong>Vaticano j\u00e1 prepara vestes do novo Papa<\/strong><\/p>\n<p>H\u00e1 mais de 15 mil pessoas na Pra\u00e7a de S\u00e3o Pedro, em Roma, aguardando a sa\u00edda do novo papa.<\/p>\n<p>Outras 5 mil pessoas est\u00e3o presentes na Bas\u00edlica de Santa Maria Maggiore, onde o papa Francisco foi sepultado.<\/p>\n<p>Saiba mais: <strong>Saiba quem s\u00e3o os cardeais mais cotados para suceder ao papa<\/strong><\/p>\n<p>Nas bas\u00edlicas de S\u00e3o Jo\u00e3o de Latr\u00e3o e S\u00e3o Paulo Fora dos Muros foram contadas entre mil e 2 mil pessoas.<\/p>\n<figure class=\"wp-block-image size-full\"><picture><source data-srcset=\"https:\/\/medias.revistaoeste.com\/wp-content\/uploads\/2025\/05\/2025-05-08T161211Z_345668530_RC2SDEAT8P70_RTRMADP_3_POPE-SUCCESSION-scaled.jpg.webp 2560w, https:\/\/medias.revistaoeste.com\/wp-content\/uploads\/2025\/05\/2025-05-08T161211Z_345668530_RC2SDEAT8P70_RTRMADP_3_POPE-SUCCESSION-300x200.jpg.webp 300w, https:\/\/medias.revistaoeste.com\/wp-content\/uploads\/2025\/05\/2025-05-08T161211Z_345668530_RC2SDEAT8P70_RTRMADP_3_POPE-SUCCESSION-150x100.jpg.webp 150w\" data-sizes=\"(max-width: 2560px) 100vw, 2560px\" type=\"image\/webp\"><img fetchpriority=\"high\" fetchpriority=\"high\" decoding=\"async\" width=\"2560\" height=\"1707\" alt=\"Fuma\u00e7a branca sa\u00edndo da chamin\u00e9 instalada na Capela Sistina, no Vaticano, indica a elei\u00e7\u00e3o do novo Papa. | Foto: REUTERS\/DYLAN MARTINEZ\" class=\"wp-image-1986154 perfmatters-lazy\" data-eio=\"p\" src=\"https:\/\/medias.revistaoeste.com\/wp-content\/uploads\/2025\/05\/2025-05-08T161211Z_345668530_RC2SDEAT8P70_RTRMADP_3_POPE-SUCCESSION-scaled.jpg\" srcset=\"https:\/\/medias.revistaoeste.com\/wp-content\/uploads\/2025\/05\/2025-05-08T161211Z_345668530_RC2SDEAT8P70_RTRMADP_3_POPE-SUCCESSION-scaled.jpg 2560w, https:\/\/medias.revistaoeste.com\/wp-content\/uploads\/2025\/05\/2025-05-08T161211Z_345668530_RC2SDEAT8P70_RTRMADP_3_POPE-SUCCESSION-300x200.jpg 300w, https:\/\/medias.revistaoeste.com\/wp-content\/uploads\/2025\/05\/2025-05-08T161211Z_345668530_RC2SDEAT8P70_RTRMADP_3_POPE-SUCCESSION-150x100.jpg 150w\" data-sizes=\"(max-width: 2560px) 100vw, 2560px\"\/><img fetchpriority=\"high\" fetchpriority=\"high\" decoding=\"async\" width=\"2560\" height=\"1707\" src=\"https:\/\/medias.revistaoeste.com\/wp-content\/uploads\/2025\/05\/2025-05-08T161211Z_345668530_RC2SDEAT8P70_RTRMADP_3_POPE-SUCCESSION-scaled.jpg\" alt=\"Fuma\u00e7a branca sa\u00edndo da chamin\u00e9 instalada na Capela Sistina, no Vaticano, indica a elei\u00e7\u00e3o do novo Papa. | Foto: REUTERS\/DYLAN MARTINEZ\" class=\"wp-image-1986154\" srcset=\"https:\/\/medias.revistaoeste.com\/wp-content\/uploads\/2025\/05\/2025-05-08T161211Z_345668530_RC2SDEAT8P70_RTRMADP_3_POPE-SUCCESSION-scaled.jpg 2560w, https:\/\/medias.revistaoeste.com\/wp-content\/uploads\/2025\/05\/2025-05-08T161211Z_345668530_RC2SDEAT8P70_RTRMADP_3_POPE-SUCCESSION-300x200.jpg 300w, https:\/\/medias.revistaoeste.com\/wp-content\/uploads\/2025\/05\/2025-05-08T161211Z_345668530_RC2SDEAT8P70_RTRMADP_3_POPE-SUCCESSION-150x100.jpg 150w\" sizes=\"(max-width: 2560px) 100vw, 2560px\" data-eio=\"p\"\/><\/source><\/picture><figcaption class=\"wp-element-caption\">Fuma\u00e7a branca sa\u00edndo da chamin\u00e9 instalada na Capela Sistina, no Vaticano, indica a elei\u00e7\u00e3o do novo Papa. | Foto: REUTERS\/DYLAN MARTINEZ<\/figcaption><\/figure>\n<\/p><\/div>\n<p><br \/>\n<br \/>Fonte: <a href=\"https:\/\/revistaoeste.com\/mundo\/conclave-fumaca-branca-papa\/\">Revista Oeste<\/a><\/p>\n","protected":false},"excerpt":{"rendered":"<p>\u00c0s 18h07 de Roma, 13h07 no hor\u00e1rio de Bras\u00edlia, desta quinta-feira, 8, a fuma\u00e7a branca saiu da chamin\u00e9 instalada na Capela Sistina. Sinal de que o conclave elegeu o novo papa. O nome do sucessor do papa Francisco deve ser conhecido em breve, em aproximadamente uma hora. Acompanhe ao vivo na Oeste a transmiss\u00e3o da [&hellip;]<\/p>\n","protected":false},"author":5,"featured_media":19108,"comment_status":"open","ping_status":"open","sticky":false,"template":"","format":"standard","meta":{"_seopress_robots_primary_cat":"","_seopress_titles_title":"","_seopress_titles_desc":"","_seopress_robots_index":"","footnotes":""},"categories":[48],"tags":[],"class_list":["post-19107","post","type-post","status-publish","format-standard","has-post-thumbnail","hentry","category-internacional"],"_links":{"self":[{"href":"https:\/\/mussicom.com\/noticias\/wp-json\/wp\/v2\/posts\/19107","targetHints":{"allow":["GET"]}}],"collection":[{"href":"https:\/\/mussicom.com\/noticias\/wp-json\/wp\/v2\/posts"}],"about":[{"href":"https:\/\/mussicom.com\/noticias\/wp-json\/wp\/v2\/types\/post"}],"author":[{"embeddable":true,"href":"https:\/\/mussicom.com\/noticias\/wp-json\/wp\/v2\/users\/5"}],"replies":[{"embeddable":true,"href":"https:\/\/mussicom.com\/noticias\/wp-json\/wp\/v2\/comments?post=19107"}],"version-history":[{"count":0,"href":"https:\/\/mussicom.com\/noticias\/wp-json\/wp\/v2\/posts\/19107\/revisions"}],"wp:featuredmedia":[{"embeddable":true,"href":"https:\/\/mussicom.com\/noticias\/wp-json\/wp\/v2\/media\/19108"}],"wp:attachment":[{"href":"https:\/\/mussicom.com\/noticias\/wp-json\/wp\/v2\/media?parent=19107"}],"wp:term":[{"taxonomy":"category","embeddable":true,"href":"https:\/\/mussicom.com\/noticias\/wp-json\/wp\/v2\/categories?post=19107"},{"taxonomy":"post_tag","embeddable":true,"href":"https:\/\/mussicom.com\/noticias\/wp-json\/wp\/v2\/tags?post=19107"}],"curies":[{"name":"wp","href":"https:\/\/api.w.org\/{rel}","templated":true}]}}