{"id":19075,"date":"2025-05-09T07:08:05","date_gmt":"2025-05-09T10:08:05","guid":{"rendered":"https:\/\/mussicom.com\/barroso-choraminga-pela-hegemonia-midiatica-perdida\/"},"modified":"2025-05-09T07:08:05","modified_gmt":"2025-05-09T10:08:05","slug":"barroso-choraminga-pela-hegemonia-midiatica-perdida","status":"publish","type":"post","link":"https:\/\/mussicom.com\/noticias\/barroso-choraminga-pela-hegemonia-midiatica-perdida\/","title":{"rendered":"&#8216;Barroso choraminga pela hegemonia midi\u00e1tica perdida&#8217;"},"content":{"rendered":"<p> <br \/>\n<\/p>\n<div id=\"hd80s9wa1h892edh8192\">\n<p>Em sua fala na abertura do encontro de presidentes dos tribunais constitucionais da Am\u00e9rica Latina, <strong>Lu\u00eds Roberto Barroso repetiu a arenga oficial do regime brasileiro contra a liberdade de express\u00e3o nas redes sociais. <\/strong>Al\u00e9m das habituais men\u00e7\u00f5es \u00e0 \u201cdesinforma\u00e7\u00e3o\u201d e ao \u201cdiscurso de \u00f3dio\u201d, o presidente do STF criticou as redes e seus algoritmos por terem acabado com o monop\u00f3lio da m\u00eddia tradicional. Segundo ele, a velha imprensa tinha um papel \u201cunificador\u201d ao trabalhar com \u201cfatos comuns, objetivos e compartilhados por todas as pessoas a partir dos quais cada um formava a sua opini\u00e3o\u201d. J\u00e1 com as redes sociais, \u201ccada um passou a criar a pr\u00f3pria narrativa, e a verdade perdeu a import\u00e2ncia\u201d.<\/p>\n<p><strong>+ Leia not\u00edcias de Pol\u00edtica em Oeste<\/strong><\/p>\n<p>Barroso n\u00e3o parece refletir muito bem sobre o que est\u00e1 dizendo, e o discurso jorra-lhe da boca com o automatismo t\u00edpico das palavras de ordem. Em primeiro lugar, fica dif\u00edcil compreender a rela\u00e7\u00e3o necess\u00e1ria entre unifica\u00e7\u00e3o da informa\u00e7\u00e3o e verdade, uma vez que \u2014 como provam os principais regimes totalit\u00e1rios do s\u00e9culo 20 \u2014 \u00e9 poss\u00edvel unificar o mercado de informa\u00e7\u00e3o em prol da dissemina\u00e7\u00e3o da mentira oficial.<\/p>\n<p>Al\u00e9m disso, n\u00e3o \u00e9 verdade que a velha imprensa operava com \u201cfatos comuns\u201d e \u201cobjetivos\u201d, de modo que cada um podia formar opini\u00e3o a partir deles. O que acontece \u00e9 que a opini\u00e3o culturalmente hegem\u00f4nica j\u00e1 vinha embutida no processo de sele\u00e7\u00e3o, edi\u00e7\u00e3o e apresenta\u00e7\u00e3o das not\u00edcias. A bem da verdade, j\u00e1 h\u00e1 muito que a imprensa dita \u201cprofissional\u201d abandonou no\u00e7\u00f5es como as de senso comum e objetividade. Na verdade, \u00e9 justamente o contr\u00e1rio. \u00c9 sintom\u00e1tico, por exemplo, que <strong>uma badalada professora universit\u00e1ria de jornalismo<\/strong> (de esquerda, obviamente) tenha chegado a descrever a profiss\u00e3o como a arte de \u201cpensar <em>contra<\/em> os fatos\u201d e \u201cformar um <em>novo senso comum<\/em>\u201d.<\/p>\n<figure class=\"wp-block-embed is-type-video is-provider-youtube wp-block-embed-youtube wp-embed-aspect-16-9 wp-has-aspect-ratio\">\n<div class=\"wp-block-embed__wrapper\">\n<div class=\"perfmatters-lazy-youtube\" data-src=\"https:\/\/www.youtube.com\/embed\/YzSpMzuDsgw\" data-id=\"YzSpMzuDsgw\" data-query=\"feature=oembed\" onclick=\"perfmattersLazyLoadYouTube(this);\">\n<div><img fetchpriority=\"high\" decoding=\"async\" src=\"https:\/\/i.ytimg.com\/vi\/YzSpMzuDsgw\/hqdefault.jpg\" alt=\"YouTube video\" width=\"480\" height=\"360\" data-pin-nopin=\"true\" nopin=\"nopin\"\/><\/div>\n<\/div>\n<p><noscript><iframe title=\"Barroso: &#039;8\/1 \u00e9 imperdo\u00e1vel&#039;\" width=\"800\" height=\"450\" src=\"https:\/\/www.youtube.com\/embed\/YzSpMzuDsgw?feature=oembed\" frameborder=\"0\" allow=\"accelerometer; autoplay; clipboard-write; encrypted-media; gyroscope; picture-in-picture; web-share\" referrerpolicy=\"strict-origin-when-cross-origin\" allowfullscreen><\/iframe><\/noscript>\n<\/div>\n<\/figure>\n<h2 class=\"wp-block-heading\">Do que Barroso sente falta<\/h2>\n<p>Como j\u00e1 ensinava <strong>Walter Lippmann <\/strong>nos anos 1920: \u201cUm jornal, quando alcan\u00e7a o leitor, \u00e9 resultado de toda uma gama de sele\u00e7\u00f5es de quais itens ser\u00e3o impressos, em que posi\u00e7\u00e3o ser\u00e3o impressos, quanto espa\u00e7o cada um dever\u00e1 ocupar, e a \u00eanfase a ser dada\u201d.<\/p>\n<p>Lippmann descreve a\u00ed o que podemos chamar de controle do fluxo de informa\u00e7\u00e3o \u2014 tamb\u00e9m conhecido, nos estudos sobre m\u00eddia, como <em>gatekeeping<\/em>. Nas palavras do jornalista <strong>Ben Bagdikian<\/strong>: \u201cO poder de controlar o fluxo de informa\u00e7\u00e3o \u00e9 uma pe\u00e7a majorit\u00e1ria no controle da sociedade. Dar aos cidad\u00e3os a oportunidade de escolher entre ideias e informa\u00e7\u00f5es \u00e9 t\u00e3o importante quanto lhes dar a oportunidade de escolha pol\u00edtica\u201d.<\/p>\n<figure class=\"wp-block-embed is-type-video is-provider-youtube wp-block-embed-youtube wp-embed-aspect-16-9 wp-has-aspect-ratio\">\n<div class=\"wp-block-embed__wrapper\">\n<div class=\"perfmatters-lazy-youtube\" data-src=\"https:\/\/www.youtube.com\/embed\/CCzOpO36Mrk\" data-id=\"CCzOpO36Mrk\" data-query=\"feature=oembed\" onclick=\"perfmattersLazyLoadYouTube(this);\">\n<div><img decoding=\"async\" alt=\"YouTube video\" width=\"480\" height=\"360\" data-pin-nopin=\"true\" nopin=\"nopin\" class=\"perfmatters-lazy\" src=\"https:\/\/i.ytimg.com\/vi\/CCzOpO36Mrk\/hqdefault.jpg\"\/><img decoding=\"async\" src=\"https:\/\/i.ytimg.com\/vi\/CCzOpO36Mrk\/hqdefault.jpg\" alt=\"YouTube video\" width=\"480\" height=\"360\" data-pin-nopin=\"true\" nopin=\"nopin\"\/><\/div>\n<\/div>\n<p><noscript><iframe title=\"Barroso repreende auxiliar em sess\u00e3o do STF: &#039;Est\u00e1 trabalhando?&#039;\" width=\"800\" height=\"450\" src=\"https:\/\/www.youtube.com\/embed\/CCzOpO36Mrk?feature=oembed\" frameborder=\"0\" allow=\"accelerometer; autoplay; clipboard-write; encrypted-media; gyroscope; picture-in-picture; web-share\" referrerpolicy=\"strict-origin-when-cross-origin\" allowfullscreen><\/iframe><\/noscript>\n<\/div>\n<\/figure>\n<p>Quando as vers\u00f5es da realidade difundidas pela grande imprensa est\u00e3o todas de acordo umas com as outras \u2014 configurando um padr\u00e3o artificial de unanimidade que <strong>Elisabeth Noelle-Neumann<\/strong> chamou de \u201cvers\u00e3o consoante da realidade\u201d \u2014, a audi\u00eancia passa a receber uma variedade limitada de informa\u00e7\u00f5es para formar suas opini\u00f5es.<\/p>\n<p>Quando, mediante um processo que Rolf Kuntz chamou de \u201cautofagia jornal\u00edstica\u201d \u2014 o v\u00edcio de s\u00f3 escrever nos jornais aquilo que se leu nos jornais \u2014, os receptores passam a ser os pr\u00f3prios <em>gatekeepers<\/em> (ou mediadores), as organiza\u00e7\u00f5es de m\u00eddia tornam-se ideologicamente homog\u00eaneas, selecionando as mesmas not\u00edcias e reduzindo enormemente, tanto para si quanto para a sociedade, a base factual para a forma\u00e7\u00e3o de opini\u00e3o. E \u00e9 disso que, por interesse na manuten\u00e7\u00e3o do <em>hegemon<\/em> pol\u00edtico-ideol\u00f3gico, Barroso sente falta.<\/p>\n<\/p><\/div>\n<p><br \/>\n<br \/>Fonte: <a href=\"https:\/\/revistaoeste.com\/politica\/barroso-choraminga-pela-hegemonia-midiatica-perdida\/\">Ag\u00eancia Brasil<\/a><\/p>\n","protected":false},"excerpt":{"rendered":"<p>Em sua fala na abertura do encontro de presidentes dos tribunais constitucionais da Am\u00e9rica Latina, Lu\u00eds Roberto Barroso repetiu a arenga oficial do regime brasileiro contra a liberdade de express\u00e3o nas redes sociais. Al\u00e9m das habituais men\u00e7\u00f5es \u00e0 \u201cdesinforma\u00e7\u00e3o\u201d e ao \u201cdiscurso de \u00f3dio\u201d, o presidente do STF criticou as redes e seus algoritmos por [&hellip;]<\/p>\n","protected":false},"author":5,"featured_media":19076,"comment_status":"open","ping_status":"open","sticky":false,"template":"","format":"standard","meta":{"_seopress_robots_primary_cat":"","_seopress_titles_title":"","_seopress_titles_desc":"","_seopress_robots_index":"","footnotes":""},"categories":[47,1],"tags":[],"class_list":["post-19075","post","type-post","status-publish","format-standard","has-post-thumbnail","hentry","category-politica","category-ultimas-noticias"],"_links":{"self":[{"href":"https:\/\/mussicom.com\/noticias\/wp-json\/wp\/v2\/posts\/19075","targetHints":{"allow":["GET"]}}],"collection":[{"href":"https:\/\/mussicom.com\/noticias\/wp-json\/wp\/v2\/posts"}],"about":[{"href":"https:\/\/mussicom.com\/noticias\/wp-json\/wp\/v2\/types\/post"}],"author":[{"embeddable":true,"href":"https:\/\/mussicom.com\/noticias\/wp-json\/wp\/v2\/users\/5"}],"replies":[{"embeddable":true,"href":"https:\/\/mussicom.com\/noticias\/wp-json\/wp\/v2\/comments?post=19075"}],"version-history":[{"count":0,"href":"https:\/\/mussicom.com\/noticias\/wp-json\/wp\/v2\/posts\/19075\/revisions"}],"wp:featuredmedia":[{"embeddable":true,"href":"https:\/\/mussicom.com\/noticias\/wp-json\/wp\/v2\/media\/19076"}],"wp:attachment":[{"href":"https:\/\/mussicom.com\/noticias\/wp-json\/wp\/v2\/media?parent=19075"}],"wp:term":[{"taxonomy":"category","embeddable":true,"href":"https:\/\/mussicom.com\/noticias\/wp-json\/wp\/v2\/categories?post=19075"},{"taxonomy":"post_tag","embeddable":true,"href":"https:\/\/mussicom.com\/noticias\/wp-json\/wp\/v2\/tags?post=19075"}],"curies":[{"name":"wp","href":"https:\/\/api.w.org\/{rel}","templated":true}]}}