{"id":18894,"date":"2025-05-08T16:19:45","date_gmt":"2025-05-08T19:19:45","guid":{"rendered":"https:\/\/mussicom.com\/quem-e-robert-francis-prevost-o-primeiro-papa-norte-americano\/"},"modified":"2025-05-08T16:19:45","modified_gmt":"2025-05-08T19:19:45","slug":"quem-e-robert-francis-prevost-o-primeiro-papa-norte-americano","status":"publish","type":"post","link":"https:\/\/mussicom.com\/noticias\/quem-e-robert-francis-prevost-o-primeiro-papa-norte-americano\/","title":{"rendered":"quem \u00e9 Robert Francis Prevost, o primeiro papa norte-americano"},"content":{"rendered":"<p> <br \/>\n<\/p>\n<div>\n<p data-pm-slice=\"1 1 []\"><strong>Robert Francis Prevost<\/strong>, de sessenta e nove anos, foi eleito nesta quinta-feira, 8 de maio de 2025, como o novo papa da Igreja Cat\u00f3lica. Nascido em <strong>Chicago<\/strong>, nos Estados Unidos, e naturalizado <strong>peruano<\/strong>, ele adotou o nome <strong>Le\u00e3o XIV<\/strong>\u00a0e se tornou o primeiro pont\u00edfice norte-americano. A escolha foi anunciada no Vaticano, ap\u00f3s quatro escrut\u00ednios realizados no conclave, com a tradicional frase em latim: <em>\u201cAnnuntio vobis gaudium magnum: habemus papam\u201d<\/em>.<\/p>\n<p>Ap\u00f3s o an\u00fancio, <em>Le\u00e3o XIV<\/em> apareceu na sacada da <strong>Bas\u00edlica de S\u00e3o Pedro<\/strong>, onde fez a b\u00ean\u00e7\u00e3o <em>urbi et orbi<\/em> (<em>\u201c\u00e0 cidade e ao mundo\u201d<\/em>) direcionada \u00e0 multid\u00e3o reunida na pra\u00e7a. Em sua fala, ele agradeceu aos cardeais e mencionou a continuidade do trabalho da Igreja.<\/p>\n<figure class=\"image\"><figcaption>Photo by Dan Kitwood\/Getty Images<\/figcaption><\/figure>\n<p><em>Le\u00e3o XIV<\/em> assume o posto ap\u00f3s a morte do papa <strong>Francisco<\/strong>, sepultado na <strong>Bas\u00edlica de Santa Maria Maior<\/strong>, em Roma. Em sua primeira declara\u00e7\u00e3o como papa, afirmou:<\/p>\n<blockquote class=\"citacao\"><p>\u201cSigamos adiante, sem medo, unidos, de m\u00e3os dadas com Deus e uns com os outros.\u201d<\/p><\/blockquote>\n<p>Ainda n\u00e3o foram divulgadas informa\u00e7\u00f5es sobre os pr\u00f3ximos compromissos p\u00fablicos do novo papa.<\/p>\n<p>Durante o discurso inaugural, <strong>Le\u00e3o XIV<\/strong> tamb\u00e9m declarou:<\/p>\n<blockquote class=\"citacao\"><p>\u201cA paz esteja com todos voc\u00eas. Esta \u00e9 a primeira sauda\u00e7\u00e3o do Cristo ressuscitado. Eu tamb\u00e9m gostaria que essa sauda\u00e7\u00e3o de paz entrasse no cora\u00e7\u00e3o de voc\u00eas.\u201d<\/p><\/blockquote>\n<p>Tamb\u00e9m agradeceu ao seu antecessor com a frase:<\/p>\n<blockquote class=\"citacao\"><p>\u201cObrigado, papa Francisco.\u201d<\/p>\n<p>&#8220;Queremos ser uma igreja sinodal, que avan\u00e7a, que busca sempre a paz, a caridade, sempre estar pr\u00f3xima, principalmente daqueles que sofrem.&#8221;<\/p>\n<\/blockquote>\n<p>Pela primeira vez na hist\u00f3ria, um papa usou outro idioma al\u00e9m do italiano no discurso inaugural. <em>Le\u00e3o XIV<\/em>\u00a0fez uma sauda\u00e7\u00e3o em espanhol e agradeceu \u00e0 <strong>Diocese de Chiclayo<\/strong>, no Peru, onde viveu por mais de vinte anos.<\/p>\n<p>O Vaticano informou que cerca de 45 mil pessoas estiveram reunidas na <strong>Pra\u00e7a de S\u00e3o Pedro<\/strong> durante o an\u00fancio. O conclave durou dois dias e a fuma\u00e7a branca foi emitida ap\u00f3s tr\u00eas rodadas de vota\u00e7\u00e3o \u2014 uma na quarta (7) e duas na quinta-feira (8).<\/p>\n<p><img decoding=\"async\" alt=\"Fuma\u00e7a branca \u2014 Foto: Reprodu\u00e7\u00e3o\" loading=\"lazy\" src=\"https:\/\/s2-g1.glbimg.com\/im9V8IOhnWSiCyAprV2mWnnvuLM=\/0x0:1904x965\/984x0\/smart\/filters:strip_icc()\/i.s3.glbimg.com\/v1\/AUTH_59edd422c0c84a879bd37670ae4f538a\/internal_photos\/bs\/2025\/a\/l\/uBxCO5RXal4X8yTILdDA\/fumaca-branca.jpg\"\/><\/p>\n<h2>Forma\u00e7\u00e3o e trajet\u00f3ria<\/h2>\n<p><strong>Prevost<\/strong> \u00e9 formado em matem\u00e1tica pela <strong>Villanova University<\/strong>, na Pensilv\u00e2nia, e foi ordenado padre em 1982. Estudou teologia em Chicago e concluiu doutorado em direito can\u00f4nico na <strong>Pontif\u00edcia Universidade de Santo Tom\u00e1s de Aquino<\/strong>, em Roma. Atuou como mission\u00e1rio no <strong>Peru<\/strong>, onde viveu por mais de duas d\u00e9cadas. Foi p\u00e1roco, professor e bispo em <strong>Chiclayo<\/strong>, no norte do pa\u00eds.<\/p>\n<p>Em 2023, foi nomeado pelo ent\u00e3o papa <strong>Francisco<\/strong> como prefeito do <strong>Dicast\u00e9rio para os Bispos<\/strong>, \u00f3rg\u00e3o respons\u00e1vel por indicar bispos ao redor do mundo. Tamb\u00e9m integrou a <strong>Pontif\u00edcia Comiss\u00e3o para a Am\u00e9rica Latina<\/strong> e liderou a <strong>Ordem de Santo Agostinho<\/strong> por mais de dez anos.<\/p>\n<h2>Perfil e declara\u00e7\u00f5es<\/h2>\n<p><strong>Prevost<\/strong> fala espanhol, italiano e ingl\u00eas. Em declara\u00e7\u00f5es recentes, afirmou que considera sua voca\u00e7\u00e3o ligada \u00e0 miss\u00e3o da Igreja em diversas regi\u00f5es:<\/p>\n<blockquote class=\"citacao\"><p>\u201cMinha voca\u00e7\u00e3o, como a de todo crist\u00e3o, \u00e9 ser mission\u00e1rio, proclamar o Evangelho onde quer que esteja.\u201d<\/p><\/blockquote>\n<p>Sobre as mudan\u00e7as internas no Vaticano, disse ao <em>Vatican News<\/em>:<\/p>\n<blockquote class=\"citacao\"><p>\u201cN\u00e3o podemos parar, n\u00e3o podemos retroceder. Temos que ver como o Esp\u00edrito Santo quer que a Igreja seja hoje e amanh\u00e3, porque o mundo de hoje n\u00e3o \u00e9 o mesmo que o de dez ou vinte anos atr\u00e1s.\u201d<\/p><\/blockquote>\n<p>Durante sua atua\u00e7\u00e3o como bispo em <strong>Chiclayo<\/strong>, no <strong>Peru<\/strong>, <strong>Robert Francis Prevost<\/strong> conduziu uma apura\u00e7\u00e3o sobre den\u00fancias de abuso sexual envolvendo dois padres. A investiga\u00e7\u00e3o foi iniciada sob sua gest\u00e3o, encerrada posteriormente pelo Vaticano e reaberta mais tarde por seu sucessor na diocese. Uma das v\u00edtimas alegou que os padres continuaram celebrando missas ap\u00f3s as den\u00fancias, o que gerou cr\u00edticas sobre a condu\u00e7\u00e3o do processo.<\/p>\n<\/div>\n<p><br \/>\n<br \/>Fonte: <a href=\"https:\/\/rollingstone.com.br\/noticia\/leao-14-quem-e-robert-francis-prevost-o-primeiro-papa-norte-americano\/\">rollingstone.com.br<\/a><\/p>\n","protected":false},"excerpt":{"rendered":"<p>Robert Francis Prevost, de sessenta e nove anos, foi eleito nesta quinta-feira, 8 de maio de 2025, como o novo papa da Igreja Cat\u00f3lica. Nascido em Chicago, nos Estados Unidos, e naturalizado peruano, ele adotou o nome Le\u00e3o XIV\u00a0e se tornou o primeiro pont\u00edfice norte-americano. A escolha foi anunciada no Vaticano, ap\u00f3s quatro escrut\u00ednios realizados [&hellip;]<\/p>\n","protected":false},"author":5,"featured_media":18895,"comment_status":"open","ping_status":"open","sticky":false,"template":"","format":"standard","meta":{"_seopress_robots_primary_cat":"","_seopress_titles_title":"","_seopress_titles_desc":"","_seopress_robots_index":"","footnotes":""},"categories":[51],"tags":[],"class_list":["post-18894","post","type-post","status-publish","format-standard","has-post-thumbnail","hentry","category-musica"],"_links":{"self":[{"href":"https:\/\/mussicom.com\/noticias\/wp-json\/wp\/v2\/posts\/18894","targetHints":{"allow":["GET"]}}],"collection":[{"href":"https:\/\/mussicom.com\/noticias\/wp-json\/wp\/v2\/posts"}],"about":[{"href":"https:\/\/mussicom.com\/noticias\/wp-json\/wp\/v2\/types\/post"}],"author":[{"embeddable":true,"href":"https:\/\/mussicom.com\/noticias\/wp-json\/wp\/v2\/users\/5"}],"replies":[{"embeddable":true,"href":"https:\/\/mussicom.com\/noticias\/wp-json\/wp\/v2\/comments?post=18894"}],"version-history":[{"count":0,"href":"https:\/\/mussicom.com\/noticias\/wp-json\/wp\/v2\/posts\/18894\/revisions"}],"wp:featuredmedia":[{"embeddable":true,"href":"https:\/\/mussicom.com\/noticias\/wp-json\/wp\/v2\/media\/18895"}],"wp:attachment":[{"href":"https:\/\/mussicom.com\/noticias\/wp-json\/wp\/v2\/media?parent=18894"}],"wp:term":[{"taxonomy":"category","embeddable":true,"href":"https:\/\/mussicom.com\/noticias\/wp-json\/wp\/v2\/categories?post=18894"},{"taxonomy":"post_tag","embeddable":true,"href":"https:\/\/mussicom.com\/noticias\/wp-json\/wp\/v2\/tags?post=18894"}],"curies":[{"name":"wp","href":"https:\/\/api.w.org\/{rel}","templated":true}]}}