{"id":18888,"date":"2025-05-08T15:51:47","date_gmt":"2025-05-08T18:51:47","guid":{"rendered":"https:\/\/mussicom.com\/o-tipo-de-papa-que-faz-bem-a-igreja-catolica\/"},"modified":"2025-05-08T15:51:47","modified_gmt":"2025-05-08T18:51:47","slug":"o-tipo-de-papa-que-faz-bem-a-igreja-catolica","status":"publish","type":"post","link":"https:\/\/mussicom.com\/noticias\/o-tipo-de-papa-que-faz-bem-a-igreja-catolica\/","title":{"rendered":"O tipo de papa que faz bem \u00e0 Igreja Cat\u00f3lica"},"content":{"rendered":"<p> <br \/>\n<\/p>\n<div>\n<p class=\"postParagraph_post-paragraph-innerHtml__Q5vwc\">H\u00e1 dois tipos de papa, e s\u00f3 dois, que os especialistas esperavam que sa\u00edsse do conclave de cardeais reunidos em Roma para eleger o sucessor de Francisco I. Dentro da mendic\u00e2ncia mental que governa hoje a maior parte do pensamento humano, o novo papa ou ser\u00e1 uma maravilha ou um troglodita empenhado em devolver a Igreja Cat\u00f3lica \u00e0 baixa Idade M\u00e9dia.<\/p>\n<p class=\"postParagraph_post-paragraph-innerHtml__Q5vwc\"><strong>Whatsapp: entre no grupo e receba as colunas de J.R.Guzzo<\/strong><\/p>\n<p class=\"postParagraph_post-paragraph__juWZN\">Um poss\u00edvel modelo dois-em-um, quer dizer, algo entre os dois extremos, n\u00e3o estava sendo considerado \u2013 imagina-se que iria pender para um lado ou para outro como o papa Francisco, que acabou virando, vejam s\u00f3, um admirador de Lula, dos \u201cpalestinos\u201d e da Nicar\u00e1gua.<\/p>\n<blockquote class=\"postQuote_post-quote-container__KXTpH\">\n<div class=\"postQuote_post-quote-content__wp4c4\">\n<p>Muitos dos comandantes da hierarquia cat\u00f3lica, e um n\u00famero ainda maior de subordinados, s\u00e3o francamente a favor do suic\u00eddio \u2013 continuam empolgados com a ideia de que a Igreja deve abandonar suas preocupa\u00e7\u00f5es com a religi\u00e3o, e liderar a hoste global do socialismo<\/p>\n<\/div>\n<\/blockquote>\n<p class=\"postParagraph_post-paragraph__juWZN\">Naturalmente, no mundo das coisas, h\u00e1 considera\u00e7\u00f5es que n\u00e3o combinam com o que se diz no mundo das ideias. Uma delas levanta a possibilidade que os cardeais, n\u00e3o tendo lido as an\u00e1lises que explicam o que h\u00e1 por dentro das suas cabe\u00e7as, acabassem escolhendo o novo papa com base no puro e simples pragmatismo \u2013 ou o que presumem ser o caminho mais racional para a Igreja.<\/p>\n<p class=\"postParagraph_post-paragraph__juWZN\">Muitos dos comandantes da hierarquia cat\u00f3lica, e um n\u00famero ainda maior de subordinados, s\u00e3o francamente a favor do suic\u00eddio \u2013 continuam empolgados com a ideia de que a Igreja deve abandonar suas preocupa\u00e7\u00f5es com a religi\u00e3o, e liderar a hoste global do socialismo-igualdade-inclus\u00e3o-mudan\u00e7a do clima-linguagem neutra e o resto que voc\u00ea sabe. Mas era poss\u00edvel que o instinto de sobreviv\u00eancia que levou a Igreja Cat\u00f3lica a sobreviver por 2000 anos voltasse a se manifestar e o conclave acabasse se inclinando para a solu\u00e7\u00e3o mais l\u00f3gica.<\/p>\n<p class=\"postParagraph_post-paragraph__juWZN\">O que seria a solu\u00e7\u00e3o mais racional nas atuais circunst\u00e2ncias? Seria optar por uma mudan\u00e7a de rumos capaz de levar a Igreja a agir na defesa objetiva dos pr\u00f3prios interesses \u2013 que s\u00e3o, no fundo, os interesses da f\u00e9 cat\u00f3lica. Teria, para isso, de voltar a falar em religi\u00e3o para os seus fi\u00e9is; teria, de novo, de ser o centro da sua vida espiritual.<\/p>\n<p class=\"postParagraph_post-paragraph__juWZN\">Ou faz isso, e recupera a sua for\u00e7a moral, ou perder\u00e1 cada vez mais a sua relev\u00e2ncia. Continuar\u00e1 sendo engolida pelos cultos evang\u00e9licos, como ocorre hoje no Brasil. Ou pelo islamismo, como ocorre no resto do mundo. Ou, ainda, pela indiferen\u00e7a das pessoas diante de considera\u00e7\u00f5es religiosas.<\/p>\n<p class=\"postParagraph_post-paragraph__juWZN\">A Igreja Cat\u00f3lica, h\u00e1 cerca de 50 anos, decidiu tornar-se cada vez mais uma organiza\u00e7\u00e3o pol\u00edtica \u2013 e h\u00e1 50 anos vem perdendo terreno perante as outras profiss\u00f5es de f\u00e9. O desastre, a\u00ed, foi esquecer que o catolicismo \u00e9 algo que as pessoas procuram para responder \u00e0s demandas da alma, e n\u00e3o para obter instru\u00e7\u00f5es de conduta pol\u00edtica. O cidad\u00e3o n\u00e3o vai \u00e0 missa para que o padre lhe diga em quem deve votar, ou lhe exiba uma bandeira da Palestina.<\/p>\n<div class=\"postViewMore_post-view-more-container___5wai\" data-mrf-recirculation=\"Post - Veja tamb\u00e9m\">\n<p class=\"gp-styles-module-size-small-afeYRa gp-styles-module-font-family2-afeYRa gp-styles-module-color-secondary-afeYRa gp-styles-module-weight-bold-afeYRa\">VEJA TAMB\u00c9M:<\/p>\n<ul class=\"postViewMore_post-view-more-list__CU_CE\">\n<li class=\"postViewMore_post-view-more-item__2MzRb\"><span class=\"postViewMore_post-view-more-link-icon___stPC\"><svg xmlns=\"http:\/\/www.w3.org\/2000\/svg\" width=\"16\" height=\"16\" viewbox=\"0 0 16 16\"><rect width=\"16\" height=\"16\" fill=\"none\"\/><g transform=\"translate(3 3)\"><path d=\"M22.5,15l3.4,3.4-3.4,3.4\" transform=\"translate(-15.896 -11.793)\" fill=\"none\" stroke=\"#717171\" stroke-linecap=\"round\" stroke-width=\"1.4\"\/><path d=\"M6,6v4.2a2.452,2.452,0,0,0,2.5,2.4H16\" transform=\"translate(-6 -6)\" fill=\"none\" stroke=\"#717171\" stroke-linecap=\"round\" stroke-width=\"1.4\"\/><\/g><\/svg><\/span><span class=\"postViewMore_post-view-more-link-text__hO_kM\">Golpe no INSS: roubar dos velhinhos \u00e9 desculp\u00e1vel quando o governo \u00e9 do PT<\/span><\/li>\n<li class=\"postViewMore_post-view-more-item__2MzRb\"><span class=\"postViewMore_post-view-more-link-icon___stPC\"><svg xmlns=\"http:\/\/www.w3.org\/2000\/svg\" width=\"16\" height=\"16\" viewbox=\"0 0 16 16\"><rect width=\"16\" height=\"16\" fill=\"none\"\/><g transform=\"translate(3 3)\"><path d=\"M22.5,15l3.4,3.4-3.4,3.4\" transform=\"translate(-15.896 -11.793)\" fill=\"none\" stroke=\"#717171\" stroke-linecap=\"round\" stroke-width=\"1.4\"\/><path d=\"M6,6v4.2a2.452,2.452,0,0,0,2.5,2.4H16\" transform=\"translate(-6 -6)\" fill=\"none\" stroke=\"#717171\" stroke-linecap=\"round\" stroke-width=\"1.4\"\/><\/g><\/svg><\/span><span class=\"postViewMore_post-view-more-link-text__hO_kM\">Uni\u00e3o Progressista n\u00e3o une ningu\u00e9m e a \u00faltima coisa em que pensa \u00e9 o progresso<\/span><\/li>\n<\/ul>\n<\/div>\n<p class=\"postParagraph_post-paragraph__juWZN\">N\u00e3o quer receber aulas sobre o que tem de achar sobre os \u00edndios ianom\u00e2mis ou o uso de \u201cagrot\u00f3xicos\u201d. N\u00e3o est\u00e1 interessado no que o vig\u00e1rio acha de Lula, das \u201cmudan\u00e7as do clima\u201d ou da \u201creforma agr\u00e1ria.\u201d Quer tratar do seu esp\u00edrito, do seu senso moral e dos seus valores crist\u00e3os.<\/p>\n<p class=\"postParagraph_post-paragraph__juWZN\">Um papa que vai faz bem \u00e0 Igreja \u00e9 o papa que conduz o catolicismo de volta \u00e0 sua ess\u00eancia \u2013 f\u00e9 religiosa, valores \u00e9ticos, comportamento como ser humano. A preocupa\u00e7\u00e3o central n\u00e3o tem de ser a necessidade constante de \u201cmudan\u00e7a\u201d. Por acaso os mu\u00e7ulmanos querem mudar alguma coisa? A Igreja Cat\u00f3lica, ao contr\u00e1rio do que acham os \u201cprogressistas\u201d, n\u00e3o tem problemas por ser \u201cconservadora\u201d; suas car\u00eancias de hoje n\u00e3o t\u00eam nada a ver com o que os padres dizem ou deixam de dizer sobre a direita ou a taxa de juros. Seus problemas, todos eles, v\u00eam do fato de que o catolicismo vem se transformando, cada vez mais, em algo in\u00fatil para vida do esp\u00edrito.<\/p>\n<\/div>\n<p><br \/>\n<br \/>Fonte: <a href=\"https:\/\/www.gazetadopovo.com.br\/vozes\/jr-guzzo\/o-tipo-de-papa-que-faz-bem-a-igreja-catolica\/\">Revista Oeste<\/a><\/p>\n","protected":false},"excerpt":{"rendered":"<p>H\u00e1 dois tipos de papa, e s\u00f3 dois, que os especialistas esperavam que sa\u00edsse do conclave de cardeais reunidos em Roma para eleger o sucessor de Francisco I. Dentro da mendic\u00e2ncia mental que governa hoje a maior parte do pensamento humano, o novo papa ou ser\u00e1 uma maravilha ou um troglodita empenhado em devolver a [&hellip;]<\/p>\n","protected":false},"author":5,"featured_media":18889,"comment_status":"open","ping_status":"open","sticky":false,"template":"","format":"standard","meta":{"_seopress_robots_primary_cat":"","_seopress_titles_title":"","_seopress_titles_desc":"","_seopress_robots_index":"","footnotes":""},"categories":[1],"tags":[],"class_list":["post-18888","post","type-post","status-publish","format-standard","has-post-thumbnail","hentry","category-ultimas-noticias"],"_links":{"self":[{"href":"https:\/\/mussicom.com\/noticias\/wp-json\/wp\/v2\/posts\/18888","targetHints":{"allow":["GET"]}}],"collection":[{"href":"https:\/\/mussicom.com\/noticias\/wp-json\/wp\/v2\/posts"}],"about":[{"href":"https:\/\/mussicom.com\/noticias\/wp-json\/wp\/v2\/types\/post"}],"author":[{"embeddable":true,"href":"https:\/\/mussicom.com\/noticias\/wp-json\/wp\/v2\/users\/5"}],"replies":[{"embeddable":true,"href":"https:\/\/mussicom.com\/noticias\/wp-json\/wp\/v2\/comments?post=18888"}],"version-history":[{"count":0,"href":"https:\/\/mussicom.com\/noticias\/wp-json\/wp\/v2\/posts\/18888\/revisions"}],"wp:featuredmedia":[{"embeddable":true,"href":"https:\/\/mussicom.com\/noticias\/wp-json\/wp\/v2\/media\/18889"}],"wp:attachment":[{"href":"https:\/\/mussicom.com\/noticias\/wp-json\/wp\/v2\/media?parent=18888"}],"wp:term":[{"taxonomy":"category","embeddable":true,"href":"https:\/\/mussicom.com\/noticias\/wp-json\/wp\/v2\/categories?post=18888"},{"taxonomy":"post_tag","embeddable":true,"href":"https:\/\/mussicom.com\/noticias\/wp-json\/wp\/v2\/tags?post=18888"}],"curies":[{"name":"wp","href":"https:\/\/api.w.org\/{rel}","templated":true}]}}